{"id":11167,"date":"2024-08-29T12:14:19","date_gmt":"2024-08-29T12:14:19","guid":{"rendered":"https:\/\/centros.uepb.edu.br\/ccbsa\/?p=11167"},"modified":"2024-08-29T12:14:19","modified_gmt":"2024-08-29T12:14:19","slug":"campus-v-celebra-18-anos-de-fundacao-com-exposicao-fotografica-e-iniciativa-de-prevencao-a-violencia-contra-as-mulheres-2","status":"publish","type":"post","link":"https:\/\/centros.uepb.edu.br\/ccbsa\/campus-v-celebra-18-anos-de-fundacao-com-exposicao-fotografica-e-iniciativa-de-prevencao-a-violencia-contra-as-mulheres-2\/","title":{"rendered":"C\u00e2mpus V celebra 18 anos de funda\u00e7\u00e3o com exposi\u00e7\u00e3o fotogr\u00e1fica e iniciativa de preven\u00e7\u00e3o \u00e0 viol\u00eancia contra as mulheres"},"content":{"rendered":"\n\t\t<style type=\"text\/css\">\n\t\t\t#gallery-1 {\n\t\t\t\tmargin: auto;\n\t\t\t}\n\t\t\t#gallery-1 .gallery-item {\n\t\t\t\tfloat: left;\n\t\t\t\tmargin-top: 10px;\n\t\t\t\ttext-align: center;\n\t\t\t\twidth: 33%;\n\t\t\t}\n\t\t\t#gallery-1 img {\n\t\t\t\tborder: 2px solid #cfcfcf;\n\t\t\t}\n\t\t\t#gallery-1 .gallery-caption {\n\t\t\t\tmargin-left: 0;\n\t\t\t}\n\t\t\t\/* see gallery_shortcode() in wp-includes\/media.php *\/\n\t\t<\/style>\n\t\t<div id='gallery-1' class='gallery galleryid-11167 gallery-columns-3 gallery-size-full'><dl class='gallery-item'>\n\t\t\t<dt class='gallery-icon landscape'>\n\t\t\t\t<a href='https:\/\/centros.uepb.edu.br\/ccbsa\/files\/2024\/08\/WhatsApp-Image-2024-08-29-at-08.07.30.jpeg'><img loading=\"lazy\" decoding=\"async\" width=\"1200\" height=\"680\" src=\"https:\/\/centros.uepb.edu.br\/ccbsa\/files\/2024\/08\/WhatsApp-Image-2024-08-29-at-08.07.30.jpeg\" class=\"attachment-full size-full\" alt=\"\" srcset=\"https:\/\/centros.uepb.edu.br\/ccbsa\/files\/2024\/08\/WhatsApp-Image-2024-08-29-at-08.07.30.jpeg 1200w, https:\/\/centros.uepb.edu.br\/ccbsa\/files\/2024\/08\/WhatsApp-Image-2024-08-29-at-08.07.30-300x170.jpeg 300w, https:\/\/centros.uepb.edu.br\/ccbsa\/files\/2024\/08\/WhatsApp-Image-2024-08-29-at-08.07.30-1120x635.jpeg 1120w\" sizes=\"auto, (max-width: 1200px) 100vw, 1200px\" \/><\/a>\n\t\t\t<\/dt><\/dl><dl class='gallery-item'>\n\t\t\t<dt class='gallery-icon landscape'>\n\t\t\t\t<a href='https:\/\/centros.uepb.edu.br\/ccbsa\/files\/2024\/08\/WhatsApp-Image-2024-08-29-at-08.07.29.png'><img loading=\"lazy\" decoding=\"async\" width=\"1200\" height=\"680\" src=\"https:\/\/centros.uepb.edu.br\/ccbsa\/files\/2024\/08\/WhatsApp-Image-2024-08-29-at-08.07.29.png\" class=\"attachment-full size-full\" alt=\"\" srcset=\"https:\/\/centros.uepb.edu.br\/ccbsa\/files\/2024\/08\/WhatsApp-Image-2024-08-29-at-08.07.29.png 1200w, https:\/\/centros.uepb.edu.br\/ccbsa\/files\/2024\/08\/WhatsApp-Image-2024-08-29-at-08.07.29-300x170.png 300w, https:\/\/centros.uepb.edu.br\/ccbsa\/files\/2024\/08\/WhatsApp-Image-2024-08-29-at-08.07.29-1120x635.png 1120w\" sizes=\"auto, (max-width: 1200px) 100vw, 1200px\" \/><\/a>\n\t\t\t<\/dt><\/dl>\n\t\t\t<br style='clear: both' \/>\n\t\t<\/div>\n\n<p>Com o objetivo de celebrar os 18 anos de funda\u00e7\u00e3o, o C\u00e2mpus V da Universidade Estadual da Para\u00edba (UEPB) promove, at\u00e9 o dia 6 de setembro, no hall do pr\u00e9dio do bloco de salas de aula, o lan\u00e7amento da exposi\u00e7\u00e3o fotogr\u00e1fica que retrata a hist\u00f3ria do Centro de Ci\u00eancias Biol\u00f3gicas e Sociais Aplicadas (CCBSA). Com registros realizados pela comunidade acad\u00eamica e Coordenadoria de Comunica\u00e7\u00e3o da UEPB, a exposi\u00e7\u00e3o foi organizada pela arquivista do C\u00e2mpus V, Adriana Lemos, e re\u00fane fotografias de 2006 at\u00e9 o ano de 2024.<\/p>\n<p>Fundado em 22 de junho de 2006, o C\u00e2mpus V da UEPB trouxe para Jo\u00e3o Pessoa os cursos de Arquivologia, Ci\u00eancias Biol\u00f3gicas e Rela\u00e7\u00f5es Internacionais. Tamb\u00e9m nesse per\u00edodo foi instaurado o N\u00facleo de L\u00ednguas do C\u00e2mpus V. Em 2009 foram iniciadas as atividades acad\u00eamicas do Programa de P\u00f3s-gradua\u00e7\u00e3o em Rela\u00e7\u00f5es Internacionais (PPGRI), primeiro da regi\u00e3o do Norte e Nordeste, recrutando estudantes oriundos tanto do interior do estado e de estados vizinhos. Ainda na p\u00f3s-gradua\u00e7\u00e3o, no ano de 2022 o Mestrado Profissional em Sa\u00fade da Fam\u00edlia em Rede Nacional (PROFSA\u00daDE) iniciou as atividades no C\u00e2mpus V. E em 2023, o Programa de P\u00f3s-gradua\u00e7\u00e3o em Gest\u00e3o de Documentos e Governan\u00e7a Arquiv\u00edstica (PPGDARQ) selecionou a primeira turma do referido Programa, que iniciou as atividades em 2024.<\/p>\n<p><strong>Agosto Lil\u00e1s<\/strong><\/p>\n<p>Ainda como parte das programa\u00e7\u00f5es alusivas ao anivers\u00e1rio do CCBSA foi entregue \u00e0 comunidade acad\u00eamica um banco vermelho, que integra as a\u00e7\u00f5es do Agosto Lil\u00e1s, de combate \u00e0 viol\u00eancia contra as mulheres. A instala\u00e7\u00e3o desse banco no CCBSA foi uma propositura da professora do curso de Rela\u00e7\u00f5es Internacionais, Adriana Torres, com apoio da dire\u00e7\u00e3o do CCBSA, Observat\u00f3rio Briggida Louren\u00e7o (OBL) e Associa\u00e7\u00e3o Brasileira das Mulheres das Carreiras Jur\u00eddicas (ABMCJ).<\/p>\n<p>Nesta quarta-feira (28), visitaram o C\u00e2mpus V a presidente da ABMCJ, Carla Felinto, e a assessora da reitoria e integrante do OBL, Terl\u00facia Silva, que tem acompanhado as a\u00e7\u00f5es realizadas nesse m\u00eas da conscientiza\u00e7\u00e3o pelo fim da viol\u00eancia contra as mulheres, e visando o cumprimento da Lei 14.942\/2024, que prev\u00ea a instala\u00e7\u00e3o de um banco vermelho em locais onde h\u00e1 grande circula\u00e7\u00e3o de pessoas, com informa\u00e7\u00f5es de canais de den\u00fancia, e conscientiza\u00e7\u00e3o de pessoas em escolas, universidades, esta\u00e7\u00f5es de metr\u00f4, trens e \u00f4nibus.<\/p>\n<p>Na UEPB, al\u00e9m do C\u00e2mpus V, o C\u00e2mpus III, em Guarabira e o Centro de Ci\u00eancias Jur\u00eddicas do C\u00e2mpus I, promoveram a\u00e7\u00f5es de enfrentamento \u00e0 viol\u00eancia contra as mulheres e instalaram bancos vermelhos com informa\u00e7\u00f5es sobre canais de den\u00fancia.<\/p>\n<p><strong>Texto e fotos:<\/strong> Juliana Marques<\/p>\n","protected":false},"excerpt":{"rendered":"<p>Com o objetivo de celebrar os 18 anos de funda\u00e7\u00e3o, o C\u00e2mpus V da Universidade Estadual da Para\u00edba (UEPB) promove, at\u00e9 o dia 6 de setembro, no hall do pr\u00e9dio do bloco de salas de aula, o lan\u00e7amento da exposi\u00e7\u00e3o fotogr\u00e1fica que retrata a hist\u00f3ria do Centro de Ci\u00eancias Biol\u00f3gicas e Sociais Aplicadas (CCBSA). Com <a class=\"leiamais\" href=\"https:\/\/centros.uepb.edu.br\/ccbsa\/campus-v-celebra-18-anos-de-fundacao-com-exposicao-fotografica-e-iniciativa-de-prevencao-a-violencia-contra-as-mulheres-2\/\">Leia Mais&#8230;<\/a><\/p>\n","protected":false},"author":8,"featured_media":11169,"comment_status":"closed","ping_status":"closed","sticky":false,"template":"","format":"standard","meta":{"footnotes":""},"categories":[3,11],"tags":[],"class_list":["post-11167","post","type-post","status-publish","format-standard","has-post-thumbnail","hentry","category-noticias","category-noticias-destaque-img"],"jetpack_featured_media_url":"https:\/\/centros.uepb.edu.br\/ccbsa\/files\/2024\/08\/WhatsApp-Image-2024-08-29-at-08.07.30.jpeg","_links":{"self":[{"href":"https:\/\/centros.uepb.edu.br\/ccbsa\/wp-json\/wp\/v2\/posts\/11167","targetHints":{"allow":["GET"]}}],"collection":[{"href":"https:\/\/centros.uepb.edu.br\/ccbsa\/wp-json\/wp\/v2\/posts"}],"about":[{"href":"https:\/\/centros.uepb.edu.br\/ccbsa\/wp-json\/wp\/v2\/types\/post"}],"author":[{"embeddable":true,"href":"https:\/\/centros.uepb.edu.br\/ccbsa\/wp-json\/wp\/v2\/users\/8"}],"replies":[{"embeddable":true,"href":"https:\/\/centros.uepb.edu.br\/ccbsa\/wp-json\/wp\/v2\/comments?post=11167"}],"version-history":[{"count":0,"href":"https:\/\/centros.uepb.edu.br\/ccbsa\/wp-json\/wp\/v2\/posts\/11167\/revisions"}],"wp:featuredmedia":[{"embeddable":true,"href":"https:\/\/centros.uepb.edu.br\/ccbsa\/wp-json\/wp\/v2\/media\/11169"}],"wp:attachment":[{"href":"https:\/\/centros.uepb.edu.br\/ccbsa\/wp-json\/wp\/v2\/media?parent=11167"}],"wp:term":[{"taxonomy":"category","embeddable":true,"href":"https:\/\/centros.uepb.edu.br\/ccbsa\/wp-json\/wp\/v2\/categories?post=11167"},{"taxonomy":"post_tag","embeddable":true,"href":"https:\/\/centros.uepb.edu.br\/ccbsa\/wp-json\/wp\/v2\/tags?post=11167"}],"curies":[{"name":"wp","href":"https:\/\/api.w.org\/{rel}","templated":true}]}}