{"id":11146,"date":"2024-08-27T21:25:00","date_gmt":"2024-08-27T21:25:00","guid":{"rendered":"https:\/\/centros.uepb.edu.br\/ccbsa\/?p=11146"},"modified":"2024-08-27T21:29:53","modified_gmt":"2024-08-27T21:29:53","slug":"campus-v-celebra-18-anos-de-fundacao-com-exposicao-fotografica-e-iniciativa-de-prevencao-a-violencia-contra-as-mulheres","status":"publish","type":"post","link":"https:\/\/centros.uepb.edu.br\/ccbsa\/campus-v-celebra-18-anos-de-fundacao-com-exposicao-fotografica-e-iniciativa-de-prevencao-a-violencia-contra-as-mulheres\/","title":{"rendered":"C\u00e2mpus V celebra 18 anos de funda\u00e7\u00e3o com exposi\u00e7\u00e3o fotogr\u00e1fica e iniciativa de preven\u00e7\u00e3o \u00e0 viol\u00eancia contra as mulheres"},"content":{"rendered":"\n\t\t<style type=\"text\/css\">\n\t\t\t#gallery-1 {\n\t\t\t\tmargin: auto;\n\t\t\t}\n\t\t\t#gallery-1 .gallery-item {\n\t\t\t\tfloat: left;\n\t\t\t\tmargin-top: 10px;\n\t\t\t\ttext-align: center;\n\t\t\t\twidth: 33%;\n\t\t\t}\n\t\t\t#gallery-1 img {\n\t\t\t\tborder: 2px solid #cfcfcf;\n\t\t\t}\n\t\t\t#gallery-1 .gallery-caption {\n\t\t\t\tmargin-left: 0;\n\t\t\t}\n\t\t\t\/* see gallery_shortcode() in wp-includes\/media.php *\/\n\t\t<\/style>\n\t\t<div id='gallery-1' class='gallery galleryid-11146 gallery-columns-3 gallery-size-full'><dl class='gallery-item'>\n\t\t\t<dt class='gallery-icon landscape'>\n\t\t\t\t<a href='https:\/\/centros.uepb.edu.br\/ccbsa\/files\/2024\/08\/IMG_4875.png'><img loading=\"lazy\" decoding=\"async\" width=\"1200\" height=\"680\" src=\"https:\/\/centros.uepb.edu.br\/ccbsa\/files\/2024\/08\/IMG_4875.png\" class=\"attachment-full size-full\" alt=\"\" srcset=\"https:\/\/centros.uepb.edu.br\/ccbsa\/files\/2024\/08\/IMG_4875.png 1200w, https:\/\/centros.uepb.edu.br\/ccbsa\/files\/2024\/08\/IMG_4875-300x170.png 300w, https:\/\/centros.uepb.edu.br\/ccbsa\/files\/2024\/08\/IMG_4875-1120x635.png 1120w\" sizes=\"auto, (max-width: 1200px) 100vw, 1200px\" \/><\/a>\n\t\t\t<\/dt><\/dl><dl class='gallery-item'>\n\t\t\t<dt class='gallery-icon landscape'>\n\t\t\t\t<a href='https:\/\/centros.uepb.edu.br\/ccbsa\/files\/2024\/08\/WhatsApp-Image-2024-08-27-at-16.48.07-scaled.jpeg'><img loading=\"lazy\" decoding=\"async\" width=\"2560\" height=\"1440\" src=\"https:\/\/centros.uepb.edu.br\/ccbsa\/files\/2024\/08\/WhatsApp-Image-2024-08-27-at-16.48.07-scaled.jpeg\" class=\"attachment-full size-full\" alt=\"\" srcset=\"https:\/\/centros.uepb.edu.br\/ccbsa\/files\/2024\/08\/WhatsApp-Image-2024-08-27-at-16.48.07-scaled.jpeg 2560w, https:\/\/centros.uepb.edu.br\/ccbsa\/files\/2024\/08\/WhatsApp-Image-2024-08-27-at-16.48.07-300x169.jpeg 300w, https:\/\/centros.uepb.edu.br\/ccbsa\/files\/2024\/08\/WhatsApp-Image-2024-08-27-at-16.48.07-1536x864.jpeg 1536w, https:\/\/centros.uepb.edu.br\/ccbsa\/files\/2024\/08\/WhatsApp-Image-2024-08-27-at-16.48.07-2048x1152.jpeg 2048w, https:\/\/centros.uepb.edu.br\/ccbsa\/files\/2024\/08\/WhatsApp-Image-2024-08-27-at-16.48.07-1120x630.jpeg 1120w\" sizes=\"auto, (max-width: 2560px) 100vw, 2560px\" \/><\/a>\n\t\t\t<\/dt><\/dl><dl class='gallery-item'>\n\t\t\t<dt class='gallery-icon landscape'>\n\t\t\t\t<a href='https:\/\/centros.uepb.edu.br\/ccbsa\/files\/2024\/08\/Inauguracao-do-banco-vermelho-1.png'><img loading=\"lazy\" decoding=\"async\" width=\"1080\" height=\"1080\" src=\"https:\/\/centros.uepb.edu.br\/ccbsa\/files\/2024\/08\/Inauguracao-do-banco-vermelho-1.png\" class=\"attachment-full size-full\" alt=\"\" srcset=\"https:\/\/centros.uepb.edu.br\/ccbsa\/files\/2024\/08\/Inauguracao-do-banco-vermelho-1.png 1080w, https:\/\/centros.uepb.edu.br\/ccbsa\/files\/2024\/08\/Inauguracao-do-banco-vermelho-1-300x300.png 300w, https:\/\/centros.uepb.edu.br\/ccbsa\/files\/2024\/08\/Inauguracao-do-banco-vermelho-1-796x796.png 796w\" sizes=\"auto, (max-width: 1080px) 100vw, 1080px\" \/><\/a>\n\t\t\t<\/dt><\/dl><br style=\"clear: both\" \/>\n\t\t<\/div>\n\n<p>Com o objetivo de celebrar os 18 anos de funda\u00e7\u00e3o, o C\u00e2mpus V da Universidade Estadual da Para\u00edba (UEPB) promove nesta quarta-feira (28), no hall do pr\u00e9dio do bloco de salas de aula, o lan\u00e7amento da exposi\u00e7\u00e3o fotogr\u00e1fica que retrata a hist\u00f3ria do Centro de Ci\u00eancias Biol\u00f3gicas e Sociais Aplicadas (CCBSA), e a inaugura\u00e7\u00e3o do banco vermelho que integra as a\u00e7\u00f5es do Agosto Lil\u00e1s, de combate \u00e0 viol\u00eancia contra a mulher.<\/p>\n<p>A exposi\u00e7\u00e3o, que re\u00fane fotografias da assessoria de comunica\u00e7\u00e3o da UEPB, e foi organizada pela arquivista do C\u00e2mpus V Adriana Lemos, apresenta alguns registros de eventos, atividades administrativas e acad\u00eamicas do CCBSA desde a funda\u00e7\u00e3o, em 2006, at\u00e9 o ano de 2024. A mostra ficar\u00e1 dispon\u00edvel para a visita da comunidade acad\u00eamica at\u00e9 o dia 6 de setembro.<\/p>\n<p>J\u00e1 a inaugura\u00e7\u00e3o do banco vermelho, foi uma propositura da professora do curso de Rela\u00e7\u00f5es Internacionais Adriana Torres, com apoio da dire\u00e7\u00e3o do CCBSA, Observat\u00f3rio Briggida Louren\u00e7o e Associa\u00e7\u00e3o Brasileira das Mulheres das Carreiras Jur\u00eddicas (ABMCJ), ser\u00e1 realizada \u00e0s 10h. Essa iniciativa integra a campanha \u201cAgosto Lil\u00e1s\u201d, que \u00e9 o m\u00eas da conscientiza\u00e7\u00e3o pelo fim da viol\u00eancia contra a mulher, e visa o cumprimento da Lei 14.942\/2024, que prev\u00ea a instala\u00e7\u00e3o de um banco vermelho em locais onde h\u00e1 grande circula\u00e7\u00e3o de pessoas, com informa\u00e7\u00f5es de canais de den\u00fancia, e conscientiza\u00e7\u00e3o de pessoas em escolas, universidades, esta\u00e7\u00f5es de metr\u00f4, trens e \u00f4nibus.<\/p>\n<p><strong>Hist\u00f3ria do C\u00e2mpus de Jo\u00e3o Pessoa<\/strong><\/p>\n<p>Como parte do projeto de expans\u00e3o do ensino superior, com a\u00e7\u00e3o complementar para o desenvolvimento educacional do Estado da Para\u00edba, a UEPB criou o C\u00e2mpus V, em Jo\u00e3o Pessoa, em 22 de junho de 2006. A aula inaugural do C\u00e2mpus V ocorreu em 28 de agosto de 2006, com a palestra \u201cA Na\u00e7\u00e3o brasileira\u201d, sobre a fun\u00e7\u00e3o social da universidade p\u00fablica, proferida pelo professor doutor Manoel Domingos Neto, consultor da institui\u00e7\u00e3o e ex-vice-presidente do Conselho Nacional de Pesquisa (CNPq). Nessa \u00e9poca, o Centro de Ci\u00eancias Biol\u00f3gicas e Sociais Aplicadas passou a oferecer cursos de Arquivologia, Ci\u00eancias Biol\u00f3gicas e Rela\u00e7\u00f5es Internacionais. Tamb\u00e9m nesse per\u00edodo foi instaurado o N\u00facleo de L\u00ednguas do C\u00e2mpus V.<\/p>\n<p>Em 2009 foram iniciadas atividades acad\u00eamicas do Programa de P\u00f3s-Gradua\u00e7\u00e3o em Rela\u00e7\u00f5es Internacionais (PPGRI), primeiro da regi\u00e3o do Norte e Nordeste, recrutando alunos oriundos tanto do interior do estado, como tamb\u00e9m de estados vizinhos. Ainda na p\u00f3s-gradua\u00e7\u00e3o, no ano de 2022 o Mestrado Profissional em Sa\u00fade da Fam\u00edlia em Rede Nacional (PROFSA\u00daDE) iniciou as atividades no C\u00e2mpus V. E em 2023, o Programa de P\u00f3s-gradua\u00e7\u00e3o em Gest\u00e3o de Documentos e Governan\u00e7a Arquiv\u00edstica (PPGDARQ) selecionou a primeira turma do referido Programa.<\/p>\n<p><strong>Texto:<\/strong> Juliana Marques.<\/p>\n<p>&nbsp;<\/p>\n","protected":false},"excerpt":{"rendered":"<p>Com o objetivo de celebrar os 18 anos de funda\u00e7\u00e3o, o C\u00e2mpus V da Universidade Estadual da Para\u00edba (UEPB) promove nesta quarta-feira (28), no hall do pr\u00e9dio do bloco de salas de aula, o lan\u00e7amento da exposi\u00e7\u00e3o fotogr\u00e1fica que retrata a hist\u00f3ria do Centro de Ci\u00eancias Biol\u00f3gicas e Sociais Aplicadas (CCBSA), e a inaugura\u00e7\u00e3o do <a class=\"leiamais\" href=\"https:\/\/centros.uepb.edu.br\/ccbsa\/campus-v-celebra-18-anos-de-fundacao-com-exposicao-fotografica-e-iniciativa-de-prevencao-a-violencia-contra-as-mulheres\/\">Leia Mais&#8230;<\/a><\/p>\n","protected":false},"author":8,"featured_media":11147,"comment_status":"closed","ping_status":"closed","sticky":false,"template":"","format":"standard","meta":{"footnotes":""},"categories":[3,11],"tags":[],"class_list":["post-11146","post","type-post","status-publish","format-standard","has-post-thumbnail","hentry","category-noticias","category-noticias-destaque-img"],"jetpack_featured_media_url":"https:\/\/centros.uepb.edu.br\/ccbsa\/files\/2024\/08\/IMG_4875.png","_links":{"self":[{"href":"https:\/\/centros.uepb.edu.br\/ccbsa\/wp-json\/wp\/v2\/posts\/11146","targetHints":{"allow":["GET"]}}],"collection":[{"href":"https:\/\/centros.uepb.edu.br\/ccbsa\/wp-json\/wp\/v2\/posts"}],"about":[{"href":"https:\/\/centros.uepb.edu.br\/ccbsa\/wp-json\/wp\/v2\/types\/post"}],"author":[{"embeddable":true,"href":"https:\/\/centros.uepb.edu.br\/ccbsa\/wp-json\/wp\/v2\/users\/8"}],"replies":[{"embeddable":true,"href":"https:\/\/centros.uepb.edu.br\/ccbsa\/wp-json\/wp\/v2\/comments?post=11146"}],"version-history":[{"count":0,"href":"https:\/\/centros.uepb.edu.br\/ccbsa\/wp-json\/wp\/v2\/posts\/11146\/revisions"}],"wp:featuredmedia":[{"embeddable":true,"href":"https:\/\/centros.uepb.edu.br\/ccbsa\/wp-json\/wp\/v2\/media\/11147"}],"wp:attachment":[{"href":"https:\/\/centros.uepb.edu.br\/ccbsa\/wp-json\/wp\/v2\/media?parent=11146"}],"wp:term":[{"taxonomy":"category","embeddable":true,"href":"https:\/\/centros.uepb.edu.br\/ccbsa\/wp-json\/wp\/v2\/categories?post=11146"},{"taxonomy":"post_tag","embeddable":true,"href":"https:\/\/centros.uepb.edu.br\/ccbsa\/wp-json\/wp\/v2\/tags?post=11146"}],"curies":[{"name":"wp","href":"https:\/\/api.w.org\/{rel}","templated":true}]}}