{"id":11138,"date":"2024-08-26T18:11:27","date_gmt":"2024-08-26T18:11:27","guid":{"rendered":"https:\/\/centros.uepb.edu.br\/ccbsa\/?p=11138"},"modified":"2024-08-26T19:50:17","modified_gmt":"2024-08-26T19:50:17","slug":"esperancar-freireano-e-tema-de-espetaculo-apresentado-no-campus-v-e-promovido-pelo-projeto-farpas","status":"publish","type":"post","link":"https:\/\/centros.uepb.edu.br\/ccbsa\/esperancar-freireano-e-tema-de-espetaculo-apresentado-no-campus-v-e-promovido-pelo-projeto-farpas\/","title":{"rendered":"Esperan\u00e7ar freireano \u00e9 tema de espet\u00e1culo apresentado no C\u00e2mpus V e promovido pelo Projeto Farpas"},"content":{"rendered":"\n\t\t<style type=\"text\/css\">\n\t\t\t#gallery-1 {\n\t\t\t\tmargin: auto;\n\t\t\t}\n\t\t\t#gallery-1 .gallery-item {\n\t\t\t\tfloat: left;\n\t\t\t\tmargin-top: 10px;\n\t\t\t\ttext-align: center;\n\t\t\t\twidth: 33%;\n\t\t\t}\n\t\t\t#gallery-1 img {\n\t\t\t\tborder: 2px solid #cfcfcf;\n\t\t\t}\n\t\t\t#gallery-1 .gallery-caption {\n\t\t\t\tmargin-left: 0;\n\t\t\t}\n\t\t\t\/* see gallery_shortcode() in wp-includes\/media.php *\/\n\t\t<\/style>\n\t\t<div id='gallery-1' class='gallery galleryid-11138 gallery-columns-3 gallery-size-full'><dl class='gallery-item'>\n\t\t\t<dt class='gallery-icon landscape'>\n\t\t\t\t<a href='https:\/\/centros.uepb.edu.br\/ccbsa\/files\/2024\/08\/IMG_0708.png'><img loading=\"lazy\" decoding=\"async\" width=\"1200\" height=\"680\" src=\"https:\/\/centros.uepb.edu.br\/ccbsa\/files\/2024\/08\/IMG_0708.png\" class=\"attachment-full size-full\" alt=\"\" srcset=\"https:\/\/centros.uepb.edu.br\/ccbsa\/files\/2024\/08\/IMG_0708.png 1200w, https:\/\/centros.uepb.edu.br\/ccbsa\/files\/2024\/08\/IMG_0708-300x170.png 300w, https:\/\/centros.uepb.edu.br\/ccbsa\/files\/2024\/08\/IMG_0708-1120x635.png 1120w\" sizes=\"auto, (max-width: 1200px) 100vw, 1200px\" \/><\/a>\n\t\t\t<\/dt><\/dl><dl class='gallery-item'>\n\t\t\t<dt class='gallery-icon landscape'>\n\t\t\t\t<a href='https:\/\/centros.uepb.edu.br\/ccbsa\/files\/2024\/08\/IMG_0718.png'><img loading=\"lazy\" decoding=\"async\" width=\"1200\" height=\"680\" src=\"https:\/\/centros.uepb.edu.br\/ccbsa\/files\/2024\/08\/IMG_0718.png\" class=\"attachment-full size-full\" alt=\"\" srcset=\"https:\/\/centros.uepb.edu.br\/ccbsa\/files\/2024\/08\/IMG_0718.png 1200w, https:\/\/centros.uepb.edu.br\/ccbsa\/files\/2024\/08\/IMG_0718-300x170.png 300w, https:\/\/centros.uepb.edu.br\/ccbsa\/files\/2024\/08\/IMG_0718-1120x635.png 1120w\" sizes=\"auto, (max-width: 1200px) 100vw, 1200px\" \/><\/a>\n\t\t\t<\/dt><\/dl>\n\t\t\t<br style='clear: both' \/>\n\t\t<\/div>\n\n<p>Esperan\u00e7ar, verbo relacionado ao ato de conceber esperan\u00e7a, que na Pedagogia do Oprimido de Paulo Freire ecoa enquanto imperativo existencial e hist\u00f3rico e serve de eixo norteador do espet\u00e1culo teatral \u201cEsperan\u00e7ar incomoda que s\u00f3 a gota\u201d, do grupo Kair\u00f3s, da Escola Municipal Padre Pedro Serr\u00e3o, que foi apresentado no Hall do bloco de salas de aulas do C\u00e2mpus V da Universidade Estadual da Para\u00edba (UEPB), na sexta-feira (23), manh\u00e3 e noite, como uma a\u00e7\u00e3o do Festival de Artes e Participa\u00e7\u00e3o Social (Farpas).<\/p>\n<p>A pe\u00e7a teatral, que mistura m\u00fasica, teatro e intera\u00e7\u00e3o com o p\u00fablico, \u00e9 apresentada por aproximadamente 40 estudantes do 6\u00ba ao 9\u00ba ano do ensino fundamental, suscita reflex\u00f5es sobre pautas sociais, ambientais, pol\u00edticas, desigualdade, viol\u00eancia, educa\u00e7\u00e3o e a import\u00e2ncia do esperan\u00e7ar, sobretudo para jovens da periferia, diante do cen\u00e1rio de car\u00eancias e falta de oportunidades para esta parcela da sociedade.<\/p>\n<p>De acordo com o diretor administrativo da Escola Padre Pedro Serr\u00e3o, professor Elton Farias, o espet\u00e1culo foi concebido a partir do trabalho do professor Fl\u00e1vio Ramos com os alunos do Teatro Kair\u00f3s. O Kair\u00f3s, por sua vez, \u00e9 um dos n\u00facleos do Grupo GOTA (Grupo Organizado de Teatro Amador) que envolve, al\u00e9m de estudantes do pr\u00f3prio Kair\u00f3s, alunos do Teatro Ednaldo do Egypto e discentes da UFPB que fazem parte do Grupo Po\u00e9tica Evocare. A atividade do Kair\u00f3s conta com o apoio nos bastidores tanto da dire\u00e7\u00e3o administrativa quanto da dire\u00e7\u00e3o pedag\u00f3gica, esta na pessoa de Apol\u00f4nia Falc\u00e3o.<\/p>\n<p>A turma de estudantes que integra o Kair\u00f3s tamb\u00e9m \u00e9 respons\u00e1vel pela escrita de partes do espet\u00e1culo, que j\u00e1 foi destaque na Expo Favela, e j\u00e1 foi apresentada em universidades e teatros de Jo\u00e3o Pessoa, Campina Grande, Santa Rita e Recife. Segundo Elton, o Grupo ainda firmou parcerias com o Projeto Cidade da Imagem de Jo\u00e3o Pessoa para consolidar as a\u00e7\u00f5es que devem seguir com uma nova montagem sendo ensaiada para ser apresentada ainda esse ano.<\/p>\n<p>Segundo o coordenador do Farpas, professor Henrique Fran\u00e7a, a parceria com o grupo da Escola Padre Pedro Serr\u00e3o teve in\u00edcio em 2023, e tem rendido bons frutos a partir da articula\u00e7\u00e3o com os diversos grupos que assim como o Farpas, utilizam a arte para provocar a reflex\u00e3o sobre temas de relev\u00e2ncia sociocultural. A apresenta\u00e7\u00e3o da sexta-feira, foi articulada para proporcionar \u00e0 comunidade acad\u00eamica um encontro entre si e com a arte para proporcionar autoconhecimento, valoriza\u00e7\u00e3o do trabalho destes estudantes e reflex\u00f5es sobre temas importantes.<\/p>\n<p>Realizado no C\u00e2mpus V da UEPB desde 2017, o Farpas tem sido realizado no C\u00e2mpus V com diversos formatos diferentes, sempre com express\u00f5es art\u00edsticas, rodas de di\u00e1logo e a\u00e7\u00f5es com o objetivo de possibilitar debates sobre temas de relev\u00e2ncia sociocultural.<\/p>\n<p><strong>Texto e fotos:<\/strong> Juliana Marques.<\/p>\n","protected":false},"excerpt":{"rendered":"<p>Esperan\u00e7ar, verbo relacionado ao ato de conceber esperan\u00e7a, que na Pedagogia do Oprimido de Paulo Freire ecoa enquanto imperativo existencial e hist\u00f3rico e serve de eixo norteador do espet\u00e1culo teatral \u201cEsperan\u00e7ar incomoda que s\u00f3 a gota\u201d, do grupo Kair\u00f3s, da Escola Municipal Padre Pedro Serr\u00e3o, que foi apresentado no Hall do bloco de salas de <a class=\"leiamais\" href=\"https:\/\/centros.uepb.edu.br\/ccbsa\/esperancar-freireano-e-tema-de-espetaculo-apresentado-no-campus-v-e-promovido-pelo-projeto-farpas\/\">Leia Mais&#8230;<\/a><\/p>\n","protected":false},"author":8,"featured_media":11140,"comment_status":"closed","ping_status":"closed","sticky":false,"template":"","format":"standard","meta":{"footnotes":""},"categories":[3,11],"tags":[],"class_list":["post-11138","post","type-post","status-publish","format-standard","has-post-thumbnail","hentry","category-noticias","category-noticias-destaque-img"],"jetpack_featured_media_url":"https:\/\/centros.uepb.edu.br\/ccbsa\/files\/2024\/08\/IMG_0718.png","_links":{"self":[{"href":"https:\/\/centros.uepb.edu.br\/ccbsa\/wp-json\/wp\/v2\/posts\/11138","targetHints":{"allow":["GET"]}}],"collection":[{"href":"https:\/\/centros.uepb.edu.br\/ccbsa\/wp-json\/wp\/v2\/posts"}],"about":[{"href":"https:\/\/centros.uepb.edu.br\/ccbsa\/wp-json\/wp\/v2\/types\/post"}],"author":[{"embeddable":true,"href":"https:\/\/centros.uepb.edu.br\/ccbsa\/wp-json\/wp\/v2\/users\/8"}],"replies":[{"embeddable":true,"href":"https:\/\/centros.uepb.edu.br\/ccbsa\/wp-json\/wp\/v2\/comments?post=11138"}],"version-history":[{"count":0,"href":"https:\/\/centros.uepb.edu.br\/ccbsa\/wp-json\/wp\/v2\/posts\/11138\/revisions"}],"wp:featuredmedia":[{"embeddable":true,"href":"https:\/\/centros.uepb.edu.br\/ccbsa\/wp-json\/wp\/v2\/media\/11140"}],"wp:attachment":[{"href":"https:\/\/centros.uepb.edu.br\/ccbsa\/wp-json\/wp\/v2\/media?parent=11138"}],"wp:term":[{"taxonomy":"category","embeddable":true,"href":"https:\/\/centros.uepb.edu.br\/ccbsa\/wp-json\/wp\/v2\/categories?post=11138"},{"taxonomy":"post_tag","embeddable":true,"href":"https:\/\/centros.uepb.edu.br\/ccbsa\/wp-json\/wp\/v2\/tags?post=11138"}],"curies":[{"name":"wp","href":"https:\/\/api.w.org\/{rel}","templated":true}]}}