{"id":11068,"date":"2024-07-24T19:41:33","date_gmt":"2024-07-24T19:41:33","guid":{"rendered":"https:\/\/centros.uepb.edu.br\/ccbsa\/?p=11068"},"modified":"2024-07-25T14:33:24","modified_gmt":"2024-07-25T14:33:24","slug":"projeto-de-extensao-da-uepb-auxilia-na-formalizacao-de-convenio-com-catadores-de-reciclaveis-de-joao-pessoa","status":"publish","type":"post","link":"https:\/\/centros.uepb.edu.br\/ccbsa\/projeto-de-extensao-da-uepb-auxilia-na-formalizacao-de-convenio-com-catadores-de-reciclaveis-de-joao-pessoa\/","title":{"rendered":"Projeto de Extens\u00e3o da UEPB auxilia na formaliza\u00e7\u00e3o de conv\u00eanio com catadores de recicl\u00e1veis de Jo\u00e3o Pessoa"},"content":{"rendered":"\n\t\t<style type=\"text\/css\">\n\t\t\t#gallery-1 {\n\t\t\t\tmargin: auto;\n\t\t\t}\n\t\t\t#gallery-1 .gallery-item {\n\t\t\t\tfloat: left;\n\t\t\t\tmargin-top: 10px;\n\t\t\t\ttext-align: center;\n\t\t\t\twidth: 33%;\n\t\t\t}\n\t\t\t#gallery-1 img {\n\t\t\t\tborder: 2px solid #cfcfcf;\n\t\t\t}\n\t\t\t#gallery-1 .gallery-caption {\n\t\t\t\tmargin-left: 0;\n\t\t\t}\n\t\t\t\/* see gallery_shortcode() in wp-includes\/media.php *\/\n\t\t<\/style>\n\t\t<div id='gallery-1' class='gallery galleryid-11068 gallery-columns-3 gallery-size-full'><dl class='gallery-item'>\n\t\t\t<dt class='gallery-icon landscape'>\n\t\t\t\t<a href='https:\/\/centros.uepb.edu.br\/ccbsa\/files\/2024\/07\/WhatsApp-Image-2024-07-23-at-11.48.44.jpeg'><img loading=\"lazy\" decoding=\"async\" width=\"1200\" height=\"680\" src=\"https:\/\/centros.uepb.edu.br\/ccbsa\/files\/2024\/07\/WhatsApp-Image-2024-07-23-at-11.48.44.jpeg\" class=\"attachment-full size-full\" alt=\"\" srcset=\"https:\/\/centros.uepb.edu.br\/ccbsa\/files\/2024\/07\/WhatsApp-Image-2024-07-23-at-11.48.44.jpeg 1200w, https:\/\/centros.uepb.edu.br\/ccbsa\/files\/2024\/07\/WhatsApp-Image-2024-07-23-at-11.48.44-300x170.jpeg 300w, https:\/\/centros.uepb.edu.br\/ccbsa\/files\/2024\/07\/WhatsApp-Image-2024-07-23-at-11.48.44-1120x635.jpeg 1120w\" sizes=\"auto, (max-width: 1200px) 100vw, 1200px\" \/><\/a>\n\t\t\t<\/dt><\/dl><dl class='gallery-item'>\n\t\t\t<dt class='gallery-icon landscape'>\n\t\t\t\t<a href='https:\/\/centros.uepb.edu.br\/ccbsa\/files\/2024\/07\/WhatsApp-Image-2024-07-23-at-14.24.56.jpeg'><img loading=\"lazy\" decoding=\"async\" width=\"1200\" height=\"680\" src=\"https:\/\/centros.uepb.edu.br\/ccbsa\/files\/2024\/07\/WhatsApp-Image-2024-07-23-at-14.24.56.jpeg\" class=\"attachment-full size-full\" alt=\"\" srcset=\"https:\/\/centros.uepb.edu.br\/ccbsa\/files\/2024\/07\/WhatsApp-Image-2024-07-23-at-14.24.56.jpeg 1200w, https:\/\/centros.uepb.edu.br\/ccbsa\/files\/2024\/07\/WhatsApp-Image-2024-07-23-at-14.24.56-300x170.jpeg 300w, https:\/\/centros.uepb.edu.br\/ccbsa\/files\/2024\/07\/WhatsApp-Image-2024-07-23-at-14.24.56-1120x635.jpeg 1120w\" sizes=\"auto, (max-width: 1200px) 100vw, 1200px\" \/><\/a>\n\t\t\t<\/dt><\/dl>\n\t\t\t<br style='clear: both' \/>\n\t\t<\/div>\n\n<p>Com mais de dez anos de a\u00e7\u00f5es realizadas na Para\u00edba, o projeto \u201cMobiliza\u00e7\u00e3o, inclus\u00e3o e forma\u00e7\u00e3o de catadores\/as de materiais recicl\u00e1veis da cidade de Jo\u00e3o Pessoa: uma experi\u00eancia necess\u00e1ria\u201d, vinculado ao C\u00e2mpus V da Universidade Estadual da Para\u00edba (UEPB), apoiou mais uma iniciativa desenvolvida em Jo\u00e3o Pessoa junto \u00e0 antiga Empasa e catadores da cooperativa Acordo Verde: a assinatura do conv\u00eanio que formaliza a parceria entre ambos, realizada nesta ter\u00e7a-feira, 23 de julho.<\/p>\n<p>De acordo com a professora F\u00e1tima Ara\u00fajo, que criou o Projeto e acompanha as atividades, a formaliza\u00e7\u00e3o desse conv\u00eanio garante o cumprimento da Lei 9.293 de 2010, que institui o Programa de Beneficiamento de Associa\u00e7\u00f5es e Cooperativas dos Catadores de Materiais Recicl\u00e1veis da Para\u00edba com a separa\u00e7\u00e3o dos res\u00edduos recicl\u00e1veis descartados pelos \u00f3rg\u00e3os e entidades da administra\u00e7\u00e3o p\u00fablica estadual direta e indireta. A docente lembra que o termo deste conv\u00eanio foi constitu\u00eddo a partir do di\u00e1logo com os catadores para garantir melhores condi\u00e7\u00f5es de trabalho.<\/p>\n<p>\u201cFoi feita uma visita t\u00e9cnica para que os catadores reconhecessem as \u00e1reas de coleta. A partir disso, o termo foi constru\u00eddo em di\u00e1logo com eles, assegurando os direitos e deveres de cada parte, dentre eles a determina\u00e7\u00e3o de n\u00e3o haver atravessadores para negocia\u00e7\u00e3o do material recicl\u00e1vel. Al\u00e9m dos res\u00edduos recicl\u00e1veis, estamos orientando-os a implantar uma composteira a partir dos res\u00edduos org\u00e2nicos que encontrarem na feira\u201d, explica a professora F\u00e1tima.<\/p>\n<p>Para a catadora do Acordo Verde, Maria\u00a0Dionnys Oliveira,\u00a0esse acordo estabelecido possibilita um aumento na renda, facilita o trabalho desempenhado por essa classe trabalhadora e proporciona visibilidade a esse grupo de pessoas que atuam com a coleta seletiva. \u201cO que a gente quer \u00e9 que a sociedade olhe para n\u00f3s como seres humanos, pessoas trabalhadoras, pais e m\u00e3es de fam\u00edlia, ent\u00e3o estamos felizes com essa a\u00e7\u00e3o porque al\u00e9m de aumentar nossa renda vai nos ajudar a organizar nosso trabalho\u201d, declara.<\/p>\n<p>De acordo com a gestora ambiental da antiga Empasa, Silvana Alves, a UEPB j\u00e1 \u00e9 parceira do \u00f3rg\u00e3o h\u00e1 muito tempo e esse termo de parceria, que foi concebido a partir da articula\u00e7\u00e3o do Projeto desenvolvido pela UEPB, permitir\u00e1 que os res\u00edduos produzidos, o que se constitui em uma quantidade de 6 toneladas por m\u00eas, passem pela coleta seletiva, triagem, classifica\u00e7\u00e3o, processamento e comercializa\u00e7\u00e3o por meio do trabalho da cooperativa Acordo Verde.<\/p>\n<p>O projeto de extens\u00e3o \u201cMobiliza\u00e7\u00e3o, inclus\u00e3o e forma\u00e7\u00e3o de catadores\/as de materiais recicl\u00e1veis da cidade de Jo\u00e3o Pessoa: uma experi\u00eancia necess\u00e1ria\u201d foi criado com o objetivo de dar apoio \u00e0 formaliza\u00e7\u00e3o e organiza\u00e7\u00e3o das cooperativas, promover a alfabetiza\u00e7\u00e3o e o letramento, oferecer cursos de empreendedorismo e consultoria jur\u00eddica e, assim, possibilitar melhores condi\u00e7\u00f5es de vida para catadores de materiais recicl\u00e1veis da Zona da Mata (Jo\u00e3o Pessoa, Bayeux e Santa Rita).<\/p>\n<p>Al\u00e9m dessas a\u00e7\u00f5es, por meio deste Projeto foram adquiridos Equipamentos de Prote\u00e7\u00e3o Individual (EPIs), balan\u00e7as, prensas, geladeira, fog\u00e3o, carrinhos de coleta, um caminh\u00e3o que auxilia na log\u00edstica da atividade de cooperativas de catadores atendidas pela iniciativa, entre outros itens que visam proporcionar melhorias nas condi\u00e7\u00f5es de trabalho e de vida destes catadores. As atividades do projeto s\u00e3o acompanhadas por docentes da UEPB e discentes do curso de Ci\u00eancias Biol\u00f3gicas do C\u00e2mpus V vinculados ao componente curricular \u201cEduca\u00e7\u00e3o Ambiental\u201d.<\/p>\n<p><strong>Texto:<\/strong><em> Juliana Marques<\/em><br \/>\n<strong>Fotos:<\/strong> <em>R\u00e2mila Ramalho Santos<\/em><\/p>\n","protected":false},"excerpt":{"rendered":"<p>Com mais de dez anos de a\u00e7\u00f5es realizadas na Para\u00edba, o projeto \u201cMobiliza\u00e7\u00e3o, inclus\u00e3o e forma\u00e7\u00e3o de catadores\/as de materiais recicl\u00e1veis da cidade de Jo\u00e3o Pessoa: uma experi\u00eancia necess\u00e1ria\u201d, vinculado ao C\u00e2mpus V da Universidade Estadual da Para\u00edba (UEPB), apoiou mais uma iniciativa desenvolvida em Jo\u00e3o Pessoa junto \u00e0 antiga Empasa e catadores da cooperativa <a class=\"leiamais\" href=\"https:\/\/centros.uepb.edu.br\/ccbsa\/projeto-de-extensao-da-uepb-auxilia-na-formalizacao-de-convenio-com-catadores-de-reciclaveis-de-joao-pessoa\/\">Leia Mais&#8230;<\/a><\/p>\n","protected":false},"author":8,"featured_media":11070,"comment_status":"closed","ping_status":"closed","sticky":false,"template":"","format":"standard","meta":{"footnotes":""},"categories":[3,11],"tags":[],"class_list":["post-11068","post","type-post","status-publish","format-standard","has-post-thumbnail","hentry","category-noticias","category-noticias-destaque-img"],"jetpack_featured_media_url":"https:\/\/centros.uepb.edu.br\/ccbsa\/files\/2024\/07\/WhatsApp-Image-2024-07-23-at-14.24.56.jpeg","_links":{"self":[{"href":"https:\/\/centros.uepb.edu.br\/ccbsa\/wp-json\/wp\/v2\/posts\/11068","targetHints":{"allow":["GET"]}}],"collection":[{"href":"https:\/\/centros.uepb.edu.br\/ccbsa\/wp-json\/wp\/v2\/posts"}],"about":[{"href":"https:\/\/centros.uepb.edu.br\/ccbsa\/wp-json\/wp\/v2\/types\/post"}],"author":[{"embeddable":true,"href":"https:\/\/centros.uepb.edu.br\/ccbsa\/wp-json\/wp\/v2\/users\/8"}],"replies":[{"embeddable":true,"href":"https:\/\/centros.uepb.edu.br\/ccbsa\/wp-json\/wp\/v2\/comments?post=11068"}],"version-history":[{"count":0,"href":"https:\/\/centros.uepb.edu.br\/ccbsa\/wp-json\/wp\/v2\/posts\/11068\/revisions"}],"wp:featuredmedia":[{"embeddable":true,"href":"https:\/\/centros.uepb.edu.br\/ccbsa\/wp-json\/wp\/v2\/media\/11070"}],"wp:attachment":[{"href":"https:\/\/centros.uepb.edu.br\/ccbsa\/wp-json\/wp\/v2\/media?parent=11068"}],"wp:term":[{"taxonomy":"category","embeddable":true,"href":"https:\/\/centros.uepb.edu.br\/ccbsa\/wp-json\/wp\/v2\/categories?post=11068"},{"taxonomy":"post_tag","embeddable":true,"href":"https:\/\/centros.uepb.edu.br\/ccbsa\/wp-json\/wp\/v2\/tags?post=11068"}],"curies":[{"name":"wp","href":"https:\/\/api.w.org\/{rel}","templated":true}]}}