{"id":11044,"date":"2024-07-18T15:08:33","date_gmt":"2024-07-18T15:08:33","guid":{"rendered":"https:\/\/centros.uepb.edu.br\/ccbsa\/?p=11044"},"modified":"2024-07-19T19:33:08","modified_gmt":"2024-07-19T19:33:08","slug":"curso-de-arquivologia-da-uepb-participa-de-acao-pioneira-de-gestao-documental-no-procon-estadual","status":"publish","type":"post","link":"https:\/\/centros.uepb.edu.br\/ccbsa\/curso-de-arquivologia-da-uepb-participa-de-acao-pioneira-de-gestao-documental-no-procon-estadual\/","title":{"rendered":"Curso de Arquivologia da UEPB participa de a\u00e7\u00e3o pioneira de gest\u00e3o documental no Procon Estadual"},"content":{"rendered":"\n\t\t<style type=\"text\/css\">\n\t\t\t#gallery-1 {\n\t\t\t\tmargin: auto;\n\t\t\t}\n\t\t\t#gallery-1 .gallery-item {\n\t\t\t\tfloat: left;\n\t\t\t\tmargin-top: 10px;\n\t\t\t\ttext-align: center;\n\t\t\t\twidth: 33%;\n\t\t\t}\n\t\t\t#gallery-1 img {\n\t\t\t\tborder: 2px solid #cfcfcf;\n\t\t\t}\n\t\t\t#gallery-1 .gallery-caption {\n\t\t\t\tmargin-left: 0;\n\t\t\t}\n\t\t\t\/* see gallery_shortcode() in wp-includes\/media.php *\/\n\t\t<\/style>\n\t\t<div id='gallery-1' class='gallery galleryid-11044 gallery-columns-3 gallery-size-full'><dl class='gallery-item'>\n\t\t\t<dt class='gallery-icon landscape'>\n\t\t\t\t<a href='https:\/\/centros.uepb.edu.br\/ccbsa\/files\/2024\/07\/WhatsApp-Image-2024-07-17-at-15.33.38.png'><img loading=\"lazy\" decoding=\"async\" width=\"1200\" height=\"680\" src=\"https:\/\/centros.uepb.edu.br\/ccbsa\/files\/2024\/07\/WhatsApp-Image-2024-07-17-at-15.33.38.png\" class=\"attachment-full size-full\" alt=\"\" srcset=\"https:\/\/centros.uepb.edu.br\/ccbsa\/files\/2024\/07\/WhatsApp-Image-2024-07-17-at-15.33.38.png 1200w, https:\/\/centros.uepb.edu.br\/ccbsa\/files\/2024\/07\/WhatsApp-Image-2024-07-17-at-15.33.38-300x170.png 300w, https:\/\/centros.uepb.edu.br\/ccbsa\/files\/2024\/07\/WhatsApp-Image-2024-07-17-at-15.33.38-1120x635.png 1120w\" sizes=\"auto, (max-width: 1200px) 100vw, 1200px\" \/><\/a>\n\t\t\t<\/dt><\/dl><dl class='gallery-item'>\n\t\t\t<dt class='gallery-icon landscape'>\n\t\t\t\t<a href='https:\/\/centros.uepb.edu.br\/ccbsa\/files\/2024\/07\/WhatsApp-Image-2024-07-17-at-16.21.35.png'><img loading=\"lazy\" decoding=\"async\" width=\"1200\" height=\"680\" src=\"https:\/\/centros.uepb.edu.br\/ccbsa\/files\/2024\/07\/WhatsApp-Image-2024-07-17-at-16.21.35.png\" class=\"attachment-full size-full\" alt=\"\" srcset=\"https:\/\/centros.uepb.edu.br\/ccbsa\/files\/2024\/07\/WhatsApp-Image-2024-07-17-at-16.21.35.png 1200w, https:\/\/centros.uepb.edu.br\/ccbsa\/files\/2024\/07\/WhatsApp-Image-2024-07-17-at-16.21.35-300x170.png 300w, https:\/\/centros.uepb.edu.br\/ccbsa\/files\/2024\/07\/WhatsApp-Image-2024-07-17-at-16.21.35-1120x635.png 1120w\" sizes=\"auto, (max-width: 1200px) 100vw, 1200px\" \/><\/a>\n\t\t\t<\/dt><\/dl>\n\t\t\t<br style='clear: both' \/>\n\t\t<\/div>\n\n<p class=\"LO-normal\">Considerado o pioneiro no Estado da Para\u00edba por ter publicado, em maio de 2024, o plano de classifica\u00e7\u00e3o no qual detalha os instrumentos de gest\u00e3o documental, o Procon Estadual realizou, na quarta-feira (17), no audit\u00f3rio da Institui\u00e7\u00e3o, a primeira iniciativa formal de elimina\u00e7\u00e3o de documentos.\u00a0 A solenidade contou com a participa\u00e7\u00e3o de representantes dos cursos de arquivologia da Universidade Estadual da Para\u00edba (UEPB) e Universidade Federal da Para\u00edba (UFPB), Arquivo P\u00fablico do Estado, Conselho Estadual de Defesa do Consumidor, Cooperativa e dos servidores das\u00a0 Comiss\u00f5es Permanentes de Avalia\u00e7\u00e3o Documental.<\/p>\n<p>Na ocasi\u00e3o, receberam homenagens a coordenadora do Programa de P\u00f3s-Gradua\u00e7\u00e3o em Gest\u00e3o de Documentos e Governan\u00e7a Arquiv\u00edstica (PPGDARQ \u2013 UEPB\/UFPB), professora Eliete Correia dos Santos; a professora da UFPB, Julianne Teixeira; a Diretora Executiva\u00a0 do Arquivo\u00a0P\u00fablico do\u00a0Estado\u00a0da\u00a0Para\u00edba, Rebeca Patr\u00edcio; a superintendente do Procon, K\u00e9ssia Liliana e\u00a0o Gerente de Instru\u00e7\u00e3o Processual e Cartorial, representante dos servidores do Procon-PB, Emannuel Arantes.<\/p>\n<p>De acordo com a professora Eliete Correia dos Santos essa iniciativa contou com a interven\u00e7\u00e3o direta de estagi\u00e1rios do curso de Arquivologia da UEPB, por\u00e9m, al\u00e9m da atua\u00e7\u00e3o destes discentes ela enfatiza que h\u00e1 uma necessidade de realiza\u00e7\u00e3o de concurso p\u00fablico para contrata\u00e7\u00e3o de arquivistas que possam realizar a gest\u00e3o documental no Procon e em outros \u00f3rg\u00e3os governamentais. A docente destaca que iniciativas como esta n\u00e3o apenas fortalecem a transpar\u00eancia e efici\u00eancia operacional das institui\u00e7\u00f5es p\u00fablicas, como tamb\u00e9m servem de exemplo de boas pr\u00e1ticas de gest\u00e3o documental e governan\u00e7a arquiv\u00edstica na administra\u00e7\u00e3o p\u00fablica.<\/p>\n<p>&#8220;Vale registrar que sempre fomos muito acolhidos pela equipe do Procon, aos quais agrade\u00e7o pois, o \u00d3rg\u00e3o efetivou parcerias inovadoras para a oferta de est\u00e1gios que tamb\u00e9m atenderam alunos de gradua\u00e7\u00e3o do turno noturno. Em contrapartida, estes estagi\u00e1rios muito colaboraram para elimina\u00e7\u00e3o de 22.018 processos, 1.704 kg de documentos desfragmentados. N\u00e3o h\u00e1 d\u00favidas que iniciativas como esta n\u00e3o apenas fortalecem a transpar\u00eancia e efici\u00eancia operacional das institui\u00e7\u00f5es p\u00fablicas, como tamb\u00e9m servem de exemplo de boas pr\u00e1ticas de gest\u00e3o documental e governan\u00e7a arquiv\u00edstica na administra\u00e7\u00e3o p\u00fablica. Tamb\u00e9m fica evidenciada a necessidade de concurso p\u00fablico para arquivistas nas institui\u00e7\u00f5es p\u00fablicas para se ter uma gest\u00e3o de documentos mais eficaz e transparente&#8221;, avalia Eliete.<\/p>\n<p style=\"font-weight: 400\">Segundo K\u00e9ssia Liliana essa a\u00e7\u00e3o \u00e9 &#8220;de extrema import\u00e2ncia para que o Procon Estadual possa realizar o descarte documental de forma correta e ecologicamente respons\u00e1vel, conforme prescrito na Lei. A parceria com a Cooperativa de Reciclagem Acordo Verde\u00a0 permite eliminar processos antigos, que j\u00e1 ultrapassaram o tempo estabelecido pela tabela de temporalidade, dando-lhes uma destina\u00e7\u00e3o espec\u00edfica e adequada. Estamos muito satisfeitos com o primeiro descarte da massa documental do Procon do Estado realizado conforme a lei. Agradecemos profundamente ao pessoal da Cooperativa por essa colabora\u00e7\u00e3o e queremos ressaltar que teremos outros descartes no futuro, sempre em conformidade com as normas legais,&#8221; declarou a Superintendente do Procon Estadual<\/p>\n<p class=\"LO-normal\">Para operacionalizar o descarte documental foi formalizada uma parceria com a Cooperativa de Reciclagem Acordo Verde de acordo com os par\u00e2metros legais. \u201cEstamos muito satisfeitos com a parceria entre a Cooperativa de Reciclagem Acordo Verde e o Procon para o descarte documental. Esta colabora\u00e7\u00e3o \u00e9 de grande import\u00e2ncia para n\u00f3s, catadores, pois nos proporciona uma oportunidade valiosa. N\u00e3o se trata apenas de uma parceria, mas de uma melhoria significativa para o nosso trabalho e nossas vidas. N\u00f3s vivemos disso, e essa iniciativa faz toda a diferen\u00e7a em nossas vidas&#8221;, declara a coordenadora da Cooperativa de Reciclagem Acordo Verde, Maria Diones.<\/p>\n<p style=\"font-weight: 400\">\n","protected":false},"excerpt":{"rendered":"<p>Considerado o pioneiro no Estado da Para\u00edba por ter publicado, em maio de 2024, o plano de classifica\u00e7\u00e3o no qual detalha os instrumentos de gest\u00e3o documental, o Procon Estadual realizou, na quarta-feira (17), no audit\u00f3rio da Institui\u00e7\u00e3o, a primeira iniciativa formal de elimina\u00e7\u00e3o de documentos.\u00a0 A solenidade contou com a participa\u00e7\u00e3o de representantes dos cursos <a class=\"leiamais\" href=\"https:\/\/centros.uepb.edu.br\/ccbsa\/curso-de-arquivologia-da-uepb-participa-de-acao-pioneira-de-gestao-documental-no-procon-estadual\/\">Leia Mais&#8230;<\/a><\/p>\n","protected":false},"author":8,"featured_media":11046,"comment_status":"closed","ping_status":"closed","sticky":false,"template":"","format":"standard","meta":{"footnotes":""},"categories":[3,11],"tags":[],"class_list":["post-11044","post","type-post","status-publish","format-standard","has-post-thumbnail","hentry","category-noticias","category-noticias-destaque-img"],"jetpack_featured_media_url":"https:\/\/centros.uepb.edu.br\/ccbsa\/files\/2024\/07\/WhatsApp-Image-2024-07-17-at-16.21.35.png","_links":{"self":[{"href":"https:\/\/centros.uepb.edu.br\/ccbsa\/wp-json\/wp\/v2\/posts\/11044","targetHints":{"allow":["GET"]}}],"collection":[{"href":"https:\/\/centros.uepb.edu.br\/ccbsa\/wp-json\/wp\/v2\/posts"}],"about":[{"href":"https:\/\/centros.uepb.edu.br\/ccbsa\/wp-json\/wp\/v2\/types\/post"}],"author":[{"embeddable":true,"href":"https:\/\/centros.uepb.edu.br\/ccbsa\/wp-json\/wp\/v2\/users\/8"}],"replies":[{"embeddable":true,"href":"https:\/\/centros.uepb.edu.br\/ccbsa\/wp-json\/wp\/v2\/comments?post=11044"}],"version-history":[{"count":0,"href":"https:\/\/centros.uepb.edu.br\/ccbsa\/wp-json\/wp\/v2\/posts\/11044\/revisions"}],"wp:featuredmedia":[{"embeddable":true,"href":"https:\/\/centros.uepb.edu.br\/ccbsa\/wp-json\/wp\/v2\/media\/11046"}],"wp:attachment":[{"href":"https:\/\/centros.uepb.edu.br\/ccbsa\/wp-json\/wp\/v2\/media?parent=11044"}],"wp:term":[{"taxonomy":"category","embeddable":true,"href":"https:\/\/centros.uepb.edu.br\/ccbsa\/wp-json\/wp\/v2\/categories?post=11044"},{"taxonomy":"post_tag","embeddable":true,"href":"https:\/\/centros.uepb.edu.br\/ccbsa\/wp-json\/wp\/v2\/tags?post=11044"}],"curies":[{"name":"wp","href":"https:\/\/api.w.org\/{rel}","templated":true}]}}