{"id":11022,"date":"2024-07-12T12:20:46","date_gmt":"2024-07-12T12:20:46","guid":{"rendered":"https:\/\/centros.uepb.edu.br\/ccbsa\/?p=11022"},"modified":"2024-07-12T12:20:46","modified_gmt":"2024-07-12T12:20:46","slug":"uepb-recebe-representantes-do-quebec-para-articular-parcerias-e-realizar-palestra-sobre-moradia-e-estudo-no-canada","status":"publish","type":"post","link":"https:\/\/centros.uepb.edu.br\/ccbsa\/uepb-recebe-representantes-do-quebec-para-articular-parcerias-e-realizar-palestra-sobre-moradia-e-estudo-no-canada\/","title":{"rendered":"UEPB recebe representantes do Qu\u00e9bec para articular parcerias e realizar palestra sobre moradia e estudo no Canad\u00e1"},"content":{"rendered":"\n\t\t<style type=\"text\/css\">\n\t\t\t#gallery-1 {\n\t\t\t\tmargin: auto;\n\t\t\t}\n\t\t\t#gallery-1 .gallery-item {\n\t\t\t\tfloat: left;\n\t\t\t\tmargin-top: 10px;\n\t\t\t\ttext-align: center;\n\t\t\t\twidth: 33%;\n\t\t\t}\n\t\t\t#gallery-1 img {\n\t\t\t\tborder: 2px solid #cfcfcf;\n\t\t\t}\n\t\t\t#gallery-1 .gallery-caption {\n\t\t\t\tmargin-left: 0;\n\t\t\t}\n\t\t\t\/* see gallery_shortcode() in wp-includes\/media.php *\/\n\t\t<\/style>\n\t\t<div id='gallery-1' class='gallery galleryid-11022 gallery-columns-3 gallery-size-full'><dl class='gallery-item'>\n\t\t\t<dt class='gallery-icon landscape'>\n\t\t\t\t<a href='https:\/\/centros.uepb.edu.br\/ccbsa\/files\/2024\/07\/IMG_9975.png'><img loading=\"lazy\" decoding=\"async\" width=\"1200\" height=\"730\" src=\"https:\/\/centros.uepb.edu.br\/ccbsa\/files\/2024\/07\/IMG_9975.png\" class=\"attachment-full size-full\" alt=\"\" srcset=\"https:\/\/centros.uepb.edu.br\/ccbsa\/files\/2024\/07\/IMG_9975.png 1200w, https:\/\/centros.uepb.edu.br\/ccbsa\/files\/2024\/07\/IMG_9975-300x183.png 300w, https:\/\/centros.uepb.edu.br\/ccbsa\/files\/2024\/07\/IMG_9975-1120x681.png 1120w\" sizes=\"auto, (max-width: 1200px) 100vw, 1200px\" \/><\/a>\n\t\t\t<\/dt><\/dl><dl class='gallery-item'>\n\t\t\t<dt class='gallery-icon landscape'>\n\t\t\t\t<a href='https:\/\/centros.uepb.edu.br\/ccbsa\/files\/2024\/07\/IMG_9971-1.png'><img loading=\"lazy\" decoding=\"async\" width=\"1200\" height=\"680\" src=\"https:\/\/centros.uepb.edu.br\/ccbsa\/files\/2024\/07\/IMG_9971-1.png\" class=\"attachment-full size-full\" alt=\"\" srcset=\"https:\/\/centros.uepb.edu.br\/ccbsa\/files\/2024\/07\/IMG_9971-1.png 1200w, https:\/\/centros.uepb.edu.br\/ccbsa\/files\/2024\/07\/IMG_9971-1-300x170.png 300w, https:\/\/centros.uepb.edu.br\/ccbsa\/files\/2024\/07\/IMG_9971-1-1120x635.png 1120w\" sizes=\"auto, (max-width: 1200px) 100vw, 1200px\" \/><\/a>\n\t\t\t<\/dt><\/dl><dl class='gallery-item'>\n\t\t\t<dt class='gallery-icon landscape'>\n\t\t\t\t<a href='https:\/\/centros.uepb.edu.br\/ccbsa\/files\/2024\/07\/IMG_9966.png'><img loading=\"lazy\" decoding=\"async\" width=\"1200\" height=\"680\" src=\"https:\/\/centros.uepb.edu.br\/ccbsa\/files\/2024\/07\/IMG_9966.png\" class=\"attachment-full size-full\" alt=\"\" srcset=\"https:\/\/centros.uepb.edu.br\/ccbsa\/files\/2024\/07\/IMG_9966.png 1200w, https:\/\/centros.uepb.edu.br\/ccbsa\/files\/2024\/07\/IMG_9966-300x170.png 300w, https:\/\/centros.uepb.edu.br\/ccbsa\/files\/2024\/07\/IMG_9966-1120x635.png 1120w\" sizes=\"auto, (max-width: 1200px) 100vw, 1200px\" \/><\/a>\n\t\t\t<\/dt><\/dl><br style=\"clear: both\" \/>\n\t\t<\/div>\n\n<p>Oportunidades de crescimento profissional, amadurecimento pessoal, aperfei\u00e7oamento acad\u00eamico, s\u00e3o diversas as motiva\u00e7\u00f5es que levam as pessoas a buscar novas viv\u00eancias em outros pa\u00edses. Por entender a import\u00e2ncia de investir em a\u00e7\u00f5es que possibilitem a estudantes e docentes experi\u00eancias em outros pa\u00edses, \u00e9 que a Coordenadoria de Rela\u00e7\u00f5es Internacionais (CoRI) da Universidade Estadual da Para\u00edba (UEPB) tem fomentado diversos acordos de coopera\u00e7\u00e3o com institui\u00e7\u00f5es estrangeiras. Nessa perspectiva, foi realizada, nesta quinta-feira (11), no C\u00e2mpus V da UEPB, uma reuni\u00e3o, seguida de palestra, com a participa\u00e7\u00e3o dos representantes do Escrit\u00f3rio do Qu\u00e9bec em S\u00e3o Paulo (BQSP), H\u00e9rcules Kuster e Frederico Chagas, respectivamente, adido em promo\u00e7\u00e3o e prospec\u00e7\u00e3o e assistente em promo\u00e7\u00e3o e prospec\u00e7\u00e3o.<\/p>\n<p>Al\u00e9m dos representantes do Qu\u00e9bec, participaram da reuni\u00e3o, o coordenador da CoRI, professor Cl\u00e1udio Lucena; o diretor do Centro de Ci\u00eancias Biol\u00f3gicas e Sociais Aplicadas, professor Cleber Salimon; a presidente do Conselho Diretor da Alian\u00e7a Francesa, F\u00e1tima Ara\u00fajo; o diretor da Alian\u00e7a Francesa, Arnaud Bechade e o professor do Centro de Educa\u00e7\u00e3o da UEPB, Eduardo Onofre.<\/p>\n<p>Na ocasi\u00e3o, foram apresentadas as principais demandas de trabalho no Qu\u00e9bec e as possibilidades de cursos para estudantes e aperfei\u00e7oamento docente na Prov\u00edncia canadense. Tamb\u00e9m foram articuladas novas parcerias com a UEPB para o estabelecimento de futuros acordos de coopera\u00e7\u00e3o com o Canad\u00e1 a partir do perfil socioecon\u00f4mico e dos interesses da comunidade acad\u00eamica.<\/p>\n<p>Durante a palestra, os representantes do Qu\u00e9bec apresentaram as principais oportunidades para trabalho e estudo tempor\u00e1rio na Prov\u00edncia canadense, com destaque para cursos na \u00e1rea de sa\u00fade, sobretudo enfermagem, tecnologia da informa\u00e7\u00e3o, engenharias e forma\u00e7\u00f5es no ramo de usinagem. Como o franc\u00eas \u00e9 o idioma oficial desta Prov\u00edncia, dominar essa l\u00edngua, de acordo com os palestrantes, \u00e9 um diferencial. Por isso, essas palestras s\u00e3o realizadas com o objetivo de realizar um trabalho de longo prazo voltado \u00e0 prospec\u00e7\u00e3o de pessoas interessadas para que elas possam vislumbrar essa possibilidade de imigra\u00e7\u00e3o tempor\u00e1ria e adquirir conhecimentos necess\u00e1rios para participar dos processos seletivos.<\/p>\n<p><strong>Texto e fotos:<\/strong> <em>Juliana Marques<\/em><\/p>\n","protected":false},"excerpt":{"rendered":"<p>Oportunidades de crescimento profissional, amadurecimento pessoal, aperfei\u00e7oamento acad\u00eamico, s\u00e3o diversas as motiva\u00e7\u00f5es que levam as pessoas a buscar novas viv\u00eancias em outros pa\u00edses. Por entender a import\u00e2ncia de investir em a\u00e7\u00f5es que possibilitem a estudantes e docentes experi\u00eancias em outros pa\u00edses, \u00e9 que a Coordenadoria de Rela\u00e7\u00f5es Internacionais (CoRI) da Universidade Estadual da Para\u00edba (UEPB) <a class=\"leiamais\" href=\"https:\/\/centros.uepb.edu.br\/ccbsa\/uepb-recebe-representantes-do-quebec-para-articular-parcerias-e-realizar-palestra-sobre-moradia-e-estudo-no-canada\/\">Leia Mais&#8230;<\/a><\/p>\n","protected":false},"author":8,"featured_media":11023,"comment_status":"closed","ping_status":"closed","sticky":false,"template":"","format":"standard","meta":{"footnotes":""},"categories":[3,11],"tags":[],"class_list":["post-11022","post","type-post","status-publish","format-standard","has-post-thumbnail","hentry","category-noticias","category-noticias-destaque-img"],"jetpack_featured_media_url":"https:\/\/centros.uepb.edu.br\/ccbsa\/files\/2024\/07\/IMG_9971.png","_links":{"self":[{"href":"https:\/\/centros.uepb.edu.br\/ccbsa\/wp-json\/wp\/v2\/posts\/11022","targetHints":{"allow":["GET"]}}],"collection":[{"href":"https:\/\/centros.uepb.edu.br\/ccbsa\/wp-json\/wp\/v2\/posts"}],"about":[{"href":"https:\/\/centros.uepb.edu.br\/ccbsa\/wp-json\/wp\/v2\/types\/post"}],"author":[{"embeddable":true,"href":"https:\/\/centros.uepb.edu.br\/ccbsa\/wp-json\/wp\/v2\/users\/8"}],"replies":[{"embeddable":true,"href":"https:\/\/centros.uepb.edu.br\/ccbsa\/wp-json\/wp\/v2\/comments?post=11022"}],"version-history":[{"count":0,"href":"https:\/\/centros.uepb.edu.br\/ccbsa\/wp-json\/wp\/v2\/posts\/11022\/revisions"}],"wp:featuredmedia":[{"embeddable":true,"href":"https:\/\/centros.uepb.edu.br\/ccbsa\/wp-json\/wp\/v2\/media\/11023"}],"wp:attachment":[{"href":"https:\/\/centros.uepb.edu.br\/ccbsa\/wp-json\/wp\/v2\/media?parent=11022"}],"wp:term":[{"taxonomy":"category","embeddable":true,"href":"https:\/\/centros.uepb.edu.br\/ccbsa\/wp-json\/wp\/v2\/categories?post=11022"},{"taxonomy":"post_tag","embeddable":true,"href":"https:\/\/centros.uepb.edu.br\/ccbsa\/wp-json\/wp\/v2\/tags?post=11022"}],"curies":[{"name":"wp","href":"https:\/\/api.w.org\/{rel}","templated":true}]}}