{"id":10980,"date":"2024-06-27T20:33:13","date_gmt":"2024-06-27T20:33:13","guid":{"rendered":"https:\/\/centros.uepb.edu.br\/ccbsa\/?p=10980"},"modified":"2024-06-27T20:33:13","modified_gmt":"2024-06-27T20:33:13","slug":"estudantes-do-mestrado-em-relacoes-internacionais-sao-aprovados-para-desenvolver-pesquisas-em-universidades-do-exterior","status":"publish","type":"post","link":"https:\/\/centros.uepb.edu.br\/ccbsa\/estudantes-do-mestrado-em-relacoes-internacionais-sao-aprovados-para-desenvolver-pesquisas-em-universidades-do-exterior\/","title":{"rendered":"Estudantes do Mestrado em Rela\u00e7\u00f5es Internacionais s\u00e3o aprovados para desenvolver pesquisas em universidades do exterior"},"content":{"rendered":"<p>&nbsp;<\/p>\n\n\t\t<style type=\"text\/css\">\n\t\t\t#gallery-1 {\n\t\t\t\tmargin: auto;\n\t\t\t}\n\t\t\t#gallery-1 .gallery-item {\n\t\t\t\tfloat: left;\n\t\t\t\tmargin-top: 10px;\n\t\t\t\ttext-align: center;\n\t\t\t\twidth: 33%;\n\t\t\t}\n\t\t\t#gallery-1 img {\n\t\t\t\tborder: 2px solid #cfcfcf;\n\t\t\t}\n\t\t\t#gallery-1 .gallery-caption {\n\t\t\t\tmargin-left: 0;\n\t\t\t}\n\t\t\t\/* see gallery_shortcode() in wp-includes\/media.php *\/\n\t\t<\/style>\n\t\t<div id='gallery-1' class='gallery galleryid-10980 gallery-columns-3 gallery-size-full'><dl class='gallery-item'>\n\t\t\t<dt class='gallery-icon landscape'>\n\t\t\t\t<a href='https:\/\/centros.uepb.edu.br\/ccbsa\/files\/2024\/06\/LAURO.png'><img loading=\"lazy\" decoding=\"async\" width=\"1200\" height=\"680\" src=\"https:\/\/centros.uepb.edu.br\/ccbsa\/files\/2024\/06\/LAURO.png\" class=\"attachment-full size-full\" alt=\"\" srcset=\"https:\/\/centros.uepb.edu.br\/ccbsa\/files\/2024\/06\/LAURO.png 1200w, https:\/\/centros.uepb.edu.br\/ccbsa\/files\/2024\/06\/LAURO-300x170.png 300w, https:\/\/centros.uepb.edu.br\/ccbsa\/files\/2024\/06\/LAURO-1120x635.png 1120w\" sizes=\"auto, (max-width: 1200px) 100vw, 1200px\" \/><\/a>\n\t\t\t<\/dt><\/dl><dl class='gallery-item'>\n\t\t\t<dt class='gallery-icon landscape'>\n\t\t\t\t<a href='https:\/\/centros.uepb.edu.br\/ccbsa\/files\/2024\/06\/ISABELLA.png'><img loading=\"lazy\" decoding=\"async\" width=\"1200\" height=\"680\" src=\"https:\/\/centros.uepb.edu.br\/ccbsa\/files\/2024\/06\/ISABELLA.png\" class=\"attachment-full size-full\" alt=\"\" srcset=\"https:\/\/centros.uepb.edu.br\/ccbsa\/files\/2024\/06\/ISABELLA.png 1200w, https:\/\/centros.uepb.edu.br\/ccbsa\/files\/2024\/06\/ISABELLA-300x170.png 300w, https:\/\/centros.uepb.edu.br\/ccbsa\/files\/2024\/06\/ISABELLA-1120x635.png 1120w\" sizes=\"auto, (max-width: 1200px) 100vw, 1200px\" \/><\/a>\n\t\t\t<\/dt><\/dl>\n\t\t\t<br style='clear: both' \/>\n\t\t<\/div>\n\n<p>&nbsp;<\/p>\n<p><span style=\"font-weight: 400\">O alto n\u00edvel das pesquisas desenvolvidas na Para\u00edba e o engajamento de estudantes do Programa de P\u00f3s-gradua\u00e7\u00e3o em Rela\u00e7\u00f5es Internacionais (PPGRI) da Para\u00edba (UEPB) \u00e9 materializado, desde o in\u00edcio das atividades deste Curso, com a aprova\u00e7\u00e3o de estudantes do referido Programa em seletivas nacionais e internacionais, conquista de premia\u00e7\u00f5es e reconhecimento perante a academia e a sociedade. Recentemente, os discentes do PPGRI, Isabella Loiola e Lauro Accioly Filho, foram aprovados para cursar parte do Mestrado, respectivamente, na Universidade de Aveiro, em Portugal, e na American National University, nos Estados Unidos.<\/span> <span style=\"font-weight: 400\">Os discentes obtiveram aprova\u00e7\u00e3o no Edital 11\/2024 da Funda\u00e7\u00e3o de Apoio \u00e0 Pesquisa do Estado da Para\u00edba (FAPESQ), voltado \u00e0 concess\u00e3o de bolsas de mestrado e doutorado sandu\u00edche para mobilidade internacional do Programa Para\u00edba sem Fronteiras.\u00a0<\/span><\/p>\n<p><span style=\"font-weight: 400\">Para a estudante do PPGRI Isabella Loiola, a aprova\u00e7\u00e3o neste Edital \u00e9 resultado de um trabalho de qualifica\u00e7\u00e3o iniciado desde a gradua\u00e7\u00e3o, com a atua\u00e7\u00e3o como bolsista do Programa de Inicia\u00e7\u00e3o Cient\u00edfica e o desenvolvimento de pesquisas sobre a ascens\u00e3o da China no sistema Internacional. Essa \u00e9 a tem\u00e1tica do estudo \u201cTransi\u00e7\u00e3o energ\u00e9tica na Para\u00edba: o papel dos investimentos chineses e da coopera\u00e7\u00e3o (2019-2024)\u201d, que a discente desenvolver\u00e1 sob a supervis\u00e3o do professor da Universidade de Aveiro Carlos Rodrigues, e na UEPB tendo como orientador o professor Alexandre Leite.\u00a0<\/span><\/p>\n<p><span style=\"font-weight: 400\">\u201cO Brasil tem se destacado no cen\u00e1rio internacional por sua abund\u00e2ncia de recursos naturais e por possuir uma das matrizes energ\u00e9ticas mais limpas do mundo, atraindo o interesse de v\u00e1rias na\u00e7\u00f5es, incluindo a China. Portanto, a an\u00e1lise e compreens\u00e3o da entrada de capital chin\u00eas na Para\u00edba, por meio de ferramentas metodol\u00f3gicas que permitam o mapeamento desses investimentos, contribuir\u00e1 para a formula\u00e7\u00e3o de pol\u00edticas p\u00fablicas voltadas para a regula\u00e7\u00e3o e atra\u00e7\u00e3o de investimentos estrangeiros diretos, promovendo o desenvolvimento sustent\u00e1vel da regi\u00e3o\u201d, explica Isabella.<\/span><\/p>\n<p><span style=\"font-weight: 400\">A estudante espera que, al\u00e9m do desenvolvimento de pesquisas que possam contribuir para o desenvolvimento de medidas que fomentem a sustentabilidade no setor energ\u00e9tico, a experi\u00eancia na Universidade de Aveiro proporcione uma troca de conhecimentos e experi\u00eancias que auxiliem na compreens\u00e3o das din\u00e2micas internacionais de investimento e nas estrat\u00e9gias de desenvolvimento sustent\u00e1vel.\u00a0<\/span><\/p>\n<p><span style=\"font-weight: 400\">Com o desenvolvimento de pesquisas que t\u00eam se destacado e a participa\u00e7\u00e3o em projetos de pesquisa, extens\u00e3o e eventos, a exemplo do NETMundial +10, no qual foi selecionado pelo Programa Youth do Comit\u00ea Gestor da Internet no Brasil, o discente Lauro Accioly Filho foi selecionado para desenvolver um estudo comparativo entre as pr\u00e1ticas de acolhimento e integra\u00e7\u00e3o de migrantes e refugiados em Jo\u00e3o Pessoa, que ganhou o reconhecimento internacional do Selo de Excel\u00eancia MigraCidades da ONU em 2021, e Nashville, nos Estados Unidos.<\/span><\/p>\n<p><span style=\"font-weight: 400\">\u201cEsse estudo, que \u00e9 orientado na <\/span><span style=\"font-weight: 400\">American <\/span><span style=\"font-weight: 400\">National University<\/span><span style=\"font-weight: 400\"> pelo professor Jayesh Rathod Jr, e na UEPB est\u00e1 sob orienta\u00e7\u00e3o do professor F\u00e1bio Nobre,<\/span><span style=\"font-weight: 400\"> \u00e9 um portf\u00f3lio substancial de como as pesquisas paraibanas s\u00e3o de alta relev\u00e2ncia e podem trazer fins pr\u00e1ticos a n\u00edvel internacional. Acredito que essa abordagem escolhida, que traz mais visibilidade internacional \u00e0 produ\u00e7\u00e3o cient\u00edfica brasileira e paraibana, foi decisiva para minha aprova\u00e7\u00e3o no Edital\u201d, avalia Lauro.<\/span><\/p>\n<p><span style=\"font-weight: 400\">Al\u00e9m desta sele\u00e7\u00e3o para mestrado sandu\u00edche, Lauro celebra a recente aprova\u00e7\u00e3o no 1\u00ba Edi\u00e7\u00e3o do Programa Anatel de Interc\u00e2mbio Acad\u00eamico em Ecossistema Digital (P@ed), realizado pela Ag\u00eancia Nacional de Telecomunica\u00e7\u00f5es (Anatel) atrav\u00e9s do seu Centro de Altos Estudos em Comunica\u00e7\u00f5es Digitais e Inova\u00e7\u00f5es Tecnol\u00f3gicas (Ceadi), que selecionou 20 estudantes, 12 de gradua\u00e7\u00e3o e 8 de p\u00f3s-gradua\u00e7\u00e3o stricto sensu de todo o Brasil. Os candidatos selecionados participar\u00e3o das atividades presenciais do P@ed, que ser\u00e3o realizadas em Bras\u00edlia (DF), no per\u00edodo de 22 de julho de 2024 at\u00e9 o dia 26 de julho de 2024.\u00a0<\/span><\/p>\n<p><span style=\"font-weight: 400\">Para a coordenadora do PPGRI, professora Cristina Pacheco, o resultado positivo obtido pelo Programa foi uma conquista importante, mas n\u00e3o foi uma surpresa, visto que a coordena\u00e7\u00e3o do Curso tem buscado participar nesses editais da Fapesq e de outros \u00f3rg\u00e3os de fomento. Com isso, foi poss\u00edvel obter a aprova\u00e7\u00e3o do\u00a0 centro multiusu\u00e1rio, bolsas de p\u00f3s-doutorado e de mestrado, bem como de editais de pesquisa. Al\u00e9m disso, a docente evidencia que os estudantes t\u00eam mostrado condi\u00e7\u00f5es de atuar e avan\u00e7ar suas pesquisas para programas de doutorado de relev\u00e2ncia nacional e internacional, no mesmo n\u00edvel de discentes de outros programas do pa\u00eds e exterior, o que evidencia a qualidade da forma\u00e7\u00e3o ofertada aos estudantes e permite a\u00a0 forma\u00e7\u00e3o de profissionais de qualidade para o Estado da Para\u00edba.\u00a0<\/span><\/p>\n<p><span style=\"font-weight: 400\"><strong>Texto:<\/strong><em> Juliana Marques<\/em><\/span><\/p>\n<p>&nbsp;<\/p>\n","protected":false},"excerpt":{"rendered":"<p>&nbsp; &nbsp; O alto n\u00edvel das pesquisas desenvolvidas na Para\u00edba e o engajamento de estudantes do Programa de P\u00f3s-gradua\u00e7\u00e3o em Rela\u00e7\u00f5es Internacionais (PPGRI) da Para\u00edba (UEPB) \u00e9 materializado, desde o in\u00edcio das atividades deste Curso, com a aprova\u00e7\u00e3o de estudantes do referido Programa em seletivas nacionais e internacionais, conquista de premia\u00e7\u00f5es e reconhecimento perante a <a class=\"leiamais\" href=\"https:\/\/centros.uepb.edu.br\/ccbsa\/estudantes-do-mestrado-em-relacoes-internacionais-sao-aprovados-para-desenvolver-pesquisas-em-universidades-do-exterior\/\">Leia Mais&#8230;<\/a><\/p>\n","protected":false},"author":8,"featured_media":10982,"comment_status":"closed","ping_status":"closed","sticky":false,"template":"","format":"standard","meta":{"footnotes":""},"categories":[3,11],"tags":[],"class_list":["post-10980","post","type-post","status-publish","format-standard","has-post-thumbnail","hentry","category-noticias","category-noticias-destaque-img"],"jetpack_featured_media_url":"https:\/\/centros.uepb.edu.br\/ccbsa\/files\/2024\/06\/ISABELLA.png","_links":{"self":[{"href":"https:\/\/centros.uepb.edu.br\/ccbsa\/wp-json\/wp\/v2\/posts\/10980","targetHints":{"allow":["GET"]}}],"collection":[{"href":"https:\/\/centros.uepb.edu.br\/ccbsa\/wp-json\/wp\/v2\/posts"}],"about":[{"href":"https:\/\/centros.uepb.edu.br\/ccbsa\/wp-json\/wp\/v2\/types\/post"}],"author":[{"embeddable":true,"href":"https:\/\/centros.uepb.edu.br\/ccbsa\/wp-json\/wp\/v2\/users\/8"}],"replies":[{"embeddable":true,"href":"https:\/\/centros.uepb.edu.br\/ccbsa\/wp-json\/wp\/v2\/comments?post=10980"}],"version-history":[{"count":0,"href":"https:\/\/centros.uepb.edu.br\/ccbsa\/wp-json\/wp\/v2\/posts\/10980\/revisions"}],"wp:featuredmedia":[{"embeddable":true,"href":"https:\/\/centros.uepb.edu.br\/ccbsa\/wp-json\/wp\/v2\/media\/10982"}],"wp:attachment":[{"href":"https:\/\/centros.uepb.edu.br\/ccbsa\/wp-json\/wp\/v2\/media?parent=10980"}],"wp:term":[{"taxonomy":"category","embeddable":true,"href":"https:\/\/centros.uepb.edu.br\/ccbsa\/wp-json\/wp\/v2\/categories?post=10980"},{"taxonomy":"post_tag","embeddable":true,"href":"https:\/\/centros.uepb.edu.br\/ccbsa\/wp-json\/wp\/v2\/tags?post=10980"}],"curies":[{"name":"wp","href":"https:\/\/api.w.org\/{rel}","templated":true}]}}