{"id":10955,"date":"2024-06-13T17:16:07","date_gmt":"2024-06-13T17:16:07","guid":{"rendered":"https:\/\/centros.uepb.edu.br\/ccbsa\/?p=10955"},"modified":"2024-06-13T17:16:07","modified_gmt":"2024-06-13T17:16:07","slug":"paraiba-sedia-4o-seminario-nacional-de-governanca-arquivistica-entre-os-dias-18-e-20-de-junho","status":"publish","type":"post","link":"https:\/\/centros.uepb.edu.br\/ccbsa\/paraiba-sedia-4o-seminario-nacional-de-governanca-arquivistica-entre-os-dias-18-e-20-de-junho\/","title":{"rendered":"Para\u00edba sedia 4\u00ba Semin\u00e1rio Nacional de Governan\u00e7a Arquiv\u00edstica entre os dias 18 e 20 de junho"},"content":{"rendered":"<p><a href=\"https:\/\/centros.uepb.edu.br\/ccbsa\/files\/2024\/06\/4-SNGA.png\"><img loading=\"lazy\" decoding=\"async\" class=\"aligncenter size-full wp-image-10956 img-responsive\" src=\"https:\/\/centros.uepb.edu.br\/ccbsa\/files\/2024\/06\/4-SNGA.png\" alt=\"\" width=\"1200\" height=\"680\" srcset=\"https:\/\/centros.uepb.edu.br\/ccbsa\/files\/2024\/06\/4-SNGA.png 1200w, https:\/\/centros.uepb.edu.br\/ccbsa\/files\/2024\/06\/4-SNGA-300x170.png 300w, https:\/\/centros.uepb.edu.br\/ccbsa\/files\/2024\/06\/4-SNGA-1120x635.png 1120w\" sizes=\"auto, (max-width: 1200px) 100vw, 1200px\" \/><\/a><\/p>\n<p><span style=\"font-weight: 400\">Com o objetivo de reunir contribui\u00e7\u00f5es cient\u00ed\ufb01cas a respeito da governan\u00e7a e gest\u00e3o arquiv\u00edstica no institui\u00e7\u00f5es, sistemas e redes de arquivos p\u00fablicos e privados, a Universidade Estadual da Para\u00edba (UEPB), em parceria com a Universidade Federal da Para\u00edba (UFPB) e Escola de Servi\u00e7o P\u00fablico do Estado da Para\u00edba (ESPEP) promove, entre os dias 18 e 20 de junho, no Instituto Federal de Educa\u00e7\u00e3o da Para\u00edba, C\u00e2mpus de Jo\u00e3o Pessoa, o 4\u00ba Semin\u00e1rio Nacional de Governan\u00e7a Arquiv\u00edstica (SNGA).<\/span><\/p>\n<p><span style=\"font-weight: 400\">De acordo com a coordenadora geral do Evento e coordenadora adjunta do Programa de P\u00f3s-Gradua\u00e7\u00e3o em Gest\u00e3o de Documentos e Governan\u00e7a Arquiv\u00edstica (PPGDARQ), professora Maria Meriane Vieira Rocha, a realiza\u00e7\u00e3o do SNGA na Para\u00edba \u00e9 um marco para a \u00e1rea de Arquivologia e para as regi\u00f5es do Brasil ao estabelecer uma coopera\u00e7\u00e3o acad\u00eamica, cient\u00edfica e cultural, que permitir\u00e1 aos palestrantes, docentes, pesquisadores e alunos de p\u00f3s gradua\u00e7\u00e3o e gradua\u00e7\u00e3o desempenhar a fun\u00e7\u00e3o de atualiza\u00e7\u00e3o cient\u00edfica, t\u00e9cnica e tecnol\u00f3gica da governan\u00e7a e gest\u00e3o arquiv\u00edstica, com forte impacto na excel\u00eancia informacional da sociedade.\u00a0<\/span><\/p>\n<p><span style=\"font-weight: 400\">A integrante da comiss\u00e3o organizadora do evento e coordenadora do PPGDARQ, professora Eliete Correia dos Santos, refor\u00e7a que a realiza\u00e7\u00e3o do SNGA na Para\u00edba \u00e9 algo representativo \u201cporque o PPGDARQ \u00e9 o segundo mestrado na \u00e1rea da Arquivologia da Am\u00e9rica Latina, e isso traz uma visibilidade para o programa que se inicia a pouco tempo. Tamb\u00e9m nesse sentido, j\u00e1 est\u00e1 confirmada a participa\u00e7\u00e3o de v\u00e1rios professores de outros estados, o que refor\u00e7a essa rede de saberes cient\u00edficos que v\u00e3o circular entre esses dias na Para\u00edba\u201d, avalia a docente.\u00a0<\/span><\/p>\n<p><span style=\"font-weight: 400\">Com o tema \u201cGovernan\u00e7a e gest\u00e3o arquiv\u00edsticas: limites e expectativas\u201d, o Evento contar\u00e1 com mesas de debate, confer\u00eancias, apresenta\u00e7\u00f5es orais de trabalho, entre outras atividades inseridas nos tr\u00eas eixos norteadores: \u201cGovernan\u00e7a arquiv\u00edstica: estrat\u00e9gias, diretrizes e modelos\u201d; \u201cGest\u00e3o arquiv\u00edstica: desafios das institui\u00e7\u00f5es para a governan\u00e7a; e \u201cGovernan\u00e7a arquiv\u00edstica: tecnologias e dados\u201d. O SNGA conta com o apoio da Funda\u00e7\u00e3o Casa de Jos\u00e9 Am\u00e9rico, Sebrae, PBTUR, Arquipix, ADUFPB e IFPB.<\/span><\/p>\n<p><b>Texto:<\/b> <i><span style=\"font-weight: 400\">Juliana Marques<\/span><\/i><\/p>\n","protected":false},"excerpt":{"rendered":"<p>Com o objetivo de reunir contribui\u00e7\u00f5es cient\u00ed\ufb01cas a respeito da governan\u00e7a e gest\u00e3o arquiv\u00edstica no institui\u00e7\u00f5es, sistemas e redes de arquivos p\u00fablicos e privados, a Universidade Estadual da Para\u00edba (UEPB), em parceria com a Universidade Federal da Para\u00edba (UFPB) e Escola de Servi\u00e7o P\u00fablico do Estado da Para\u00edba (ESPEP) promove, entre os dias 18 e <a class=\"leiamais\" href=\"https:\/\/centros.uepb.edu.br\/ccbsa\/paraiba-sedia-4o-seminario-nacional-de-governanca-arquivistica-entre-os-dias-18-e-20-de-junho\/\">Leia Mais&#8230;<\/a><\/p>\n","protected":false},"author":8,"featured_media":10956,"comment_status":"closed","ping_status":"closed","sticky":false,"template":"","format":"standard","meta":{"footnotes":""},"categories":[3,11],"tags":[],"class_list":["post-10955","post","type-post","status-publish","format-standard","has-post-thumbnail","hentry","category-noticias","category-noticias-destaque-img"],"jetpack_featured_media_url":"https:\/\/centros.uepb.edu.br\/ccbsa\/files\/2024\/06\/4-SNGA.png","_links":{"self":[{"href":"https:\/\/centros.uepb.edu.br\/ccbsa\/wp-json\/wp\/v2\/posts\/10955","targetHints":{"allow":["GET"]}}],"collection":[{"href":"https:\/\/centros.uepb.edu.br\/ccbsa\/wp-json\/wp\/v2\/posts"}],"about":[{"href":"https:\/\/centros.uepb.edu.br\/ccbsa\/wp-json\/wp\/v2\/types\/post"}],"author":[{"embeddable":true,"href":"https:\/\/centros.uepb.edu.br\/ccbsa\/wp-json\/wp\/v2\/users\/8"}],"replies":[{"embeddable":true,"href":"https:\/\/centros.uepb.edu.br\/ccbsa\/wp-json\/wp\/v2\/comments?post=10955"}],"version-history":[{"count":0,"href":"https:\/\/centros.uepb.edu.br\/ccbsa\/wp-json\/wp\/v2\/posts\/10955\/revisions"}],"wp:featuredmedia":[{"embeddable":true,"href":"https:\/\/centros.uepb.edu.br\/ccbsa\/wp-json\/wp\/v2\/media\/10956"}],"wp:attachment":[{"href":"https:\/\/centros.uepb.edu.br\/ccbsa\/wp-json\/wp\/v2\/media?parent=10955"}],"wp:term":[{"taxonomy":"category","embeddable":true,"href":"https:\/\/centros.uepb.edu.br\/ccbsa\/wp-json\/wp\/v2\/categories?post=10955"},{"taxonomy":"post_tag","embeddable":true,"href":"https:\/\/centros.uepb.edu.br\/ccbsa\/wp-json\/wp\/v2\/tags?post=10955"}],"curies":[{"name":"wp","href":"https:\/\/api.w.org\/{rel}","templated":true}]}}