{"id":10944,"date":"2024-06-07T13:13:58","date_gmt":"2024-06-07T13:13:58","guid":{"rendered":"https:\/\/centros.uepb.edu.br\/ccbsa\/?p=10944"},"modified":"2024-06-07T13:14:22","modified_gmt":"2024-06-07T13:14:22","slug":"mundi-e-docente-do-curso-de-relacoes-internacionais-promovem-workshop-sobre-imprensa-internacional","status":"publish","type":"post","link":"https:\/\/centros.uepb.edu.br\/ccbsa\/mundi-e-docente-do-curso-de-relacoes-internacionais-promovem-workshop-sobre-imprensa-internacional\/","title":{"rendered":"MUNDI e docente do curso de Rela\u00e7\u00f5es Internacionais promovem workshop sobre imprensa internacional"},"content":{"rendered":"\n\t\t<style type=\"text\/css\">\n\t\t\t#gallery-1 {\n\t\t\t\tmargin: auto;\n\t\t\t}\n\t\t\t#gallery-1 .gallery-item {\n\t\t\t\tfloat: left;\n\t\t\t\tmargin-top: 10px;\n\t\t\t\ttext-align: center;\n\t\t\t\twidth: 33%;\n\t\t\t}\n\t\t\t#gallery-1 img {\n\t\t\t\tborder: 2px solid #cfcfcf;\n\t\t\t}\n\t\t\t#gallery-1 .gallery-caption {\n\t\t\t\tmargin-left: 0;\n\t\t\t}\n\t\t\t\/* see gallery_shortcode() in wp-includes\/media.php *\/\n\t\t<\/style>\n\t\t<div id='gallery-1' class='gallery galleryid-10944 gallery-columns-3 gallery-size-full'><dl class='gallery-item'>\n\t\t\t<dt class='gallery-icon landscape'>\n\t\t\t\t<a href='https:\/\/centros.uepb.edu.br\/ccbsa\/files\/2024\/06\/IMG_8847.png'><img loading=\"lazy\" decoding=\"async\" width=\"1200\" height=\"680\" src=\"https:\/\/centros.uepb.edu.br\/ccbsa\/files\/2024\/06\/IMG_8847.png\" class=\"attachment-full size-full\" alt=\"\" srcset=\"https:\/\/centros.uepb.edu.br\/ccbsa\/files\/2024\/06\/IMG_8847.png 1200w, https:\/\/centros.uepb.edu.br\/ccbsa\/files\/2024\/06\/IMG_8847-300x170.png 300w, https:\/\/centros.uepb.edu.br\/ccbsa\/files\/2024\/06\/IMG_8847-1120x635.png 1120w\" sizes=\"auto, (max-width: 1200px) 100vw, 1200px\" \/><\/a>\n\t\t\t<\/dt><\/dl><dl class='gallery-item'>\n\t\t\t<dt class='gallery-icon landscape'>\n\t\t\t\t<a href='https:\/\/centros.uepb.edu.br\/ccbsa\/files\/2024\/06\/IMG_8848.png'><img loading=\"lazy\" decoding=\"async\" width=\"1200\" height=\"680\" src=\"https:\/\/centros.uepb.edu.br\/ccbsa\/files\/2024\/06\/IMG_8848.png\" class=\"attachment-full size-full\" alt=\"\" srcset=\"https:\/\/centros.uepb.edu.br\/ccbsa\/files\/2024\/06\/IMG_8848.png 1200w, https:\/\/centros.uepb.edu.br\/ccbsa\/files\/2024\/06\/IMG_8848-300x170.png 300w, https:\/\/centros.uepb.edu.br\/ccbsa\/files\/2024\/06\/IMG_8848-1120x635.png 1120w\" sizes=\"auto, (max-width: 1200px) 100vw, 1200px\" \/><\/a>\n\t\t\t<\/dt><\/dl>\n\t\t\t<br style='clear: both' \/>\n\t\t<\/div>\n\n<p><span style=\"font-weight: 400\">A docente do curso de gradua\u00e7\u00e3o em Rela\u00e7\u00f5es Internacionais da Universidade Estadual da Para\u00edba, Nayanna Sabi\u00e1, em parceria com a equipe do Modelo Universit\u00e1rio de Diplomacia (MUNDI), promoveu, na ter\u00e7a-feira (2) \u00e0 tarde, no audit\u00f3rio do C\u00e2mpus V, o \u201cWorkshop sobre Imprensa Internacional\u201d. O evento contou com a participa\u00e7\u00e3o de estudantes que tiveram contato com informa\u00e7\u00f5es a respeito do funcionamento dos meios de comunica\u00e7\u00e3o em cobertura de confer\u00eancias grandes internacionais.<\/span><\/p>\n<p><span style=\"font-weight: 400\">De acordo com a professora Nayanna Sabi\u00e1 a perspectiva pr\u00e1tica do Mundi, utilizada neste Evento, possibilitou aos estudantes o aprofundamento de diversos conte\u00fados que auxiliam na forma\u00e7\u00e3o pessoal e profissional destes. \u201cQuando usamos metodologias ativas vinculadas \u00e0 solu\u00e7\u00e3o de problemas, podemos suscitar o desenvolvimento de habilidades a partir de situa\u00e7\u00f5es simuladas e solu\u00e7\u00f5es para problemas apresentados. Dentre essas habilidades observamos, por exemplo, a capacidade de s\u00edntese, a gest\u00e3o de tempo, o trabalho em equipe, a orat\u00f3ria\u201d, avalia a professora Nayanna.<\/span><\/p>\n<p><span style=\"font-weight: 400\">Desenvolvido enquanto projeto de extens\u00e3o da UEPB, o MUNDI, foi o primeiro simulador de Organiza\u00e7\u00f5es Internacionais criado por estudantes de Rela\u00e7\u00f5es Internacionais e tem o objetivo de\u00a0 recriar o ambiente de Organiza\u00e7\u00f5es Internacionais. S\u00e3o aplicadas as mesmas regras procedimentais de conduta, passando pelo c\u00f3digo de vestimenta, at\u00e9 a representa\u00e7\u00e3o mais fidedigna poss\u00edvel da pol\u00edtica de cada delega\u00e7\u00e3o.<\/span><\/p>\n","protected":false},"excerpt":{"rendered":"<p>A docente do curso de gradua\u00e7\u00e3o em Rela\u00e7\u00f5es Internacionais da Universidade Estadual da Para\u00edba, Nayanna Sabi\u00e1, em parceria com a equipe do Modelo Universit\u00e1rio de Diplomacia (MUNDI), promoveu, na ter\u00e7a-feira (2) \u00e0 tarde, no audit\u00f3rio do C\u00e2mpus V, o \u201cWorkshop sobre Imprensa Internacional\u201d. O evento contou com a participa\u00e7\u00e3o de estudantes que tiveram contato com <a class=\"leiamais\" href=\"https:\/\/centros.uepb.edu.br\/ccbsa\/mundi-e-docente-do-curso-de-relacoes-internacionais-promovem-workshop-sobre-imprensa-internacional\/\">Leia Mais&#8230;<\/a><\/p>\n","protected":false},"author":8,"featured_media":10945,"comment_status":"closed","ping_status":"closed","sticky":false,"template":"","format":"standard","meta":{"footnotes":""},"categories":[3,11],"tags":[],"class_list":["post-10944","post","type-post","status-publish","format-standard","has-post-thumbnail","hentry","category-noticias","category-noticias-destaque-img"],"jetpack_featured_media_url":"https:\/\/centros.uepb.edu.br\/ccbsa\/files\/2024\/06\/IMG_8847.png","_links":{"self":[{"href":"https:\/\/centros.uepb.edu.br\/ccbsa\/wp-json\/wp\/v2\/posts\/10944","targetHints":{"allow":["GET"]}}],"collection":[{"href":"https:\/\/centros.uepb.edu.br\/ccbsa\/wp-json\/wp\/v2\/posts"}],"about":[{"href":"https:\/\/centros.uepb.edu.br\/ccbsa\/wp-json\/wp\/v2\/types\/post"}],"author":[{"embeddable":true,"href":"https:\/\/centros.uepb.edu.br\/ccbsa\/wp-json\/wp\/v2\/users\/8"}],"replies":[{"embeddable":true,"href":"https:\/\/centros.uepb.edu.br\/ccbsa\/wp-json\/wp\/v2\/comments?post=10944"}],"version-history":[{"count":0,"href":"https:\/\/centros.uepb.edu.br\/ccbsa\/wp-json\/wp\/v2\/posts\/10944\/revisions"}],"wp:featuredmedia":[{"embeddable":true,"href":"https:\/\/centros.uepb.edu.br\/ccbsa\/wp-json\/wp\/v2\/media\/10945"}],"wp:attachment":[{"href":"https:\/\/centros.uepb.edu.br\/ccbsa\/wp-json\/wp\/v2\/media?parent=10944"}],"wp:term":[{"taxonomy":"category","embeddable":true,"href":"https:\/\/centros.uepb.edu.br\/ccbsa\/wp-json\/wp\/v2\/categories?post=10944"},{"taxonomy":"post_tag","embeddable":true,"href":"https:\/\/centros.uepb.edu.br\/ccbsa\/wp-json\/wp\/v2\/tags?post=10944"}],"curies":[{"name":"wp","href":"https:\/\/api.w.org\/{rel}","templated":true}]}}