{"id":10940,"date":"2024-06-07T11:51:33","date_gmt":"2024-06-07T11:51:33","guid":{"rendered":"https:\/\/centros.uepb.edu.br\/ccbsa\/?p=10940"},"modified":"2024-06-07T11:51:33","modified_gmt":"2024-06-07T11:51:33","slug":"estudantes-do-curso-de-relacoes-internacionais-debatem-o-direito-a-educacao-de-meninas-afegas","status":"publish","type":"post","link":"https:\/\/centros.uepb.edu.br\/ccbsa\/estudantes-do-curso-de-relacoes-internacionais-debatem-o-direito-a-educacao-de-meninas-afegas\/","title":{"rendered":"Estudantes do curso de Rela\u00e7\u00f5es Internacionais debatem o direito \u00e0 educa\u00e7\u00e3o de meninas afeg\u00e3s"},"content":{"rendered":"<p>&nbsp;<\/p>\n\n\t\t<style type=\"text\/css\">\n\t\t\t#gallery-1 {\n\t\t\t\tmargin: auto;\n\t\t\t}\n\t\t\t#gallery-1 .gallery-item {\n\t\t\t\tfloat: left;\n\t\t\t\tmargin-top: 10px;\n\t\t\t\ttext-align: center;\n\t\t\t\twidth: 33%;\n\t\t\t}\n\t\t\t#gallery-1 img {\n\t\t\t\tborder: 2px solid #cfcfcf;\n\t\t\t}\n\t\t\t#gallery-1 .gallery-caption {\n\t\t\t\tmargin-left: 0;\n\t\t\t}\n\t\t\t\/* see gallery_shortcode() in wp-includes\/media.php *\/\n\t\t<\/style>\n\t\t<div id='gallery-1' class='gallery galleryid-10940 gallery-columns-3 gallery-size-full'><dl class='gallery-item'>\n\t\t\t<dt class='gallery-icon landscape'>\n\t\t\t\t<a href='https:\/\/centros.uepb.edu.br\/ccbsa\/estudantes-do-curso-de-relacoes-internacionais-debatem-o-direito-a-educacao-de-meninas-afegas\/img_8841\/'><img loading=\"lazy\" decoding=\"async\" width=\"1200\" height=\"680\" src=\"https:\/\/centros.uepb.edu.br\/ccbsa\/files\/2024\/06\/IMG_8841.png\" class=\"attachment-full size-full\" alt=\"\" srcset=\"https:\/\/centros.uepb.edu.br\/ccbsa\/files\/2024\/06\/IMG_8841.png 1200w, https:\/\/centros.uepb.edu.br\/ccbsa\/files\/2024\/06\/IMG_8841-300x170.png 300w, https:\/\/centros.uepb.edu.br\/ccbsa\/files\/2024\/06\/IMG_8841-1120x635.png 1120w\" sizes=\"auto, (max-width: 1200px) 100vw, 1200px\" \/><\/a>\n\t\t\t<\/dt><\/dl><dl class='gallery-item'>\n\t\t\t<dt class='gallery-icon landscape'>\n\t\t\t\t<a href='https:\/\/centros.uepb.edu.br\/ccbsa\/estudantes-do-curso-de-relacoes-internacionais-debatem-o-direito-a-educacao-de-meninas-afegas\/img_8844-2\/'><img loading=\"lazy\" decoding=\"async\" width=\"1200\" height=\"680\" src=\"https:\/\/centros.uepb.edu.br\/ccbsa\/files\/2024\/06\/IMG_8844.png\" class=\"attachment-full size-full\" alt=\"\" srcset=\"https:\/\/centros.uepb.edu.br\/ccbsa\/files\/2024\/06\/IMG_8844.png 1200w, https:\/\/centros.uepb.edu.br\/ccbsa\/files\/2024\/06\/IMG_8844-300x170.png 300w, https:\/\/centros.uepb.edu.br\/ccbsa\/files\/2024\/06\/IMG_8844-1120x635.png 1120w\" sizes=\"auto, (max-width: 1200px) 100vw, 1200px\" \/><\/a>\n\t\t\t<\/dt><\/dl>\n\t\t\t<br style='clear: both' \/>\n\t\t<\/div>\n\n<p><span style=\"font-weight: 400\">\u201cQuero abrir a boca, mas para cantar o qu\u00ea? Cantar n\u00e3o muda nada se nestes tempos sou desprezada (&#8230;) <\/span><span style=\"font-weight: 400\">Solit\u00e1ria, emoldurada pelo pesar e pela perda, nasci em v\u00e3o e a minha boca est\u00e1 selada\u2026\u201d, esse trecho de um poema da afeg\u00e3 Nadia Anjuman, que fez parte de um grupo de mulheres que estudavam literatura clandestinamente e foi assassinada pelo marido aos 24 anos de idade, retrata a realidade de muitas meninas e mulheres do Afeganist\u00e3o, que desde 2021 est\u00e3o proibidas de frequentar escolas e universidades.<\/span><\/p>\n<p><span style=\"font-weight: 400\">Essa conjuntura foi discutida na mesa <\/span><span style=\"font-weight: 400\">\u201cO direito \u00e0 educa\u00e7\u00e3o de meninas e a agenda 2030: (in)aplica\u00e7\u00e3o no Afeganist\u00e3o p\u00f3s-2021 como mecanismo de legitima\u00e7\u00e3o do regime Talib\u00e3\u201d, realizada nesta quarta-feira (4), na sala Marielle Franco do C\u00e2mpus V. O evento contou com a participa\u00e7\u00e3o da mestre em Direito Internacional, Anna Carla Lopes; do pesquisador afeg\u00e3o visitante no Programa de P\u00f3s-Gradua\u00e7\u00e3o em Rela\u00e7\u00f5es Internacionais da UEPB, Juma Rauli, e da professora de literatura que \u00e9 afeg\u00e3, Bigom Karimi. Al\u00e9m destes convidados, que participaram do evento de forma presencial, tamb\u00e9m foi transmitida uma mensagem em v\u00eddeo da ativista pol\u00edtica e candidata \u00e0s elei\u00e7\u00f5es para o parlamento afeg\u00e3o, <\/span><span style=\"font-weight: 400\">Armaghan Chamkanai<\/span><span style=\"font-weight: 400\">.<\/span><\/p>\n<p><span style=\"font-weight: 400\">De acordo com a professora da UEPB Adriana Torres, o evento foi idealizado como uma atividade do componente curricular \u201cDireito Internacional P\u00fablico em Rela\u00e7\u00f5es Internacionais\u201d, mas, diante do interesse de outros estudantes pela tem\u00e1tica, a a\u00e7\u00e3o passou a receber interessados na tem\u00e1tica.\u00a0<\/span><\/p>\n<p><span style=\"font-weight: 400\">\u201cEsse evento surgiu da necessidade de articula\u00e7\u00e3o entre o que \u00e9 estudado em sala de aula e a viv\u00eancia cotidiana. Ent\u00e3o trouxemos a professora Anna Carla, que \u00e9 estudiosa da agenda 2030 proposta pela ONU e ratificada por muitos pa\u00edses no que diz respeito \u00e0 educa\u00e7\u00e3o, com foco na educa\u00e7\u00e3o de meninas no Afeganist\u00e3o, a quest\u00e3o da aplicabilidade ou inaplicabilidade no regime Talib\u00e3. E a\u00ed, nesse contexto pol\u00edtico e educacional, se pensou na figura da candidata a deputada afeg\u00e3, <\/span><span style=\"font-weight: 400\">Armaghan Chamkanai<\/span><span style=\"font-weight: 400\">, que gravou um depoimento acerca das viv\u00eancias dela que vive exilada; e do professor Juma e sua esposa, ambos afeg\u00e3os, que apresentaram um recorte de viv\u00eancias\u201d, explicou professora Adriana.<\/span><\/p>\n<p><span style=\"font-weight: 400\">Governado pelo grupo fundamentalista isl\u00e2mico Talib\u00e3 desde 2021, o Afeganist\u00e3o \u00e9 um pa\u00eds marcado por iniciativas que cerceam o direito, sobretudo, de mulheres que vivem numa conjuntura de opress\u00e3o e viol\u00eancia. Uma dessas iniciativas que atingem as mulheres do pa\u00eds \u00e9 a proibi\u00e7\u00e3o de frequentar escolas e universidades. Segundo dados da UNESCO, em 2021, antes do Talib\u00e3 estabelecer o controle no pa\u00eds, o n\u00famero de mulheres a frequentar o ensino superior era superior a 100 mil. Al\u00e9m disso, dos 29 milh\u00f5es de habitantes do Afeganist\u00e3o, mais da metade vive diariamente as consequ\u00eancias de conflitos militares; 36% da popula\u00e7\u00e3o foi realocada internamente, fugindo ou sendo for\u00e7ada a deixar sua casa e regi\u00e3o de origem, diante de uma crise social e humanit\u00e1ria que se estabeleceu.<\/span><\/p>\n<p><b>Texto:<\/b><i><span style=\"font-weight: 400\"> Juliana Marques<\/span><\/i><\/p>\n","protected":false},"excerpt":{"rendered":"<p>&nbsp; \u201cQuero abrir a boca, mas para cantar o qu\u00ea? Cantar n\u00e3o muda nada se nestes tempos sou desprezada (&#8230;) Solit\u00e1ria, emoldurada pelo pesar e pela perda, nasci em v\u00e3o e a minha boca est\u00e1 selada\u2026\u201d, esse trecho de um poema da afeg\u00e3 Nadia Anjuman, que fez parte de um grupo de mulheres que estudavam <a class=\"leiamais\" href=\"https:\/\/centros.uepb.edu.br\/ccbsa\/estudantes-do-curso-de-relacoes-internacionais-debatem-o-direito-a-educacao-de-meninas-afegas\/\">Leia Mais&#8230;<\/a><\/p>\n","protected":false},"author":8,"featured_media":10941,"comment_status":"closed","ping_status":"closed","sticky":false,"template":"","format":"standard","meta":{"footnotes":""},"categories":[3,11],"tags":[],"class_list":["post-10940","post","type-post","status-publish","format-standard","has-post-thumbnail","hentry","category-noticias","category-noticias-destaque-img"],"jetpack_featured_media_url":"https:\/\/centros.uepb.edu.br\/ccbsa\/files\/2024\/06\/IMG_8841.png","_links":{"self":[{"href":"https:\/\/centros.uepb.edu.br\/ccbsa\/wp-json\/wp\/v2\/posts\/10940","targetHints":{"allow":["GET"]}}],"collection":[{"href":"https:\/\/centros.uepb.edu.br\/ccbsa\/wp-json\/wp\/v2\/posts"}],"about":[{"href":"https:\/\/centros.uepb.edu.br\/ccbsa\/wp-json\/wp\/v2\/types\/post"}],"author":[{"embeddable":true,"href":"https:\/\/centros.uepb.edu.br\/ccbsa\/wp-json\/wp\/v2\/users\/8"}],"replies":[{"embeddable":true,"href":"https:\/\/centros.uepb.edu.br\/ccbsa\/wp-json\/wp\/v2\/comments?post=10940"}],"version-history":[{"count":0,"href":"https:\/\/centros.uepb.edu.br\/ccbsa\/wp-json\/wp\/v2\/posts\/10940\/revisions"}],"wp:featuredmedia":[{"embeddable":true,"href":"https:\/\/centros.uepb.edu.br\/ccbsa\/wp-json\/wp\/v2\/media\/10941"}],"wp:attachment":[{"href":"https:\/\/centros.uepb.edu.br\/ccbsa\/wp-json\/wp\/v2\/media?parent=10940"}],"wp:term":[{"taxonomy":"category","embeddable":true,"href":"https:\/\/centros.uepb.edu.br\/ccbsa\/wp-json\/wp\/v2\/categories?post=10940"},{"taxonomy":"post_tag","embeddable":true,"href":"https:\/\/centros.uepb.edu.br\/ccbsa\/wp-json\/wp\/v2\/tags?post=10940"}],"curies":[{"name":"wp","href":"https:\/\/api.w.org\/{rel}","templated":true}]}}