{"id":10927,"date":"2024-06-05T20:07:19","date_gmt":"2024-06-05T20:07:19","guid":{"rendered":"https:\/\/centros.uepb.edu.br\/ccbsa\/?p=10927"},"modified":"2024-06-05T20:07:19","modified_gmt":"2024-06-05T20:07:19","slug":"uepb-desenvolve-atividades-que-integram-a-programacao-da-8a-semana-nacional-de-arquivos","status":"publish","type":"post","link":"https:\/\/centros.uepb.edu.br\/ccbsa\/uepb-desenvolve-atividades-que-integram-a-programacao-da-8a-semana-nacional-de-arquivos\/","title":{"rendered":"UEPB desenvolve atividades que integram a programa\u00e7\u00e3o da 8\u00aa Semana Nacional de Arquivos"},"content":{"rendered":"\n\t\t<style type=\"text\/css\">\n\t\t\t#gallery-1 {\n\t\t\t\tmargin: auto;\n\t\t\t}\n\t\t\t#gallery-1 .gallery-item {\n\t\t\t\tfloat: left;\n\t\t\t\tmargin-top: 10px;\n\t\t\t\ttext-align: center;\n\t\t\t\twidth: 33%;\n\t\t\t}\n\t\t\t#gallery-1 img {\n\t\t\t\tborder: 2px solid #cfcfcf;\n\t\t\t}\n\t\t\t#gallery-1 .gallery-caption {\n\t\t\t\tmargin-left: 0;\n\t\t\t}\n\t\t\t\/* see gallery_shortcode() in wp-includes\/media.php *\/\n\t\t<\/style>\n\t\t<div id='gallery-1' class='gallery galleryid-10927 gallery-columns-3 gallery-size-full'><dl class='gallery-item'>\n\t\t\t<dt class='gallery-icon landscape'>\n\t\t\t\t<a href='https:\/\/centros.uepb.edu.br\/ccbsa\/files\/2024\/06\/IMG_8820-1.png'><img loading=\"lazy\" decoding=\"async\" width=\"1200\" height=\"680\" src=\"https:\/\/centros.uepb.edu.br\/ccbsa\/files\/2024\/06\/IMG_8820-1.png\" class=\"attachment-full size-full\" alt=\"\" srcset=\"https:\/\/centros.uepb.edu.br\/ccbsa\/files\/2024\/06\/IMG_8820-1.png 1200w, https:\/\/centros.uepb.edu.br\/ccbsa\/files\/2024\/06\/IMG_8820-1-300x170.png 300w, https:\/\/centros.uepb.edu.br\/ccbsa\/files\/2024\/06\/IMG_8820-1-1120x635.png 1120w\" sizes=\"auto, (max-width: 1200px) 100vw, 1200px\" \/><\/a>\n\t\t\t<\/dt><\/dl><dl class='gallery-item'>\n\t\t\t<dt class='gallery-icon landscape'>\n\t\t\t\t<a href='https:\/\/centros.uepb.edu.br\/ccbsa\/files\/2024\/06\/IMG_8822.png'><img loading=\"lazy\" decoding=\"async\" width=\"1200\" height=\"680\" src=\"https:\/\/centros.uepb.edu.br\/ccbsa\/files\/2024\/06\/IMG_8822.png\" class=\"attachment-full size-full\" alt=\"\" srcset=\"https:\/\/centros.uepb.edu.br\/ccbsa\/files\/2024\/06\/IMG_8822.png 1200w, https:\/\/centros.uepb.edu.br\/ccbsa\/files\/2024\/06\/IMG_8822-300x170.png 300w, https:\/\/centros.uepb.edu.br\/ccbsa\/files\/2024\/06\/IMG_8822-1120x635.png 1120w\" sizes=\"auto, (max-width: 1200px) 100vw, 1200px\" \/><\/a>\n\t\t\t<\/dt><\/dl>\n\t\t\t<br style='clear: both' \/>\n\t\t<\/div>\n\n<p><span style=\"font-weight: 400\">O bacharelado em Arquivologia, Programa de P\u00f3s-gradua\u00e7\u00e3o em Gest\u00e3o de Documentos e Governan\u00e7a Arquiv\u00edstica (PPGDARQ) e Arquivo Central da Universidade Estadual da Para\u00edba (UEPB) promove, de 4 a 7 de junho, em Jo\u00e3o Pessoa e Campina Grande, uma programa\u00e7\u00e3o com diversas atividades vinculadas \u00e0 8\u00aa Semana Nacional de Arquivos (SNA). O evento \u00e9 organizado pelo Arquivo Nacional, do Minist\u00e9rio da Gest\u00e3o e da Inova\u00e7\u00e3o dos Servi\u00e7os P\u00fablicos.<\/span><\/p>\n<p><span style=\"font-weight: 400\">A abertura da programa\u00e7\u00e3o foi realizada nesta ter\u00e7a-feira (4) pela manh\u00e3, no audit\u00f3rio do ministrado pela diretora do Memorial Abelardo da Hora, Maria Botelho e media\u00e7\u00e3o da professora do Bacharelado em Arquivologia, Ismaelly Trajano. A programa\u00e7\u00e3o prosseguiu nesta quarta-feira (5), \u00e0s 8h30 no Laborat\u00f3rio de Conserva\u00e7\u00e3o, Restaura\u00e7\u00e3o e Encaderna\u00e7\u00e3o (LACRE), com a oficina \u201cEncaderna\u00e7\u00e3o artesanal para documentos de arquivo: princ\u00edpios e t\u00e9cnicas\u201d, com a professora da UFPB, Daniele Alves. No turno da noite ser\u00e1 realizada, na sala 8 da Central de Aulas, a oficina \u201cA LIBRAS aplicada \u00e0 arquivologia\u201d.<\/span><\/p>\n<p><span style=\"font-weight: 400\">Na quinta-feira, 6 de junho, nos turnos da manh\u00e3 e tarde, no Arquivo Central da UEPB, ser\u00e1 realizado o semin\u00e1rio t\u00e9cnico \u201cArquivo central da UEPB: conex\u00e3o para acessibilidade\u201d. E o encerramento da programa\u00e7\u00e3o ocorre na sexta-feira, 7 de junho, \u00e0s 19h, com a palestra \u201cA no\u00e7\u00e3o da ontog\u00eanese documental como ferramenta para potencializar a democratiza\u00e7\u00e3o e a qualidade da informa\u00e7\u00e3o\u201d, que ter\u00e1 como ministrante a docente do PPGDARQ, Julianne Teixeira.\u00a0<\/span><\/p>\n<p><span style=\"font-weight: 400\">A SNA simultaneamente com a Semana Internacional de Arquivos, promovida anualmente pelo Conselho Internacional de Arquivos em refer\u00eancia \u00e0 data de sua cria\u00e7\u00e3o pela Unesco, em 9 de junho de 1948. A Semana Nacional de Arquivos tem como refer\u00eancia o Dia Internacional dos Arquivos, comemorado no dia 9 de junho, que foi proclamado na Assembleia Geral do Conselho Internacional de Arquivos (International Council on Archives \u2013 ICA), em 2007.<\/span><\/p>\n<p><span style=\"font-weight: 400\"><strong>Texto:<\/strong> <em>Juliana Marques<\/em><\/span><\/p>\n","protected":false},"excerpt":{"rendered":"<p>O bacharelado em Arquivologia, Programa de P\u00f3s-gradua\u00e7\u00e3o em Gest\u00e3o de Documentos e Governan\u00e7a Arquiv\u00edstica (PPGDARQ) e Arquivo Central da Universidade Estadual da Para\u00edba (UEPB) promove, de 4 a 7 de junho, em Jo\u00e3o Pessoa e Campina Grande, uma programa\u00e7\u00e3o com diversas atividades vinculadas \u00e0 8\u00aa Semana Nacional de Arquivos (SNA). O evento \u00e9 organizado pelo <a class=\"leiamais\" href=\"https:\/\/centros.uepb.edu.br\/ccbsa\/uepb-desenvolve-atividades-que-integram-a-programacao-da-8a-semana-nacional-de-arquivos\/\">Leia Mais&#8230;<\/a><\/p>\n","protected":false},"author":8,"featured_media":10928,"comment_status":"closed","ping_status":"closed","sticky":false,"template":"","format":"standard","meta":{"footnotes":""},"categories":[3,11],"tags":[],"class_list":["post-10927","post","type-post","status-publish","format-standard","has-post-thumbnail","hentry","category-noticias","category-noticias-destaque-img"],"jetpack_featured_media_url":"https:\/\/centros.uepb.edu.br\/ccbsa\/files\/2024\/06\/IMG_8820.png","_links":{"self":[{"href":"https:\/\/centros.uepb.edu.br\/ccbsa\/wp-json\/wp\/v2\/posts\/10927","targetHints":{"allow":["GET"]}}],"collection":[{"href":"https:\/\/centros.uepb.edu.br\/ccbsa\/wp-json\/wp\/v2\/posts"}],"about":[{"href":"https:\/\/centros.uepb.edu.br\/ccbsa\/wp-json\/wp\/v2\/types\/post"}],"author":[{"embeddable":true,"href":"https:\/\/centros.uepb.edu.br\/ccbsa\/wp-json\/wp\/v2\/users\/8"}],"replies":[{"embeddable":true,"href":"https:\/\/centros.uepb.edu.br\/ccbsa\/wp-json\/wp\/v2\/comments?post=10927"}],"version-history":[{"count":0,"href":"https:\/\/centros.uepb.edu.br\/ccbsa\/wp-json\/wp\/v2\/posts\/10927\/revisions"}],"wp:featuredmedia":[{"embeddable":true,"href":"https:\/\/centros.uepb.edu.br\/ccbsa\/wp-json\/wp\/v2\/media\/10928"}],"wp:attachment":[{"href":"https:\/\/centros.uepb.edu.br\/ccbsa\/wp-json\/wp\/v2\/media?parent=10927"}],"wp:term":[{"taxonomy":"category","embeddable":true,"href":"https:\/\/centros.uepb.edu.br\/ccbsa\/wp-json\/wp\/v2\/categories?post=10927"},{"taxonomy":"post_tag","embeddable":true,"href":"https:\/\/centros.uepb.edu.br\/ccbsa\/wp-json\/wp\/v2\/tags?post=10927"}],"curies":[{"name":"wp","href":"https:\/\/api.w.org\/{rel}","templated":true}]}}