{"id":10922,"date":"2024-06-05T15:15:16","date_gmt":"2024-06-05T15:15:16","guid":{"rendered":"https:\/\/centros.uepb.edu.br\/ccbsa\/?p=10922"},"modified":"2024-06-05T15:15:16","modified_gmt":"2024-06-05T15:15:16","slug":"farpas-realiza-arraia-no-campus-v-com-a-participacao-de-comunidade-academica-amigos-e-familiares","status":"publish","type":"post","link":"https:\/\/centros.uepb.edu.br\/ccbsa\/farpas-realiza-arraia-no-campus-v-com-a-participacao-de-comunidade-academica-amigos-e-familiares\/","title":{"rendered":"Farpas realiza arrai\u00e1 no C\u00e2mpus V com a participa\u00e7\u00e3o de comunidade acad\u00eamica, amigos e familiares"},"content":{"rendered":"\n\t\t<style type=\"text\/css\">\n\t\t\t#gallery-1 {\n\t\t\t\tmargin: auto;\n\t\t\t}\n\t\t\t#gallery-1 .gallery-item {\n\t\t\t\tfloat: left;\n\t\t\t\tmargin-top: 10px;\n\t\t\t\ttext-align: center;\n\t\t\t\twidth: 33%;\n\t\t\t}\n\t\t\t#gallery-1 img {\n\t\t\t\tborder: 2px solid #cfcfcf;\n\t\t\t}\n\t\t\t#gallery-1 .gallery-caption {\n\t\t\t\tmargin-left: 0;\n\t\t\t}\n\t\t\t\/* see gallery_shortcode() in wp-includes\/media.php *\/\n\t\t<\/style>\n\t\t<div id='gallery-1' class='gallery galleryid-10922 gallery-columns-3 gallery-size-full'><dl class='gallery-item'>\n\t\t\t<dt class='gallery-icon landscape'>\n\t\t\t\t<a href='https:\/\/centros.uepb.edu.br\/ccbsa\/files\/2024\/06\/IMG_8774.png'><img loading=\"lazy\" decoding=\"async\" width=\"1200\" height=\"761\" src=\"https:\/\/centros.uepb.edu.br\/ccbsa\/files\/2024\/06\/IMG_8774.png\" class=\"attachment-full size-full\" alt=\"\" srcset=\"https:\/\/centros.uepb.edu.br\/ccbsa\/files\/2024\/06\/IMG_8774.png 1200w, https:\/\/centros.uepb.edu.br\/ccbsa\/files\/2024\/06\/IMG_8774-300x190.png 300w, https:\/\/centros.uepb.edu.br\/ccbsa\/files\/2024\/06\/IMG_8774-1120x710.png 1120w\" sizes=\"auto, (max-width: 1200px) 100vw, 1200px\" \/><\/a>\n\t\t\t<\/dt><\/dl><dl class='gallery-item'>\n\t\t\t<dt class='gallery-icon landscape'>\n\t\t\t\t<a href='https:\/\/centros.uepb.edu.br\/ccbsa\/files\/2024\/06\/IMG_8814.png'><img loading=\"lazy\" decoding=\"async\" width=\"1200\" height=\"819\" src=\"https:\/\/centros.uepb.edu.br\/ccbsa\/files\/2024\/06\/IMG_8814.png\" class=\"attachment-full size-full\" alt=\"\" srcset=\"https:\/\/centros.uepb.edu.br\/ccbsa\/files\/2024\/06\/IMG_8814.png 1200w, https:\/\/centros.uepb.edu.br\/ccbsa\/files\/2024\/06\/IMG_8814-300x205.png 300w, https:\/\/centros.uepb.edu.br\/ccbsa\/files\/2024\/06\/IMG_8814-1120x764.png 1120w\" sizes=\"auto, (max-width: 1200px) 100vw, 1200px\" \/><\/a>\n\t\t\t<\/dt><\/dl><dl class='gallery-item'>\n\t\t\t<dt class='gallery-icon landscape'>\n\t\t\t\t<a href='https:\/\/centros.uepb.edu.br\/ccbsa\/files\/2024\/06\/IMG_8809.png'><img loading=\"lazy\" decoding=\"async\" width=\"1200\" height=\"680\" src=\"https:\/\/centros.uepb.edu.br\/ccbsa\/files\/2024\/06\/IMG_8809.png\" class=\"attachment-full size-full\" alt=\"\" srcset=\"https:\/\/centros.uepb.edu.br\/ccbsa\/files\/2024\/06\/IMG_8809.png 1200w, https:\/\/centros.uepb.edu.br\/ccbsa\/files\/2024\/06\/IMG_8809-300x170.png 300w, https:\/\/centros.uepb.edu.br\/ccbsa\/files\/2024\/06\/IMG_8809-1120x635.png 1120w\" sizes=\"auto, (max-width: 1200px) 100vw, 1200px\" \/><\/a>\n\t\t\t<\/dt><\/dl><br style=\"clear: both\" \/>\n\t\t<\/div>\n\n<p><span style=\"font-weight: 400\">Comidas t\u00edpicas, quadrilha, bandeirolas, forr\u00f3, dentre outros elementos dos tradicionais festejos juninos, marcaram o Farpai\u00e1, celebra\u00e7\u00e3o realizada na segunda-feira (3) \u00e0 noite, no hall do pr\u00e9dio da Central de Aulas do C\u00e2mpus V da Universidade Estadual da Para\u00edba (UEPB). A atividade foi organizada pela equipe do\u00a0 Festival de Artes e Participa\u00e7\u00e3o Social (Farpas), que \u00e9 vinculado ao Projeto \u201cMem\u00f3ria, sociedade e cidadania (MUDDE): reflex\u00f5es para al\u00e9m dos muros acad\u00eamicos\u201d, do curso de Arquivologia.<\/span><\/p>\n<p><span style=\"font-weight: 400\">Al\u00e9m da venda de alimentos preparados por membros da comunidade e parceiros, o Arrai\u00e1 contou com a apresenta\u00e7\u00e3o de um grupo musical formado por estudantes egressos e docentes do curso de Arquivologia que acompanharam o m\u00fasico Molla Sanfoneiro e fizeram o resgate de can\u00e7\u00f5es do aut\u00eantico forr\u00f3 e animaram a festa. As pessoas que compareceram ao Arrai\u00e1 puderam ter acesso a brincadeiras como a pescaria e o concurso de rei e rainha do milho indicados entre os membros da comunidade.\u00a0<\/span><\/p>\n<p><span style=\"font-weight: 400\">De acordo com o coordenador do Farpas, professor Henrique Fran\u00e7a, o evento foi idealizado como uma oportunidade de confraterniza\u00e7\u00e3o e de celebrar um per\u00edodo tradicional para o povo nordestino, que s\u00e3o os festejos juninos. \u201cA ideia do Farpai\u00e1 foi reunir estudantes, professores, t\u00e9cnicos-administrativos, amigos, familiares, estarmos juntos, socializar. Precisamos promover mais momentos de encontro, para celebrar a maior manifesta\u00e7\u00e3o cultural que temos no Nordeste que s\u00e3o os festejos juninos, e n\u00e3o podemos abrir m\u00e3o dessa tradi\u00e7\u00e3o com m\u00fasica, brincadeiras, comidas t\u00edpicas, dan\u00e7a, quermesse, al\u00e9m de celebrar a vida e os nossos encontros\u201d, explicou o docente.<\/span><\/p>\n<p><span style=\"font-weight: 400\">A perspectiva \u00e9 que essa seja a primeira edi\u00e7\u00e3o do Farpai\u00e1, que deve ser promovido anualmente, compondo o calend\u00e1rio de atividades relacionadas ao Farpas, que j\u00e1 \u00e9 tradicionalmente realizado no C\u00e2mpus V com o uso das diversas express\u00f5es art\u00edsticas e atividades acad\u00eamicas com o objetivo de possibilitar debates sobre temas de relev\u00e2ncia sociocultural.<\/span><\/p>\n<p><span style=\"font-weight: 400\"><strong>Texto:<\/strong> <em>Juliana Marques<\/em><\/span><\/p>\n","protected":false},"excerpt":{"rendered":"<p>Comidas t\u00edpicas, quadrilha, bandeirolas, forr\u00f3, dentre outros elementos dos tradicionais festejos juninos, marcaram o Farpai\u00e1, celebra\u00e7\u00e3o realizada na segunda-feira (3) \u00e0 noite, no hall do pr\u00e9dio da Central de Aulas do C\u00e2mpus V da Universidade Estadual da Para\u00edba (UEPB). A atividade foi organizada pela equipe do\u00a0 Festival de Artes e Participa\u00e7\u00e3o Social (Farpas), que \u00e9 <a class=\"leiamais\" href=\"https:\/\/centros.uepb.edu.br\/ccbsa\/farpas-realiza-arraia-no-campus-v-com-a-participacao-de-comunidade-academica-amigos-e-familiares\/\">Leia Mais&#8230;<\/a><\/p>\n","protected":false},"author":8,"featured_media":10923,"comment_status":"closed","ping_status":"closed","sticky":false,"template":"","format":"standard","meta":{"footnotes":""},"categories":[3,11],"tags":[],"class_list":["post-10922","post","type-post","status-publish","format-standard","has-post-thumbnail","hentry","category-noticias","category-noticias-destaque-img"],"jetpack_featured_media_url":"https:\/\/centros.uepb.edu.br\/ccbsa\/files\/2024\/06\/IMG_8809.png","_links":{"self":[{"href":"https:\/\/centros.uepb.edu.br\/ccbsa\/wp-json\/wp\/v2\/posts\/10922","targetHints":{"allow":["GET"]}}],"collection":[{"href":"https:\/\/centros.uepb.edu.br\/ccbsa\/wp-json\/wp\/v2\/posts"}],"about":[{"href":"https:\/\/centros.uepb.edu.br\/ccbsa\/wp-json\/wp\/v2\/types\/post"}],"author":[{"embeddable":true,"href":"https:\/\/centros.uepb.edu.br\/ccbsa\/wp-json\/wp\/v2\/users\/8"}],"replies":[{"embeddable":true,"href":"https:\/\/centros.uepb.edu.br\/ccbsa\/wp-json\/wp\/v2\/comments?post=10922"}],"version-history":[{"count":0,"href":"https:\/\/centros.uepb.edu.br\/ccbsa\/wp-json\/wp\/v2\/posts\/10922\/revisions"}],"wp:featuredmedia":[{"embeddable":true,"href":"https:\/\/centros.uepb.edu.br\/ccbsa\/wp-json\/wp\/v2\/media\/10923"}],"wp:attachment":[{"href":"https:\/\/centros.uepb.edu.br\/ccbsa\/wp-json\/wp\/v2\/media?parent=10922"}],"wp:term":[{"taxonomy":"category","embeddable":true,"href":"https:\/\/centros.uepb.edu.br\/ccbsa\/wp-json\/wp\/v2\/categories?post=10922"},{"taxonomy":"post_tag","embeddable":true,"href":"https:\/\/centros.uepb.edu.br\/ccbsa\/wp-json\/wp\/v2\/tags?post=10922"}],"curies":[{"name":"wp","href":"https:\/\/api.w.org\/{rel}","templated":true}]}}