{"id":10903,"date":"2024-05-27T19:36:32","date_gmt":"2024-05-27T19:36:32","guid":{"rendered":"https:\/\/centros.uepb.edu.br\/ccbsa\/?p=10903"},"modified":"2024-05-27T20:25:01","modified_gmt":"2024-05-27T20:25:01","slug":"festival-de-artes-e-participacao-social-promove-arraia-para-comunidade-academica-do-campus-v","status":"publish","type":"post","link":"https:\/\/centros.uepb.edu.br\/ccbsa\/festival-de-artes-e-participacao-social-promove-arraia-para-comunidade-academica-do-campus-v\/","title":{"rendered":"Festival de Artes e Participa\u00e7\u00e3o Social promove arrai\u00e1 para comunidade acad\u00eamica do C\u00e2mpus V"},"content":{"rendered":"<p><a href=\"https:\/\/centros.uepb.edu.br\/ccbsa\/files\/2024\/05\/FARPARRAIA-1.jpg\"><img loading=\"lazy\" decoding=\"async\" class=\"aligncenter size-full wp-image-10906 img-responsive\" src=\"https:\/\/centros.uepb.edu.br\/ccbsa\/files\/2024\/05\/FARPARRAIA-1.jpg\" alt=\"\" width=\"1200\" height=\"680\" srcset=\"https:\/\/centros.uepb.edu.br\/ccbsa\/files\/2024\/05\/FARPARRAIA-1.jpg 1200w, https:\/\/centros.uepb.edu.br\/ccbsa\/files\/2024\/05\/FARPARRAIA-1-300x170.jpg 300w, https:\/\/centros.uepb.edu.br\/ccbsa\/files\/2024\/05\/FARPARRAIA-1-1120x635.jpg 1120w\" sizes=\"auto, (max-width: 1200px) 100vw, 1200px\" \/><\/a><\/p>\n<p><span style=\"font-weight: 400\">O\u00a0 Festival de Artes e Participa\u00e7\u00e3o Social, vinculado ao Projeto \u201cMem\u00f3ria, sociedade e cidadania (MUDDE): reflex\u00f5es para al\u00e9m dos muros acad\u00eamicos\u201d, do curso de Arquivologia do C\u00e2mpus V da Universidade Estadual da Para\u00edba (UEPB), promove, na segunda-feira, 3 de junho, \u00e0s 19h, no pr\u00e9dio da Central de Aulas, o Farpai\u00e1, arrai\u00e1 junino que deve congregar a comunidade acad\u00eamica do Centro de Ci\u00eancias Biol\u00f3gicas e Sociais Aplicadas, familiares e parceiros convidados pela equipe do Farpas.\u00a0<\/span><\/p>\n<p><span style=\"font-weight: 400\">Segundo o coordenador do Farpas, professor Henrique Fran\u00e7a, al\u00e9m do aut\u00eantico forr\u00f3 p\u00e9-de-serra, que ser\u00e1 apresentado ao vivo pelo m\u00fasico Molla Sanfoneiro, que j\u00e1 se apresentou no Farpas 2023, o evento deve fazer um resgate das principais tradi\u00e7\u00f5es dos festejos juninos nordestinos. No local est\u00e1 sendo organizada uma quermesse, correio elegante e um espa\u00e7o gastron\u00f4mico com a venda de comidas t\u00edpicas feitas por membros da comunidade. Segundo o professor Henrique a ideia \u00e9 que o evento seja uma celebra\u00e7\u00e3o de fim de per\u00edodo e uma oportunidade de confraterniza\u00e7\u00e3o entre toda a comunidade acad\u00eamica.\u00a0\u00a0<\/span><\/p>\n<p><span style=\"font-weight: 400\">Haver\u00e1, ainda, a elei\u00e7\u00e3o do rei e rainha do milho, escolhidos a partir de um <a href=\"https:\/\/docs.google.com\/forms\/d\/e\/1FAIpQLSeGo65MEr8ufuozc7BVAfyKDTv_CLABoViqo-wLzF6Nz7KWSg\/viewform\">formul\u00e1rio eletr\u00f4nico<\/a> \u00a0<\/span><span style=\"font-weight: 400\">no qual a comunidade acad\u00eamica pode indicar casais de todos os cursos do C\u00e2mpus V.<\/span><\/p>\n<p>Outras informa\u00e7\u00f5es: <a href=\"https:\/\/www.instagram.com\/farpas.uepb\/\">https:\/\/www.instagram.com\/farpas.uepb\/<\/a><\/p>\n","protected":false},"excerpt":{"rendered":"<p>O\u00a0 Festival de Artes e Participa\u00e7\u00e3o Social, vinculado ao Projeto \u201cMem\u00f3ria, sociedade e cidadania (MUDDE): reflex\u00f5es para al\u00e9m dos muros acad\u00eamicos\u201d, do curso de Arquivologia do C\u00e2mpus V da Universidade Estadual da Para\u00edba (UEPB), promove, na segunda-feira, 3 de junho, \u00e0s 19h, no pr\u00e9dio da Central de Aulas, o Farpai\u00e1, arrai\u00e1 junino que deve congregar <a class=\"leiamais\" href=\"https:\/\/centros.uepb.edu.br\/ccbsa\/festival-de-artes-e-participacao-social-promove-arraia-para-comunidade-academica-do-campus-v\/\">Leia Mais&#8230;<\/a><\/p>\n","protected":false},"author":8,"featured_media":10906,"comment_status":"closed","ping_status":"closed","sticky":false,"template":"","format":"standard","meta":{"footnotes":""},"categories":[3,11],"tags":[],"class_list":["post-10903","post","type-post","status-publish","format-standard","has-post-thumbnail","hentry","category-noticias","category-noticias-destaque-img"],"jetpack_featured_media_url":"https:\/\/centros.uepb.edu.br\/ccbsa\/files\/2024\/05\/FARPARRAIA-1.jpg","_links":{"self":[{"href":"https:\/\/centros.uepb.edu.br\/ccbsa\/wp-json\/wp\/v2\/posts\/10903","targetHints":{"allow":["GET"]}}],"collection":[{"href":"https:\/\/centros.uepb.edu.br\/ccbsa\/wp-json\/wp\/v2\/posts"}],"about":[{"href":"https:\/\/centros.uepb.edu.br\/ccbsa\/wp-json\/wp\/v2\/types\/post"}],"author":[{"embeddable":true,"href":"https:\/\/centros.uepb.edu.br\/ccbsa\/wp-json\/wp\/v2\/users\/8"}],"replies":[{"embeddable":true,"href":"https:\/\/centros.uepb.edu.br\/ccbsa\/wp-json\/wp\/v2\/comments?post=10903"}],"version-history":[{"count":0,"href":"https:\/\/centros.uepb.edu.br\/ccbsa\/wp-json\/wp\/v2\/posts\/10903\/revisions"}],"wp:featuredmedia":[{"embeddable":true,"href":"https:\/\/centros.uepb.edu.br\/ccbsa\/wp-json\/wp\/v2\/media\/10906"}],"wp:attachment":[{"href":"https:\/\/centros.uepb.edu.br\/ccbsa\/wp-json\/wp\/v2\/media?parent=10903"}],"wp:term":[{"taxonomy":"category","embeddable":true,"href":"https:\/\/centros.uepb.edu.br\/ccbsa\/wp-json\/wp\/v2\/categories?post=10903"},{"taxonomy":"post_tag","embeddable":true,"href":"https:\/\/centros.uepb.edu.br\/ccbsa\/wp-json\/wp\/v2\/tags?post=10903"}],"curies":[{"name":"wp","href":"https:\/\/api.w.org\/{rel}","templated":true}]}}