{"id":10868,"date":"2024-05-16T14:21:46","date_gmt":"2024-05-16T14:21:46","guid":{"rendered":"https:\/\/centros.uepb.edu.br\/ccbsa\/?p=10868"},"modified":"2024-05-16T14:21:46","modified_gmt":"2024-05-16T14:21:46","slug":"direcao-de-centro-informa-sobre-reuniao-com-formandos-do-periodo-letivo-2024-1-do-ccbsa","status":"publish","type":"post","link":"https:\/\/centros.uepb.edu.br\/ccbsa\/direcao-de-centro-informa-sobre-reuniao-com-formandos-do-periodo-letivo-2024-1-do-ccbsa\/","title":{"rendered":"Dire\u00e7\u00e3o de Centro informa sobre reuni\u00e3o com formandos do per\u00edodo letivo 2024.1 do CCBSA"},"content":{"rendered":"<p>A dire\u00e7\u00e3o do Centro de Ci\u00eancias Biol\u00f3gicas e Sociais Aplicadas (CCBSA) da Universidade Estadual da Para\u00edba, comunica aos formandos dos cursos de gradua\u00e7\u00e3o em Arquivologia, Ci\u00eancias Biol\u00f3gicas e Rela\u00e7\u00f5es Internacionais do C\u00e2mpus V que, ser\u00e1 realizada, na ter\u00e7a-feira, 21 de maio, \u00e0s 10h e 18h30, no audit\u00f3rio Pioneiros, a reuni\u00e3o destinada a informes e defini\u00e7\u00e3o de detalhes referentes \u00e0 cerim\u00f4nia de cola\u00e7\u00e3o de Grau do per\u00edodo letivo 2024.1.<\/p>\n<p>Na oportunidade ser\u00e3o escolhidos o estudante que far\u00e1 o juramento em nome das turmas concluintes, o aluno que ir\u00e1 colar grau em nome dos formandos de cada curso, o paraninfo geral e os integrantes da comitiva que o conduzir\u00e1.<\/p>\n<p>Durante a reuni\u00e3o tamb\u00e9m ser\u00e1 aberto o Edital para a escolha do Orador Oficial e fornecidas orienta\u00e7\u00f5es do cerimonial quanto a trajes, becas, ensaio geral, participa\u00e7\u00e3o dos fot\u00f3grafos e convidados, hora de chegada, entre outros assuntos de interesse dos futuros formandos.<\/p>\n<p>A solenidade de Cola\u00e7\u00e3o de Grau do semestre 2024.1 do C\u00e2mpus V ser\u00e1 realizada no dia 23 de julho, \u00e0s 10h.<\/p>\n","protected":false},"excerpt":{"rendered":"<p>A dire\u00e7\u00e3o do Centro de Ci\u00eancias Biol\u00f3gicas e Sociais Aplicadas (CCBSA) da Universidade Estadual da Para\u00edba, comunica aos formandos dos cursos de gradua\u00e7\u00e3o em Arquivologia, Ci\u00eancias Biol\u00f3gicas e Rela\u00e7\u00f5es Internacionais do C\u00e2mpus V que, ser\u00e1 realizada, na ter\u00e7a-feira, 21 de maio, \u00e0s 10h e 18h30, no audit\u00f3rio Pioneiros, a reuni\u00e3o destinada a informes e defini\u00e7\u00e3o <a class=\"leiamais\" href=\"https:\/\/centros.uepb.edu.br\/ccbsa\/direcao-de-centro-informa-sobre-reuniao-com-formandos-do-periodo-letivo-2024-1-do-ccbsa\/\">Leia Mais&#8230;<\/a><\/p>\n","protected":false},"author":8,"featured_media":10499,"comment_status":"closed","ping_status":"closed","sticky":false,"template":"","format":"standard","meta":{"footnotes":""},"categories":[3,11],"tags":[],"class_list":["post-10868","post","type-post","status-publish","format-standard","has-post-thumbnail","hentry","category-noticias","category-noticias-destaque-img"],"jetpack_featured_media_url":"https:\/\/centros.uepb.edu.br\/ccbsa\/files\/2023\/11\/Arte-Colacao-de-Grau-1.png","_links":{"self":[{"href":"https:\/\/centros.uepb.edu.br\/ccbsa\/wp-json\/wp\/v2\/posts\/10868","targetHints":{"allow":["GET"]}}],"collection":[{"href":"https:\/\/centros.uepb.edu.br\/ccbsa\/wp-json\/wp\/v2\/posts"}],"about":[{"href":"https:\/\/centros.uepb.edu.br\/ccbsa\/wp-json\/wp\/v2\/types\/post"}],"author":[{"embeddable":true,"href":"https:\/\/centros.uepb.edu.br\/ccbsa\/wp-json\/wp\/v2\/users\/8"}],"replies":[{"embeddable":true,"href":"https:\/\/centros.uepb.edu.br\/ccbsa\/wp-json\/wp\/v2\/comments?post=10868"}],"version-history":[{"count":0,"href":"https:\/\/centros.uepb.edu.br\/ccbsa\/wp-json\/wp\/v2\/posts\/10868\/revisions"}],"wp:featuredmedia":[{"embeddable":true,"href":"https:\/\/centros.uepb.edu.br\/ccbsa\/wp-json\/wp\/v2\/media\/10499"}],"wp:attachment":[{"href":"https:\/\/centros.uepb.edu.br\/ccbsa\/wp-json\/wp\/v2\/media?parent=10868"}],"wp:term":[{"taxonomy":"category","embeddable":true,"href":"https:\/\/centros.uepb.edu.br\/ccbsa\/wp-json\/wp\/v2\/categories?post=10868"},{"taxonomy":"post_tag","embeddable":true,"href":"https:\/\/centros.uepb.edu.br\/ccbsa\/wp-json\/wp\/v2\/tags?post=10868"}],"curies":[{"name":"wp","href":"https:\/\/api.w.org\/{rel}","templated":true}]}}