{"id":10829,"date":"2024-05-09T15:03:12","date_gmt":"2024-05-09T15:03:12","guid":{"rendered":"https:\/\/centros.uepb.edu.br\/ccbsa\/?p=10829"},"modified":"2024-05-09T15:03:35","modified_gmt":"2024-05-09T15:03:35","slug":"comissao-de-acessibilidade-em-ambientes-das-bibliotecas-promove-capacitacao-para-servidores-da-codecom","status":"publish","type":"post","link":"https:\/\/centros.uepb.edu.br\/ccbsa\/comissao-de-acessibilidade-em-ambientes-das-bibliotecas-promove-capacitacao-para-servidores-da-codecom\/","title":{"rendered":"Comiss\u00e3o de Acessibilidade em Ambientes das Bibliotecas promove capacita\u00e7\u00e3o para servidores da Codecom"},"content":{"rendered":"<p><a href=\"https:\/\/centros.uepb.edu.br\/ccbsa\/files\/2024\/05\/Capacitacao-NAI-Codecom-04.jpeg\"><img loading=\"lazy\" decoding=\"async\" class=\"aligncenter size-full wp-image-10830 img-responsive\" src=\"https:\/\/centros.uepb.edu.br\/ccbsa\/files\/2024\/05\/Capacitacao-NAI-Codecom-04.jpeg\" alt=\"\" width=\"1200\" height=\"680\" srcset=\"https:\/\/centros.uepb.edu.br\/ccbsa\/files\/2024\/05\/Capacitacao-NAI-Codecom-04.jpeg 1200w, https:\/\/centros.uepb.edu.br\/ccbsa\/files\/2024\/05\/Capacitacao-NAI-Codecom-04-300x170.jpeg 300w, https:\/\/centros.uepb.edu.br\/ccbsa\/files\/2024\/05\/Capacitacao-NAI-Codecom-04-1120x635.jpeg 1120w\" sizes=\"auto, (max-width: 1200px) 100vw, 1200px\" \/><\/a><\/p>\n<p>Inclus\u00e3o, sensibilidade, informa\u00e7\u00f5es e forma\u00e7\u00e3o. Com essa finalidade, a Comiss\u00e3o de Inclus\u00e3o e Acessibilidade em Ambientes das Bibliotecas da Universidade Estadual da Para\u00edba (UEPB), em parceria com o N\u00facleo de Acessibilidade e Inclus\u00e3o (NAI), promoveu, nos turnos da manh\u00e3 e tarde desta quarta-feira (8), uma capacita\u00e7\u00e3o para servidores da Coordenadoria de Comunica\u00e7\u00e3o (CODECOM) da Institui\u00e7\u00e3o.<\/p>\n<p>A atividade foi realizada na Central de Integra\u00e7\u00e3o Acad\u00eamica Paulo Freire, no C\u00e2mpus I, na sala 226, e contou com a participa\u00e7\u00e3o de jornalistas e publicit\u00e1rios que atuam na produ\u00e7\u00e3o de not\u00edcias e conte\u00fados institucionais divulgados no site e nas redes sociais da UEPB. A capacita\u00e7\u00e3o, com uma carga hor\u00e1ria de 4h de dura\u00e7\u00e3o, foi ministrada pelas servidoras do C\u00e2mpus V, Milena Borges, Ana L\u00facia, e Imena Vict\u00f3ria, al\u00e9m de Alindembergue Ara\u00fajo, membro do NAI.<img loading=\"lazy\" decoding=\"async\" class=\"alignnone size-full wp-image-92048 img-responsive img-responsive\" src=\"https:\/\/uepb.edu.br\/wp-content\/uploads\/2024\/05\/Capacitacao-NAI-Codecom-05.jpeg\" alt=\"\" width=\"1280\" height=\"960\" data-attachment-id=\"92048\" data-permalink=\"https:\/\/uepb.edu.br\/comissao-de-acessibilidade-em-ambientes-das-bibliotecas-promove-capacitacao-para-servidores-da-codecom\/capacitacao-nai-codecom-05\/\" data-orig-file=\"https:\/\/uepb.edu.br\/wp-content\/uploads\/2024\/05\/Capacitacao-NAI-Codecom-05.jpeg\" data-orig-size=\"1280,960\" data-comments-opened=\"0\" data-image-meta=\"{&quot;aperture&quot;:&quot;0&quot;,&quot;credit&quot;:&quot;&quot;,&quot;camera&quot;:&quot;&quot;,&quot;caption&quot;:&quot;&quot;,&quot;created_timestamp&quot;:&quot;0&quot;,&quot;copyright&quot;:&quot;&quot;,&quot;focal_length&quot;:&quot;0&quot;,&quot;iso&quot;:&quot;0&quot;,&quot;shutter_speed&quot;:&quot;0&quot;,&quot;title&quot;:&quot;&quot;,&quot;orientation&quot;:&quot;0&quot;}\" data-image-title=\"Capacita\u00e7\u00e3o NAI \u2013 Codecom \u2013 05\" data-image-description=\"\" data-image-caption=\"\" data-medium-file=\"https:\/\/uepb.edu.br\/wp-content\/uploads\/2024\/05\/Capacitacao-NAI-Codecom-05-300x225.jpeg\" data-large-file=\"https:\/\/uepb.edu.br\/wp-content\/uploads\/2024\/05\/Capacitacao-NAI-Codecom-05.jpeg\" \/><\/p>\n<p>Ao longo da atividade, foram apresentadas informa\u00e7\u00f5es sobre tecnologias assistivas, leitores de voz, tipos de defici\u00eancias, al\u00e9m de apresentar alguns sites que testam a acessibilidade. \u201cN\u00f3s viemos para conversar um pouco sobre a inclus\u00e3o e a necessidade e import\u00e2ncia da inclus\u00e3o das pessoas com defici\u00eancias, principalmente no \u00e2mbito do trabalho e estudantil\u201d, explicou Milena Borges.<\/p>\n<p>O cronograma do curso abordou temas como \u201cAs Pessoas com Defici\u00eancia\u201d, o \u201cMarco Legal\u201d, \u201cTecnologia Assistiva\u201d, \u201cA Audiodescri\u00e7\u00e3o\u201d, \u201cExposi\u00e7\u00e3o do Check list pelos participantes\u201d, \u201cDesenvolvimento de Materiais Digitais com Acessibilidade\u201d, \u201cAcesso \u00e0 web e Tecnologia Assistiva pelas pessoas com defici\u00eancia\u201d, e \u201cUtiliza\u00e7\u00e3o de Metadescription Acess\u00edveis nas Redes Sociais\u201d.<\/p>\n<p>Na parte da manh\u00e3 foi apresentando algumas ferramentas necess\u00e1rias para tornar os sites acess\u00edveis \u00e0s pessoas com defici\u00eancia, como forma de garantir a plena autonomia na busca pelas informa\u00e7\u00f5es. Tamb\u00e9m foi mostrado os termos corretos que devem ser usados na produ\u00e7\u00e3o do conte\u00fado. As servidoras do C\u00e2mpus V apresentaram tamb\u00e9m a legisla\u00e7\u00e3o que garante \u00e0s pessoas com defici\u00eancia o acesso \u00e0 informa\u00e7\u00e3o, a exemplo da Lei Brasileira de Inclus\u00e3o, tamb\u00e9m conhecida como Estatuto de Pessoas com Defici\u00eancia, criada em 2015.<\/p>\n<div id=\"gallery-1\" class=\"gallery galleryid-92052 gallery-columns-3 gallery-size-medium\" data-carousel-extra=\"{&quot;blog_id&quot;:1,&quot;permalink&quot;:&quot;https:\\\/\\\/uepb.edu.br\\\/comissao-de-acessibilidade-em-ambientes-das-bibliotecas-promove-capacitacao-para-servidores-da-codecom\\\/&quot;}\">\n<dl class=\"gallery-item\">\n<dt class=\"gallery-icon landscape\"><a href=\"https:\/\/uepb.edu.br\/capacitacao-nai-codecom-01\/\"><img loading=\"lazy\" decoding=\"async\" class=\"attachment-medium size-medium img-responsive\" src=\"https:\/\/uepb.edu.br\/wp-content\/uploads\/2024\/05\/Capacitacao-NAI-Codecom-01-300x226.jpeg\" alt=\"\" width=\"300\" height=\"226\" data-attachment-id=\"92051\" data-permalink=\"https:\/\/uepb.edu.br\/capacitacao-nai-codecom-01\/\" data-orig-file=\"https:\/\/uepb.edu.br\/wp-content\/uploads\/2024\/05\/Capacitacao-NAI-Codecom-01.jpeg\" data-orig-size=\"1600,1204\" data-comments-opened=\"0\" data-image-meta=\"{&quot;aperture&quot;:&quot;0&quot;,&quot;credit&quot;:&quot;&quot;,&quot;camera&quot;:&quot;&quot;,&quot;caption&quot;:&quot;&quot;,&quot;created_timestamp&quot;:&quot;0&quot;,&quot;copyright&quot;:&quot;&quot;,&quot;focal_length&quot;:&quot;0&quot;,&quot;iso&quot;:&quot;0&quot;,&quot;shutter_speed&quot;:&quot;0&quot;,&quot;title&quot;:&quot;&quot;,&quot;orientation&quot;:&quot;0&quot;}\" data-image-title=\"Capacita\u00e7\u00e3o NAI \u2013 Codecom \u2013 01\" data-image-description=\"\" data-image-caption=\"\" data-medium-file=\"https:\/\/uepb.edu.br\/wp-content\/uploads\/2024\/05\/Capacitacao-NAI-Codecom-01-300x226.jpeg\" data-large-file=\"https:\/\/uepb.edu.br\/wp-content\/uploads\/2024\/05\/Capacitacao-NAI-Codecom-01.jpeg\" \/><\/a><\/dt>\n<\/dl>\n<dl class=\"gallery-item\">\n<dt class=\"gallery-icon landscape\"><a href=\"https:\/\/uepb.edu.br\/capacitacao-nai-codecom-02\/\"><img loading=\"lazy\" decoding=\"async\" class=\"attachment-medium size-medium img-responsive\" src=\"https:\/\/uepb.edu.br\/wp-content\/uploads\/2024\/05\/Capacitacao-NAI-Codecom-02-300x226.jpeg\" alt=\"\" width=\"300\" height=\"226\" data-attachment-id=\"92050\" data-permalink=\"https:\/\/uepb.edu.br\/capacitacao-nai-codecom-02\/\" data-orig-file=\"https:\/\/uepb.edu.br\/wp-content\/uploads\/2024\/05\/Capacitacao-NAI-Codecom-02.jpeg\" data-orig-size=\"1600,1204\" data-comments-opened=\"0\" data-image-meta=\"{&quot;aperture&quot;:&quot;0&quot;,&quot;credit&quot;:&quot;&quot;,&quot;camera&quot;:&quot;&quot;,&quot;caption&quot;:&quot;&quot;,&quot;created_timestamp&quot;:&quot;0&quot;,&quot;copyright&quot;:&quot;&quot;,&quot;focal_length&quot;:&quot;0&quot;,&quot;iso&quot;:&quot;0&quot;,&quot;shutter_speed&quot;:&quot;0&quot;,&quot;title&quot;:&quot;&quot;,&quot;orientation&quot;:&quot;0&quot;}\" data-image-title=\"Capacita\u00e7\u00e3o NAI \u2013 Codecom \u2013 02\" data-image-description=\"\" data-image-caption=\"\" data-medium-file=\"https:\/\/uepb.edu.br\/wp-content\/uploads\/2024\/05\/Capacitacao-NAI-Codecom-02-300x226.jpeg\" data-large-file=\"https:\/\/uepb.edu.br\/wp-content\/uploads\/2024\/05\/Capacitacao-NAI-Codecom-02.jpeg\" \/><\/a><\/dt>\n<\/dl>\n<dl class=\"gallery-item\">\n<dt class=\"gallery-icon landscape\"><a href=\"https:\/\/uepb.edu.br\/capacitacao-nai-codecom-03\/\"><img loading=\"lazy\" decoding=\"async\" class=\"attachment-medium size-medium img-responsive\" src=\"https:\/\/uepb.edu.br\/wp-content\/uploads\/2024\/05\/Capacitacao-NAI-Codecom-03-300x226.jpeg\" alt=\"\" width=\"300\" height=\"226\" data-attachment-id=\"92049\" data-permalink=\"https:\/\/uepb.edu.br\/capacitacao-nai-codecom-03\/\" data-orig-file=\"https:\/\/uepb.edu.br\/wp-content\/uploads\/2024\/05\/Capacitacao-NAI-Codecom-03.jpeg\" data-orig-size=\"1600,1204\" data-comments-opened=\"0\" data-image-meta=\"{&quot;aperture&quot;:&quot;0&quot;,&quot;credit&quot;:&quot;&quot;,&quot;camera&quot;:&quot;&quot;,&quot;caption&quot;:&quot;&quot;,&quot;created_timestamp&quot;:&quot;0&quot;,&quot;copyright&quot;:&quot;&quot;,&quot;focal_length&quot;:&quot;0&quot;,&quot;iso&quot;:&quot;0&quot;,&quot;shutter_speed&quot;:&quot;0&quot;,&quot;title&quot;:&quot;&quot;,&quot;orientation&quot;:&quot;0&quot;}\" data-image-title=\"Capacita\u00e7\u00e3o NAI \u2013 Codecom \u2013 03\" data-image-description=\"\" data-image-caption=\"\" data-medium-file=\"https:\/\/uepb.edu.br\/wp-content\/uploads\/2024\/05\/Capacitacao-NAI-Codecom-03-300x226.jpeg\" data-large-file=\"https:\/\/uepb.edu.br\/wp-content\/uploads\/2024\/05\/Capacitacao-NAI-Codecom-03.jpeg\" \/><\/a><\/dt>\n<\/dl>\n<\/div>\n<p><em><strong>Texto:<\/strong>\u00a0Severino Lopes<\/em><br \/>\n<em><strong>Fotos:<\/strong>\u00a0Codecom<\/em><\/p>\n","protected":false},"excerpt":{"rendered":"<p>Inclus\u00e3o, sensibilidade, informa\u00e7\u00f5es e forma\u00e7\u00e3o. Com essa finalidade, a Comiss\u00e3o de Inclus\u00e3o e Acessibilidade em Ambientes das Bibliotecas da Universidade Estadual da Para\u00edba (UEPB), em parceria com o N\u00facleo de Acessibilidade e Inclus\u00e3o (NAI), promoveu, nos turnos da manh\u00e3 e tarde desta quarta-feira (8), uma capacita\u00e7\u00e3o para servidores da Coordenadoria de Comunica\u00e7\u00e3o (CODECOM) da Institui\u00e7\u00e3o. <a class=\"leiamais\" href=\"https:\/\/centros.uepb.edu.br\/ccbsa\/comissao-de-acessibilidade-em-ambientes-das-bibliotecas-promove-capacitacao-para-servidores-da-codecom\/\">Leia Mais&#8230;<\/a><\/p>\n","protected":false},"author":8,"featured_media":10830,"comment_status":"closed","ping_status":"closed","sticky":false,"template":"","format":"standard","meta":{"footnotes":""},"categories":[3,11],"tags":[],"class_list":["post-10829","post","type-post","status-publish","format-standard","has-post-thumbnail","hentry","category-noticias","category-noticias-destaque-img"],"jetpack_featured_media_url":"https:\/\/centros.uepb.edu.br\/ccbsa\/files\/2024\/05\/Capacitacao-NAI-Codecom-04.jpeg","_links":{"self":[{"href":"https:\/\/centros.uepb.edu.br\/ccbsa\/wp-json\/wp\/v2\/posts\/10829","targetHints":{"allow":["GET"]}}],"collection":[{"href":"https:\/\/centros.uepb.edu.br\/ccbsa\/wp-json\/wp\/v2\/posts"}],"about":[{"href":"https:\/\/centros.uepb.edu.br\/ccbsa\/wp-json\/wp\/v2\/types\/post"}],"author":[{"embeddable":true,"href":"https:\/\/centros.uepb.edu.br\/ccbsa\/wp-json\/wp\/v2\/users\/8"}],"replies":[{"embeddable":true,"href":"https:\/\/centros.uepb.edu.br\/ccbsa\/wp-json\/wp\/v2\/comments?post=10829"}],"version-history":[{"count":0,"href":"https:\/\/centros.uepb.edu.br\/ccbsa\/wp-json\/wp\/v2\/posts\/10829\/revisions"}],"wp:featuredmedia":[{"embeddable":true,"href":"https:\/\/centros.uepb.edu.br\/ccbsa\/wp-json\/wp\/v2\/media\/10830"}],"wp:attachment":[{"href":"https:\/\/centros.uepb.edu.br\/ccbsa\/wp-json\/wp\/v2\/media?parent=10829"}],"wp:term":[{"taxonomy":"category","embeddable":true,"href":"https:\/\/centros.uepb.edu.br\/ccbsa\/wp-json\/wp\/v2\/categories?post=10829"},{"taxonomy":"post_tag","embeddable":true,"href":"https:\/\/centros.uepb.edu.br\/ccbsa\/wp-json\/wp\/v2\/tags?post=10829"}],"curies":[{"name":"wp","href":"https:\/\/api.w.org\/{rel}","templated":true}]}}