{"id":10804,"date":"2024-05-02T14:48:00","date_gmt":"2024-05-02T14:48:00","guid":{"rendered":"https:\/\/centros.uepb.edu.br\/ccbsa\/?p=10804"},"modified":"2024-05-02T14:48:00","modified_gmt":"2024-05-02T14:48:00","slug":"pesquisador-do-ccbsa-participa-de-maior-evento-de-biotecnologia-do-mundo-e-visita-centros-de-inovacao-em-saude-na-suica","status":"publish","type":"post","link":"https:\/\/centros.uepb.edu.br\/ccbsa\/pesquisador-do-ccbsa-participa-de-maior-evento-de-biotecnologia-do-mundo-e-visita-centros-de-inovacao-em-saude-na-suica\/","title":{"rendered":"Pesquisador do CCBSA participa de maior evento de biotecnologia do mundo e visita centros de inova\u00e7\u00e3o em sa\u00fade na Sui\u00e7a"},"content":{"rendered":"\n\t\t<style type=\"text\/css\">\n\t\t\t#gallery-1 {\n\t\t\t\tmargin: auto;\n\t\t\t}\n\t\t\t#gallery-1 .gallery-item {\n\t\t\t\tfloat: left;\n\t\t\t\tmargin-top: 10px;\n\t\t\t\ttext-align: center;\n\t\t\t\twidth: 33%;\n\t\t\t}\n\t\t\t#gallery-1 img {\n\t\t\t\tborder: 2px solid #cfcfcf;\n\t\t\t}\n\t\t\t#gallery-1 .gallery-caption {\n\t\t\t\tmargin-left: 0;\n\t\t\t}\n\t\t\t\/* see gallery_shortcode() in wp-includes\/media.php *\/\n\t\t<\/style>\n\t\t<div id='gallery-1' class='gallery galleryid-10804 gallery-columns-3 gallery-size-full'><dl class='gallery-item'>\n\t\t\t<dt class='gallery-icon landscape'>\n\t\t\t\t<a href='https:\/\/centros.uepb.edu.br\/ccbsa\/files\/2024\/05\/comitiva-brasileira-1.jpg'><img loading=\"lazy\" decoding=\"async\" width=\"1200\" height=\"680\" src=\"https:\/\/centros.uepb.edu.br\/ccbsa\/files\/2024\/05\/comitiva-brasileira-1.jpg\" class=\"attachment-full size-full\" alt=\"\" srcset=\"https:\/\/centros.uepb.edu.br\/ccbsa\/files\/2024\/05\/comitiva-brasileira-1.jpg 1200w, https:\/\/centros.uepb.edu.br\/ccbsa\/files\/2024\/05\/comitiva-brasileira-1-300x170.jpg 300w, https:\/\/centros.uepb.edu.br\/ccbsa\/files\/2024\/05\/comitiva-brasileira-1-1120x635.jpg 1120w\" sizes=\"auto, (max-width: 1200px) 100vw, 1200px\" \/><\/a>\n\t\t\t<\/dt><\/dl><dl class='gallery-item'>\n\t\t\t<dt class='gallery-icon portrait'>\n\t\t\t\t<a href='https:\/\/centros.uepb.edu.br\/ccbsa\/files\/2024\/05\/stand-brasileiro.jpeg'><img loading=\"lazy\" decoding=\"async\" width=\"1200\" height=\"1600\" src=\"https:\/\/centros.uepb.edu.br\/ccbsa\/files\/2024\/05\/stand-brasileiro.jpeg\" class=\"attachment-full size-full\" alt=\"\" srcset=\"https:\/\/centros.uepb.edu.br\/ccbsa\/files\/2024\/05\/stand-brasileiro.jpeg 1200w, https:\/\/centros.uepb.edu.br\/ccbsa\/files\/2024\/05\/stand-brasileiro-225x300.jpeg 225w, https:\/\/centros.uepb.edu.br\/ccbsa\/files\/2024\/05\/stand-brasileiro-1152x1536.jpeg 1152w, https:\/\/centros.uepb.edu.br\/ccbsa\/files\/2024\/05\/stand-brasileiro-597x796.jpeg 597w\" sizes=\"auto, (max-width: 1200px) 100vw, 1200px\" \/><\/a>\n\t\t\t<\/dt><\/dl><dl class='gallery-item'>\n\t\t\t<dt class='gallery-icon portrait'>\n\t\t\t\t<a href='https:\/\/centros.uepb.edu.br\/ccbsa\/files\/2024\/05\/swiss-biotec-day.jpeg'><img loading=\"lazy\" decoding=\"async\" width=\"960\" height=\"1280\" src=\"https:\/\/centros.uepb.edu.br\/ccbsa\/files\/2024\/05\/swiss-biotec-day.jpeg\" class=\"attachment-full size-full\" alt=\"\" srcset=\"https:\/\/centros.uepb.edu.br\/ccbsa\/files\/2024\/05\/swiss-biotec-day.jpeg 960w, https:\/\/centros.uepb.edu.br\/ccbsa\/files\/2024\/05\/swiss-biotec-day-225x300.jpeg 225w, https:\/\/centros.uepb.edu.br\/ccbsa\/files\/2024\/05\/swiss-biotec-day-597x796.jpeg 597w\" sizes=\"auto, (max-width: 960px) 100vw, 960px\" \/><\/a>\n\t\t\t<\/dt><\/dl><br style=\"clear: both\" \/><dl class='gallery-item'>\n\t\t\t<dt class='gallery-icon landscape'>\n\t\t\t\t<a href='https:\/\/centros.uepb.edu.br\/ccbsa\/files\/2024\/05\/bioark.jpeg'><img loading=\"lazy\" decoding=\"async\" width=\"1032\" height=\"774\" src=\"https:\/\/centros.uepb.edu.br\/ccbsa\/files\/2024\/05\/bioark.jpeg\" class=\"attachment-full size-full\" alt=\"\" srcset=\"https:\/\/centros.uepb.edu.br\/ccbsa\/files\/2024\/05\/bioark.jpeg 1032w, https:\/\/centros.uepb.edu.br\/ccbsa\/files\/2024\/05\/bioark-300x225.jpeg 300w\" sizes=\"auto, (max-width: 1032px) 100vw, 1032px\" \/><\/a>\n\t\t\t<\/dt><\/dl>\n\t\t\t<br style='clear: both' \/>\n\t\t<\/div>\n\n<p>A Universidade Estadual da Para\u00edba (UEPB), esteve representada pelo Pr\u00f3-Reitor de P\u00f3s-Gradua\u00e7\u00e3o e Pesquisa e pesquisador do Centro de Ci\u00eancias Biol\u00f3gicas e Sociais Aplicadas (CCBSA) da UEPB, professor Francisco Jaime, nos dias 22 e 23 de abril, na cidade da Basil\u00e9ia, Su\u00ed\u00e7a, no maior evento de biotecnologia do mundo, o Swiss Biotec Day, evento que re\u00fane as maiores empresas do ramo farmac\u00eautico e biotecnol\u00f3gico do mundo.<\/p>\n<p>Na oportunidade, o pesquisador da UEPB integrou a comitiva brasileira que participou do evento, a qual contou entre outros com o presidente da Anvisa, Ant\u00f4nio Barra Torres, a gerente de desenvolvimento de Neg\u00f3cios da farmac\u00eautica Libbs, a coordenadora de Gest\u00e3o Tecnol\u00f3gica da Fiocruz, representantes do Sindicato da Ind\u00fastria de Produtos Farmac\u00eauticos (Sindusfarma), a Rede Brasileira de Inova\u00e7\u00e3o Farmac\u00eautica, al\u00e9m de v\u00e1rios diretores de outras empresas e start ups brasileiras.<\/p>\n<p>\u201cPreciso destacar a import\u00e2ncia da UEPB se fazer presente nesse evento, possibilitando que a Institui\u00e7\u00e3o mais uma vez ocupe uma posi\u00e7\u00e3o de destaque no cen\u00e1rio nacional, uma vez que a UEPB foi a \u00fanica Institui\u00e7\u00e3o de ensino p\u00fablico do pa\u00eds a fazer parte da comitiva brasileira. E isso s\u00f3 foi poss\u00edvel gra\u00e7as ao apoio financeiro do Centro de Inova\u00e7\u00e3o Tecnol\u00f3gica Telmo Ara\u00fajo (CITTA), e da Funda\u00e7\u00e3o Parque Tecnol\u00f3gico da Para\u00edba (PAQTC_PB), funda\u00e7\u00e3o de apoio da UEPB\u201d, explica o professor Francisco Jaime.<\/p>\n<p>Nos dias que sucederam o evento principal, foram realizadas visitas a v\u00e1rios centros de inova\u00e7\u00e3o em sa\u00fade localizados em diversas cidades su\u00ed\u00e7as: o Bio-Technopark, Schlieren em Zurique, um parque cient\u00edfico que re\u00fane startups e empresas globais; e o BioArk, espa\u00e7o voltado para atividades de fabrica\u00e7\u00e3o e crescimento da intelig\u00eancia artificial dentro do setor biotecnol\u00f3gico, sediado em Montheye Lausanne, e o Al\u00e9m do Biop\u00f4le tamb\u00e9m sediado em Lausanne, que \u00e9 composto por um complexo que abriga 145 empresas, 15 plataformas de tecnologia, e mais de 2.500 pesquisadores, que movimenta mais de 500 milh\u00f5es de francos su\u00ed\u00e7os por ano.<\/p>\n<p>\u201cA visita aos Ecossistemas de inova\u00e7\u00e3o foi muito enriquecedora e permitiu ampliar o olhar sobre a otimiza\u00e7\u00e3o do funcionamento de espa\u00e7os e laborat\u00f3rios multiusu\u00e1rios, e sobre a articula\u00e7\u00e3o da tr\u00edplice h\u00e9lice (universidade, governo e empresas)\u201d, avaliou o professor Francisco Jaime.<\/p>\n<p>O pro-reitor de p\u00f3s-gradua\u00e7\u00e3o e pesquisa destaca a qualidade e o grande n\u00edvel de organiza\u00e7\u00e3o do Evento, que contou com mais de 2.400 participantes, e permitiu a intera\u00e7\u00e3o com grandes empresas de relev\u00e2ncia mundial, com empresas emergentes (startups e spinn-offs), al\u00e9m de agentes relacionados a legisla\u00e7\u00e3o e regula\u00e7\u00e3o de produtos a n\u00edvel nacional.<\/p>\n","protected":false},"excerpt":{"rendered":"<p>A Universidade Estadual da Para\u00edba (UEPB), esteve representada pelo Pr\u00f3-Reitor de P\u00f3s-Gradua\u00e7\u00e3o e Pesquisa e pesquisador do Centro de Ci\u00eancias Biol\u00f3gicas e Sociais Aplicadas (CCBSA) da UEPB, professor Francisco Jaime, nos dias 22 e 23 de abril, na cidade da Basil\u00e9ia, Su\u00ed\u00e7a, no maior evento de biotecnologia do mundo, o Swiss Biotec Day, evento que <a class=\"leiamais\" href=\"https:\/\/centros.uepb.edu.br\/ccbsa\/pesquisador-do-ccbsa-participa-de-maior-evento-de-biotecnologia-do-mundo-e-visita-centros-de-inovacao-em-saude-na-suica\/\">Leia Mais&#8230;<\/a><\/p>\n","protected":false},"author":8,"featured_media":10805,"comment_status":"closed","ping_status":"closed","sticky":false,"template":"","format":"standard","meta":{"footnotes":""},"categories":[3,11],"tags":[],"class_list":["post-10804","post","type-post","status-publish","format-standard","has-post-thumbnail","hentry","category-noticias","category-noticias-destaque-img"],"jetpack_featured_media_url":"https:\/\/centros.uepb.edu.br\/ccbsa\/files\/2024\/05\/comitiva-brasileira.jpg","_links":{"self":[{"href":"https:\/\/centros.uepb.edu.br\/ccbsa\/wp-json\/wp\/v2\/posts\/10804","targetHints":{"allow":["GET"]}}],"collection":[{"href":"https:\/\/centros.uepb.edu.br\/ccbsa\/wp-json\/wp\/v2\/posts"}],"about":[{"href":"https:\/\/centros.uepb.edu.br\/ccbsa\/wp-json\/wp\/v2\/types\/post"}],"author":[{"embeddable":true,"href":"https:\/\/centros.uepb.edu.br\/ccbsa\/wp-json\/wp\/v2\/users\/8"}],"replies":[{"embeddable":true,"href":"https:\/\/centros.uepb.edu.br\/ccbsa\/wp-json\/wp\/v2\/comments?post=10804"}],"version-history":[{"count":0,"href":"https:\/\/centros.uepb.edu.br\/ccbsa\/wp-json\/wp\/v2\/posts\/10804\/revisions"}],"wp:featuredmedia":[{"embeddable":true,"href":"https:\/\/centros.uepb.edu.br\/ccbsa\/wp-json\/wp\/v2\/media\/10805"}],"wp:attachment":[{"href":"https:\/\/centros.uepb.edu.br\/ccbsa\/wp-json\/wp\/v2\/media?parent=10804"}],"wp:term":[{"taxonomy":"category","embeddable":true,"href":"https:\/\/centros.uepb.edu.br\/ccbsa\/wp-json\/wp\/v2\/categories?post=10804"},{"taxonomy":"post_tag","embeddable":true,"href":"https:\/\/centros.uepb.edu.br\/ccbsa\/wp-json\/wp\/v2\/tags?post=10804"}],"curies":[{"name":"wp","href":"https:\/\/api.w.org\/{rel}","templated":true}]}}