{"id":10794,"date":"2024-05-02T11:56:59","date_gmt":"2024-05-02T11:56:59","guid":{"rendered":"https:\/\/centros.uepb.edu.br\/ccbsa\/?p=10794"},"modified":"2024-05-02T13:21:06","modified_gmt":"2024-05-02T13:21:06","slug":"campus-de-joao-pessoa-sedia-mesa-de-debate-e-exposicao-que-resgata-a-memoria-dos-60-anos-do-golpe-de-1964","status":"publish","type":"post","link":"https:\/\/centros.uepb.edu.br\/ccbsa\/campus-de-joao-pessoa-sedia-mesa-de-debate-e-exposicao-que-resgata-a-memoria-dos-60-anos-do-golpe-de-1964\/","title":{"rendered":"C\u00e2mpus de Jo\u00e3o Pessoa sedia mesa de debate e exposi\u00e7\u00e3o que resgata a mem\u00f3ria dos 60 anos do golpe de 1964"},"content":{"rendered":"\n\t\t<style type=\"text\/css\">\n\t\t\t#gallery-1 {\n\t\t\t\tmargin: auto;\n\t\t\t}\n\t\t\t#gallery-1 .gallery-item {\n\t\t\t\tfloat: left;\n\t\t\t\tmargin-top: 10px;\n\t\t\t\ttext-align: center;\n\t\t\t\twidth: 33%;\n\t\t\t}\n\t\t\t#gallery-1 img {\n\t\t\t\tborder: 2px solid #cfcfcf;\n\t\t\t}\n\t\t\t#gallery-1 .gallery-caption {\n\t\t\t\tmargin-left: 0;\n\t\t\t}\n\t\t\t\/* see gallery_shortcode() in wp-includes\/media.php *\/\n\t\t<\/style>\n\t\t<div id='gallery-1' class='gallery galleryid-10794 gallery-columns-3 gallery-size-full'><dl class='gallery-item'>\n\t\t\t<dt class='gallery-icon landscape'>\n\t\t\t\t<a href='https:\/\/centros.uepb.edu.br\/ccbsa\/files\/2024\/05\/IMG_9503.jpg'><img loading=\"lazy\" decoding=\"async\" width=\"1200\" height=\"680\" src=\"https:\/\/centros.uepb.edu.br\/ccbsa\/files\/2024\/05\/IMG_9503.jpg\" class=\"attachment-full size-full\" alt=\"\" srcset=\"https:\/\/centros.uepb.edu.br\/ccbsa\/files\/2024\/05\/IMG_9503.jpg 1200w, https:\/\/centros.uepb.edu.br\/ccbsa\/files\/2024\/05\/IMG_9503-300x170.jpg 300w, https:\/\/centros.uepb.edu.br\/ccbsa\/files\/2024\/05\/IMG_9503-1120x635.jpg 1120w\" sizes=\"auto, (max-width: 1200px) 100vw, 1200px\" \/><\/a>\n\t\t\t<\/dt><\/dl><dl class='gallery-item'>\n\t\t\t<dt class='gallery-icon landscape'>\n\t\t\t\t<a href='https:\/\/centros.uepb.edu.br\/ccbsa\/files\/2024\/05\/IMG_9508.jpg'><img loading=\"lazy\" decoding=\"async\" width=\"1200\" height=\"680\" src=\"https:\/\/centros.uepb.edu.br\/ccbsa\/files\/2024\/05\/IMG_9508.jpg\" class=\"attachment-full size-full\" alt=\"\" srcset=\"https:\/\/centros.uepb.edu.br\/ccbsa\/files\/2024\/05\/IMG_9508.jpg 1200w, https:\/\/centros.uepb.edu.br\/ccbsa\/files\/2024\/05\/IMG_9508-300x170.jpg 300w, https:\/\/centros.uepb.edu.br\/ccbsa\/files\/2024\/05\/IMG_9508-1120x635.jpg 1120w\" sizes=\"auto, (max-width: 1200px) 100vw, 1200px\" \/><\/a>\n\t\t\t<\/dt><\/dl><dl class='gallery-item'>\n\t\t\t<dt class='gallery-icon landscape'>\n\t\t\t\t<a href='https:\/\/centros.uepb.edu.br\/ccbsa\/files\/2024\/05\/IMG_9512-1.jpg'><img loading=\"lazy\" decoding=\"async\" width=\"1200\" height=\"680\" src=\"https:\/\/centros.uepb.edu.br\/ccbsa\/files\/2024\/05\/IMG_9512-1.jpg\" class=\"attachment-full size-full\" alt=\"\" srcset=\"https:\/\/centros.uepb.edu.br\/ccbsa\/files\/2024\/05\/IMG_9512-1.jpg 1200w, https:\/\/centros.uepb.edu.br\/ccbsa\/files\/2024\/05\/IMG_9512-1-300x170.jpg 300w, https:\/\/centros.uepb.edu.br\/ccbsa\/files\/2024\/05\/IMG_9512-1-1120x635.jpg 1120w\" sizes=\"auto, (max-width: 1200px) 100vw, 1200px\" \/><\/a>\n\t\t\t<\/dt><\/dl><br style=\"clear: both\" \/><dl class='gallery-item'>\n\t\t\t<dt class='gallery-icon landscape'>\n\t\t\t\t<a href='https:\/\/centros.uepb.edu.br\/ccbsa\/files\/2024\/05\/IMG_9524.jpg'><img loading=\"lazy\" decoding=\"async\" width=\"1200\" height=\"680\" src=\"https:\/\/centros.uepb.edu.br\/ccbsa\/files\/2024\/05\/IMG_9524.jpg\" class=\"attachment-full size-full\" alt=\"\" srcset=\"https:\/\/centros.uepb.edu.br\/ccbsa\/files\/2024\/05\/IMG_9524.jpg 1200w, https:\/\/centros.uepb.edu.br\/ccbsa\/files\/2024\/05\/IMG_9524-300x170.jpg 300w, https:\/\/centros.uepb.edu.br\/ccbsa\/files\/2024\/05\/IMG_9524-1120x635.jpg 1120w\" sizes=\"auto, (max-width: 1200px) 100vw, 1200px\" \/><\/a>\n\t\t\t<\/dt><\/dl>\n\t\t\t<br style='clear: both' \/>\n\t\t<\/div>\n\n<p>Com o objetivo de preservar a mem\u00f3ria do mais longo per\u00edodo de supress\u00e3o das liberdades democr\u00e1ticas<br \/>\nno Brasil republicano, a ditadura, o projeto \u201cMem\u00f3ria, sociedade e cidadania (MUDDE): reflex\u00f5es para al\u00e9m<br \/>\ndos muros acad\u00eamicos\u201d, vinculado ao Centro de Ci\u00eancias Biol\u00f3gicas e Sociais Aplicadas (CCBSA) da<br \/>\nUniversidade Estadual da Para\u00edba (UEPB) promoveu nesta segunda (29) pela manh\u00e3, no audit\u00f3rio do<br \/>\nC\u00e2mpus V, em parceria com o movimento estudantil Correnteza, a mesa intitulada \u201cA impunidade do<br \/>\npassado justifica o presente: ditadura nunca mais\u201d.<\/p>\n<p>A atividade, que integra o evento \u201c60 anos: por mem\u00f3ria, verdade e justi\u00e7a\u201d, contou com a participa\u00e7\u00e3o da<br \/>\ngerente executiva de documenta\u00e7\u00e3o e arquivo da Casa Jos\u00e9 Am\u00e9rico e integrante do Comit\u00ea paraibano<br \/>\nmem\u00f3ria, verdade e justi\u00e7a e do Memorial da Democracia da Para\u00edba, professora L\u00facia Guerra, e do<br \/>\nintegrante do Comit\u00ea por Mem\u00f3ria, Verdade e Justi\u00e7a-PB e apresentador do programa Abrindo Mentes, na<br \/>\nWeb R\u00e1dio Alta Pot\u00eancia, Zeca Mendon\u00e7a. No turno da noite o debate re\u00fane a filha e neta de Biu Pacatuba,<br \/>\nprimeiro presidente das Ligas Camponesas de Sap\u00e9, respectivamente, L\u00facia Malheiros e Giovana Malheiros,<br \/>\ne a soci\u00f3loga e coordenadora do Memorial da Democracia da Para\u00edba, Fernanda Rocha.<br \/>\nAl\u00e9m das mesas de debate o evento conta com a exposi\u00e7\u00e3o \u201cBrasil nunca mais: 60 anos depois\u201d, que est\u00e1<br \/>\ndispon\u00edvel no Hall da Central de Aulas do C\u00e2mpus V com recortes dos casos apresentados no livro \u201cBrasil<br \/>\nnunca mais\u201d.<\/p>\n<p>De acordo com o coordenador do MUDDE, professor Henrique Fran\u00e7a, Henrique Fran\u00e7a esse evento foi<br \/>\nidealizado a partir de uma preocupa\u00e7\u00e3o com a apatia vivenciada na sociedade diante de discursos a favor<br \/>\nda volta da ditadura, repress\u00e3o, que ensejaria um posicionamento da Universidade. \u201cAs universidades<br \/>\nsempre foram um campo de combate mais f\u00e9rtil a esse tipo de comportamento, ent\u00e3o pensamos em<br \/>\npromover a exposi\u00e7\u00e3o do livro Brasil Nunca Mais, e separamos depoimentos que acreditamos ser<br \/>\nimportante resgatar para esse momento. E o di\u00e1logo com o movimento correnteza possibilitou a realiza\u00e7\u00e3o<br \/>\ndas mesas de di\u00e1logo como forma de combater ditaduras, atitudes fascistas, totalit\u00e1rias, e possibilitar o<br \/>\ncontato com a hist\u00f3ria para nos tornar mais sens\u00edveis a poss\u00edveis amea\u00e7as no futuro \u00e0 nossa democracia\u201d,<br \/>\navalia.<\/p>\n<p>A professora L\u00facia Guerra lembra que as consequ\u00eancias e marcas desse golpe ainda est\u00e3o presentes at\u00e9<br \/>\nhoje porque n\u00e3o houve uma justi\u00e7a de transi\u00e7\u00e3o que punisse os crimes de assassinatos, torturas,<br \/>\ndesaparecimentos. Segundo a pesquisadora, h\u00e1 diversos registros documentais que comprovam o papel<br \/>\nhist\u00f3rico da Para\u00edba, sobretudo a partir da mobiliza\u00e7\u00e3o de camponeses. Tal conte\u00fado est\u00e1 dispon\u00edvel no<br \/>\nMemorial da Democracia da Para\u00edba onde tamb\u00e9m se encontram depoimentos que foram gravados pela<br \/>\nComiss\u00e3o Estadual da Verdade.<\/p>\n<p>\u201c\u00c9 importante saber o que foi o golpe e a ditadura para que n\u00e3o se repita. Isso deve ser lembrado,<br \/>\nsobretudo, porque recentemente tivemos uma tentativa de golpe contra a nossa democracia, e s\u00f3 a partir<br \/>\ndo conhecimento da popula\u00e7\u00e3o podemos conscientizar as pessoas a respeito do que \u00e9 regime autorit\u00e1rio e<br \/>\no que foi feito em nosso pa\u00eds, para agir no fortalecimento da democracia. Na Para\u00edba tivemos diversos<br \/>\nassassinatos, desaparecimentos, principalmente de camponeses que reivindicavam melhores condi\u00e7\u00f5es de<br \/>\ntrabalho. Ent\u00e3o \u00e9 preciso rememorar todo esse processo para assegurar que n\u00e3o retrocederemos a esse<br \/>\ntipo de conduta\u201d, explica L\u00facia Guerra.<\/p>\n<p>Ao apresentar o contexto hist\u00f3rico em que se situou o golpe de 1964, o pesquisador Zeca Mendon\u00e7a<br \/>\nbuscou situar os estudantes presentes no evento a respeito do retrocesso civilizat\u00f3rio relacionado ao<br \/>\nper\u00edodo de ditadura militar. Ele enaltece que o conhecimento proporcionado \u00e0s novas gera\u00e7\u00f5es permite<br \/>\nque, a partir das viv\u00eancias do passado, seja poss\u00edvel atuar no presente para assegurar melhores condi\u00e7\u00f5es<br \/>\ndo futuro.<\/p>\n<p><strong>Sobre o golpe de 1964 na Para\u00edba<\/strong><\/p>\n<p>O in\u00edcio da d\u00e9cada de 60 na Para\u00edba foi marcado por mobiliza\u00e7\u00f5es dos trabalhadores urbanos e rurais. A<br \/>\nintensifica\u00e7\u00e3o da urbaniza\u00e7\u00e3o, com o avan\u00e7o do capitalismo no campo, propiciou o surgimento de pr\u00e1ticas<br \/>\ntrabalhistas. Nesse per\u00edodo, o tom das manifesta\u00e7\u00f5es populares foi dado pelo movimento campon\u00eas,<br \/>\natrav\u00e9s das Ligas Camponesas.<\/p>\n<p>Em 1964, com a articula\u00e7\u00e3o do golpe que, na Para\u00edba, contou com a participa\u00e7\u00e3o conjunta dos setores civis<br \/>\ne militares, alguns partidos pol\u00edticos de orienta\u00e7\u00e3o conservadora e jornalistas, ocorreu uma repress\u00e3o<br \/>\nextensiva a v\u00e1rios setores da sociedade, mas, que se fez mais forte sobre as Ligas Camponesas,<br \/>\nconsideradas como uma afronta aos grandes propriet\u00e1rios de terra e uma amea\u00e7a \u00e0 subvers\u00e3o da ordem.<br \/>\nUm dos fatos marcantes do per\u00edodo na Para\u00edba foi o desaparecimento de dois l\u00edderes das ligas camponesas<br \/>\nde Sap\u00e9: N\u00eago Fuba e Pedro Fazendeiro. Eles nunca foram encontrados.<\/p>\n<p>Seguiram-se nessa \u00e9poca, casos de sequestro, tortura, assassinato e persegui\u00e7\u00e3o a estudantes, professores,<br \/>\nsindicalistas, magistrados, pol\u00edticos, profissionais liberais, camponeses. Essas situa\u00e7\u00f5es s\u00e3o comprovadas<br \/>\npelos depoimentos reunidos pela Comiss\u00e3o Estadual da Verdade e pela documenta\u00e7\u00e3o referente ao<br \/>\nDepartamento de Ordem Pol\u00edtica e Social (Dops) reunida e disponibilizada no Memorial da Democracia da<br \/>\nPara\u00edba.<\/p>\n<p><strong>Outras informa\u00e7\u00f5es:<\/strong> <a href=\"https:\/\/www.cev.pb.gov.br\/relatorio-final\/cev-pb_relatorio-final.pdf\">https:\/\/www.cev.pb.gov.br\/relatorio-final\/cev-pb_relatorio-final.pdf<\/a>.<\/p>\n<p><strong>Texto:<\/strong> Juliana Marques com informa\u00e7\u00f5es do relat\u00f3rio final da Comiss\u00e3o Estadual da Verdade e da<br \/>\nPreserva\u00e7\u00e3o da Mem\u00f3ria do Estado da Para\u00edba<\/p>\n","protected":false},"excerpt":{"rendered":"<p>Com o objetivo de preservar a mem\u00f3ria do mais longo per\u00edodo de supress\u00e3o das liberdades democr\u00e1ticas no Brasil republicano, a ditadura, o projeto \u201cMem\u00f3ria, sociedade e cidadania (MUDDE): reflex\u00f5es para al\u00e9m dos muros acad\u00eamicos\u201d, vinculado ao Centro de Ci\u00eancias Biol\u00f3gicas e Sociais Aplicadas (CCBSA) da Universidade Estadual da Para\u00edba (UEPB) promoveu nesta segunda (29) pela <a class=\"leiamais\" href=\"https:\/\/centros.uepb.edu.br\/ccbsa\/campus-de-joao-pessoa-sedia-mesa-de-debate-e-exposicao-que-resgata-a-memoria-dos-60-anos-do-golpe-de-1964\/\">Leia Mais&#8230;<\/a><\/p>\n","protected":false},"author":8,"featured_media":10795,"comment_status":"closed","ping_status":"closed","sticky":false,"template":"","format":"standard","meta":{"footnotes":""},"categories":[3,11],"tags":[],"class_list":["post-10794","post","type-post","status-publish","format-standard","has-post-thumbnail","hentry","category-noticias","category-noticias-destaque-img"],"jetpack_featured_media_url":"https:\/\/centros.uepb.edu.br\/ccbsa\/files\/2024\/05\/IMG_9512.jpg","_links":{"self":[{"href":"https:\/\/centros.uepb.edu.br\/ccbsa\/wp-json\/wp\/v2\/posts\/10794","targetHints":{"allow":["GET"]}}],"collection":[{"href":"https:\/\/centros.uepb.edu.br\/ccbsa\/wp-json\/wp\/v2\/posts"}],"about":[{"href":"https:\/\/centros.uepb.edu.br\/ccbsa\/wp-json\/wp\/v2\/types\/post"}],"author":[{"embeddable":true,"href":"https:\/\/centros.uepb.edu.br\/ccbsa\/wp-json\/wp\/v2\/users\/8"}],"replies":[{"embeddable":true,"href":"https:\/\/centros.uepb.edu.br\/ccbsa\/wp-json\/wp\/v2\/comments?post=10794"}],"version-history":[{"count":0,"href":"https:\/\/centros.uepb.edu.br\/ccbsa\/wp-json\/wp\/v2\/posts\/10794\/revisions"}],"wp:featuredmedia":[{"embeddable":true,"href":"https:\/\/centros.uepb.edu.br\/ccbsa\/wp-json\/wp\/v2\/media\/10795"}],"wp:attachment":[{"href":"https:\/\/centros.uepb.edu.br\/ccbsa\/wp-json\/wp\/v2\/media?parent=10794"}],"wp:term":[{"taxonomy":"category","embeddable":true,"href":"https:\/\/centros.uepb.edu.br\/ccbsa\/wp-json\/wp\/v2\/categories?post=10794"},{"taxonomy":"post_tag","embeddable":true,"href":"https:\/\/centros.uepb.edu.br\/ccbsa\/wp-json\/wp\/v2\/tags?post=10794"}],"curies":[{"name":"wp","href":"https:\/\/api.w.org\/{rel}","templated":true}]}}