{"id":1079,"date":"2013-10-25T13:46:33","date_gmt":"2013-10-25T13:46:33","guid":{"rendered":"\/ccbsa\/?p=1079"},"modified":"2013-10-25T14:46:31","modified_gmt":"2013-10-25T14:46:31","slug":"uepb-nao-tera-expediente-na-proxima-segunda-feira-28-por-conta-feriado-do-servidor-publico","status":"publish","type":"post","link":"https:\/\/centros.uepb.edu.br\/ccbsa\/uepb-nao-tera-expediente-na-proxima-segunda-feira-28-por-conta-feriado-do-servidor-publico\/","title":{"rendered":"Feriado do servidor p\u00fablico altera o expediente da UEPB na pr\u00f3xima segunda-feira (28)"},"content":{"rendered":"<p>A dire\u00e7\u00e3o do\u00a0Centro de Ci\u00eancias Biol\u00f3gicas e Sociais Aplicadas da Universidade Estadual da Para\u00edba informa \u00e0 comunidade acad\u00eamica que na pr\u00f3xima segunda-feira, 28 de outubro, n\u00e3o haver\u00e1 expediente na institui\u00e7\u00e3o, em virtude do feriado do Servidor P\u00fablico comemorado nesta data. Durante esta sexta-feira (25), as atividades prosseguem\u00a0em hor\u00e1rio normal.<\/p>\n<p>Embora o pr\u00e9dio do Campus V tenha sido disponibilizado para a realiza\u00e7\u00e3o do Exame Nacional do Ensino M\u00e9dio (ENEM) nos dias 26 e 27 de outubro\u00a0tal medida n\u00e3o alterar\u00e1 o hor\u00e1rio das aulas e o funcionamento dos setores administrativos, uma vez que o pr\u00e9dio ser\u00e1 entregue\u00a0\u00e0 Funda\u00e7\u00e3o Cesgranrio, organizadora do evento, apenas neste s\u00e1bado (26) \u00e0s 7h.<\/p>\n","protected":false},"excerpt":{"rendered":"<p>A dire\u00e7\u00e3o do\u00a0Centro de Ci\u00eancias Biol\u00f3gicas e Sociais Aplicadas da Universidade Estadual da Para\u00edba informa \u00e0 comunidade acad\u00eamica que na pr\u00f3xima segunda-feira, 28 de outubro, n\u00e3o haver\u00e1 expediente na institui\u00e7\u00e3o, em virtude do feriado do Servidor P\u00fablico comemorado nesta data. Durante esta sexta-feira (25), as atividades prosseguem\u00a0em hor\u00e1rio normal. Embora o pr\u00e9dio do Campus V <a class=\"leiamais\" href=\"https:\/\/centros.uepb.edu.br\/ccbsa\/uepb-nao-tera-expediente-na-proxima-segunda-feira-28-por-conta-feriado-do-servidor-publico\/\">Leia Mais&#8230;<\/a><\/p>\n","protected":false},"author":8,"featured_media":0,"comment_status":"open","ping_status":"open","sticky":false,"template":"","format":"standard","meta":{"footnotes":""},"categories":[3,5],"tags":[],"class_list":["post-1079","post","type-post","status-publish","format-standard","hentry","category-noticias","category-visiveis"],"jetpack_featured_media_url":"","_links":{"self":[{"href":"https:\/\/centros.uepb.edu.br\/ccbsa\/wp-json\/wp\/v2\/posts\/1079","targetHints":{"allow":["GET"]}}],"collection":[{"href":"https:\/\/centros.uepb.edu.br\/ccbsa\/wp-json\/wp\/v2\/posts"}],"about":[{"href":"https:\/\/centros.uepb.edu.br\/ccbsa\/wp-json\/wp\/v2\/types\/post"}],"author":[{"embeddable":true,"href":"https:\/\/centros.uepb.edu.br\/ccbsa\/wp-json\/wp\/v2\/users\/8"}],"replies":[{"embeddable":true,"href":"https:\/\/centros.uepb.edu.br\/ccbsa\/wp-json\/wp\/v2\/comments?post=1079"}],"version-history":[{"count":0,"href":"https:\/\/centros.uepb.edu.br\/ccbsa\/wp-json\/wp\/v2\/posts\/1079\/revisions"}],"wp:attachment":[{"href":"https:\/\/centros.uepb.edu.br\/ccbsa\/wp-json\/wp\/v2\/media?parent=1079"}],"wp:term":[{"taxonomy":"category","embeddable":true,"href":"https:\/\/centros.uepb.edu.br\/ccbsa\/wp-json\/wp\/v2\/categories?post=1079"},{"taxonomy":"post_tag","embeddable":true,"href":"https:\/\/centros.uepb.edu.br\/ccbsa\/wp-json\/wp\/v2\/tags?post=1079"}],"curies":[{"name":"wp","href":"https:\/\/api.w.org\/{rel}","templated":true}]}}