{"id":10721,"date":"2024-03-27T17:17:56","date_gmt":"2024-03-27T17:17:56","guid":{"rendered":"https:\/\/centros.uepb.edu.br\/ccbsa\/?p=10721"},"modified":"2024-04-04T14:27:19","modified_gmt":"2024-04-04T14:27:19","slug":"livro-que-sera-lancado-pela-eduepb-reune-informacoes-sobre-especies-de-peixes-encontradas-na-paraiba","status":"publish","type":"post","link":"https:\/\/centros.uepb.edu.br\/ccbsa\/livro-que-sera-lancado-pela-eduepb-reune-informacoes-sobre-especies-de-peixes-encontradas-na-paraiba\/","title":{"rendered":"Livro lan\u00e7ado pela EDUEPB re\u00fane informa\u00e7\u00f5es sobre esp\u00e9cies de peixes encontradas na Para\u00edba"},"content":{"rendered":"<p><a href=\"https:\/\/centros.uepb.edu.br\/ccbsa\/files\/2024\/03\/Design-sem-nome-4.png\"><img loading=\"lazy\" decoding=\"async\" class=\"aligncenter size-full wp-image-10722 img-responsive\" src=\"https:\/\/centros.uepb.edu.br\/ccbsa\/files\/2024\/03\/Design-sem-nome-4.png\" alt=\"\" width=\"1200\" height=\"680\" srcset=\"https:\/\/centros.uepb.edu.br\/ccbsa\/files\/2024\/03\/Design-sem-nome-4.png 1200w, https:\/\/centros.uepb.edu.br\/ccbsa\/files\/2024\/03\/Design-sem-nome-4-300x170.png 300w, https:\/\/centros.uepb.edu.br\/ccbsa\/files\/2024\/03\/Design-sem-nome-4-1120x635.png 1120w\" sizes=\"auto, (max-width: 1200px) 100vw, 1200px\" \/><\/a><\/p>\n<p>Mais do que uma obra acad\u00eamica, um convite para explorar e apreciar a beleza e a diversidade dos ecossistemas aqu\u00e1ticos paraibanos, essa \u00e9 a defini\u00e7\u00e3o do livro \u201cPeixes marinhos da Para\u00edba\u201d, lan\u00e7ado pela Editora da Universidade Estadual da Para\u00edba (UEPB), no dia 2 de abril, pelo canal da <a href=\"https:\/\/www.youtube.com\/watch?v=Co5uyU9zrP8\">Rede UEPB no YouTube<\/a>.<\/p>\n<p>A obra, que ficar\u00e1 dispon\u00edvel, inicialmente, em formato de ebook, e em breve ser\u00e1 disponibilizada em vers\u00e3o impressa, apresenta as esp\u00e9cies de peixes encontradas na Para\u00edba, com uma an\u00e1lise detalhada da taxonomia, distribui\u00e7\u00e3o geogr\u00e1fica, ecologia e conserva\u00e7\u00e3o. O conte\u00fado \u00e9 resultado de anos de pesquisa e dedica\u00e7\u00e3o dos organizadores Alexandre Marceniuk, Ana L\u00facia Vendel, Alfredo Carvalho-Filho e Ricardo de Souza Rosa.<\/p>\n<p>A execu\u00e7\u00e3o deste trabalho contou com o apoio da Funda\u00e7\u00e3o de Apoio \u00e0 Pesquisa do Estado da Para\u00edba (Fapesq).<\/p>\n","protected":false},"excerpt":{"rendered":"<p>Mais do que uma obra acad\u00eamica, um convite para explorar e apreciar a beleza e a diversidade dos ecossistemas aqu\u00e1ticos paraibanos, essa \u00e9 a defini\u00e7\u00e3o do livro \u201cPeixes marinhos da Para\u00edba\u201d, lan\u00e7ado pela Editora da Universidade Estadual da Para\u00edba (UEPB), no dia 2 de abril, pelo canal da Rede UEPB no YouTube. A obra, que <a class=\"leiamais\" href=\"https:\/\/centros.uepb.edu.br\/ccbsa\/livro-que-sera-lancado-pela-eduepb-reune-informacoes-sobre-especies-de-peixes-encontradas-na-paraiba\/\">Leia Mais&#8230;<\/a><\/p>\n","protected":false},"author":8,"featured_media":10722,"comment_status":"closed","ping_status":"closed","sticky":false,"template":"","format":"standard","meta":{"footnotes":""},"categories":[3,11],"tags":[],"class_list":["post-10721","post","type-post","status-publish","format-standard","has-post-thumbnail","hentry","category-noticias","category-noticias-destaque-img"],"jetpack_featured_media_url":"https:\/\/centros.uepb.edu.br\/ccbsa\/files\/2024\/03\/Design-sem-nome-4.png","_links":{"self":[{"href":"https:\/\/centros.uepb.edu.br\/ccbsa\/wp-json\/wp\/v2\/posts\/10721","targetHints":{"allow":["GET"]}}],"collection":[{"href":"https:\/\/centros.uepb.edu.br\/ccbsa\/wp-json\/wp\/v2\/posts"}],"about":[{"href":"https:\/\/centros.uepb.edu.br\/ccbsa\/wp-json\/wp\/v2\/types\/post"}],"author":[{"embeddable":true,"href":"https:\/\/centros.uepb.edu.br\/ccbsa\/wp-json\/wp\/v2\/users\/8"}],"replies":[{"embeddable":true,"href":"https:\/\/centros.uepb.edu.br\/ccbsa\/wp-json\/wp\/v2\/comments?post=10721"}],"version-history":[{"count":0,"href":"https:\/\/centros.uepb.edu.br\/ccbsa\/wp-json\/wp\/v2\/posts\/10721\/revisions"}],"wp:featuredmedia":[{"embeddable":true,"href":"https:\/\/centros.uepb.edu.br\/ccbsa\/wp-json\/wp\/v2\/media\/10722"}],"wp:attachment":[{"href":"https:\/\/centros.uepb.edu.br\/ccbsa\/wp-json\/wp\/v2\/media?parent=10721"}],"wp:term":[{"taxonomy":"category","embeddable":true,"href":"https:\/\/centros.uepb.edu.br\/ccbsa\/wp-json\/wp\/v2\/categories?post=10721"},{"taxonomy":"post_tag","embeddable":true,"href":"https:\/\/centros.uepb.edu.br\/ccbsa\/wp-json\/wp\/v2\/tags?post=10721"}],"curies":[{"name":"wp","href":"https:\/\/api.w.org\/{rel}","templated":true}]}}