{"id":10709,"date":"2024-03-25T16:46:14","date_gmt":"2024-03-25T16:46:14","guid":{"rendered":"https:\/\/centros.uepb.edu.br\/ccbsa\/?p=10709"},"modified":"2024-03-25T19:11:49","modified_gmt":"2024-03-25T19:11:49","slug":"programa-de-pos-graduacao-em-relacoes-internacionais-da-uepb-promove-conferencia-internacional-com-o-pesquisador-argentino-jorge-price","status":"publish","type":"post","link":"https:\/\/centros.uepb.edu.br\/ccbsa\/programa-de-pos-graduacao-em-relacoes-internacionais-da-uepb-promove-conferencia-internacional-com-o-pesquisador-argentino-jorge-price\/","title":{"rendered":"Programa de P\u00f3s-gradua\u00e7\u00e3o em Rela\u00e7\u00f5es Internacionais promove confer\u00eancia com o pesquisador argentino Jorge Price"},"content":{"rendered":"\n\t\t<style type=\"text\/css\">\n\t\t\t#gallery-1 {\n\t\t\t\tmargin: auto;\n\t\t\t}\n\t\t\t#gallery-1 .gallery-item {\n\t\t\t\tfloat: left;\n\t\t\t\tmargin-top: 10px;\n\t\t\t\ttext-align: center;\n\t\t\t\twidth: 33%;\n\t\t\t}\n\t\t\t#gallery-1 img {\n\t\t\t\tborder: 2px solid #cfcfcf;\n\t\t\t}\n\t\t\t#gallery-1 .gallery-caption {\n\t\t\t\tmargin-left: 0;\n\t\t\t}\n\t\t\t\/* see gallery_shortcode() in wp-includes\/media.php *\/\n\t\t<\/style>\n\t\t<div id='gallery-1' class='gallery galleryid-10709 gallery-columns-3 gallery-size-full'><dl class='gallery-item'>\n\t\t\t<dt class='gallery-icon landscape'>\n\t\t\t\t<a href='https:\/\/centros.uepb.edu.br\/ccbsa\/files\/2024\/03\/IMG_9465.png'><img loading=\"lazy\" decoding=\"async\" width=\"1200\" height=\"680\" src=\"https:\/\/centros.uepb.edu.br\/ccbsa\/files\/2024\/03\/IMG_9465.png\" class=\"attachment-full size-full\" alt=\"\" srcset=\"https:\/\/centros.uepb.edu.br\/ccbsa\/files\/2024\/03\/IMG_9465.png 1200w, https:\/\/centros.uepb.edu.br\/ccbsa\/files\/2024\/03\/IMG_9465-300x170.png 300w, https:\/\/centros.uepb.edu.br\/ccbsa\/files\/2024\/03\/IMG_9465-1120x635.png 1120w\" sizes=\"auto, (max-width: 1200px) 100vw, 1200px\" \/><\/a>\n\t\t\t<\/dt><\/dl><dl class='gallery-item'>\n\t\t\t<dt class='gallery-icon landscape'>\n\t\t\t\t<a href='https:\/\/centros.uepb.edu.br\/ccbsa\/files\/2024\/03\/IMG_9468.png'><img loading=\"lazy\" decoding=\"async\" width=\"1200\" height=\"695\" src=\"https:\/\/centros.uepb.edu.br\/ccbsa\/files\/2024\/03\/IMG_9468.png\" class=\"attachment-full size-full\" alt=\"\" srcset=\"https:\/\/centros.uepb.edu.br\/ccbsa\/files\/2024\/03\/IMG_9468.png 1200w, https:\/\/centros.uepb.edu.br\/ccbsa\/files\/2024\/03\/IMG_9468-300x174.png 300w, https:\/\/centros.uepb.edu.br\/ccbsa\/files\/2024\/03\/IMG_9468-1120x649.png 1120w\" sizes=\"auto, (max-width: 1200px) 100vw, 1200px\" \/><\/a>\n\t\t\t<\/dt><\/dl><dl class='gallery-item'>\n\t\t\t<dt class='gallery-icon landscape'>\n\t\t\t\t<a href='https:\/\/centros.uepb.edu.br\/ccbsa\/files\/2024\/03\/IMG_9474.png'><img loading=\"lazy\" decoding=\"async\" width=\"1200\" height=\"680\" src=\"https:\/\/centros.uepb.edu.br\/ccbsa\/files\/2024\/03\/IMG_9474.png\" class=\"attachment-full size-full\" alt=\"\" srcset=\"https:\/\/centros.uepb.edu.br\/ccbsa\/files\/2024\/03\/IMG_9474.png 1200w, https:\/\/centros.uepb.edu.br\/ccbsa\/files\/2024\/03\/IMG_9474-300x170.png 300w, https:\/\/centros.uepb.edu.br\/ccbsa\/files\/2024\/03\/IMG_9474-1120x635.png 1120w\" sizes=\"auto, (max-width: 1200px) 100vw, 1200px\" \/><\/a>\n\t\t\t<\/dt><\/dl><br style=\"clear: both\" \/>\n\t\t<\/div>\n\n<p>Com a participa\u00e7\u00e3o de discentes do Programa de P\u00f3s-gradua\u00e7\u00e3o em Rela\u00e7\u00f5es Internacionais da Universidade Estadual da Para\u00edba (UEPB) e pesquisadores com interesse na tem\u00e1tica contemplada, foi realizada, na manh\u00e3 desta segunda-feira (25), a Confer\u00eancia internacional \u201cPensamento latino americano e Introdu\u00e7\u00e3o \u00e0 Ci\u00eancia Pol\u00edtica: El origem del termino republicano em Argentina\u201d, ministrada pelo professor argentino Jorge Eduardo Douglas Price. A atividade foi mediada pela professora do PPGRI Gabriela Gon\u00e7alves.<\/p>\n<p>Na oportunidade, o pesquisador apresentou as ideias centrais em torno das quais gira o termo republicanismo e a evolu\u00e7\u00e3o que elas podem ter tido durante o que o professor chama de \u201cconstru\u00e7\u00e3o\u201d da Argentina como Na\u00e7\u00e3o. A an\u00e1lise foi de 1810, ano da \u201cRevolu\u00e7\u00e3o de Maio\u201d, o primeiro evento da independ\u00eancia, at\u00e9 1890, ano em que se pode considerar conclu\u00eddo o processo de cria\u00e7\u00e3o daquele Estado (sem excluir algumas refer\u00eancias relevantes do in\u00edcio do s\u00e9culo XX). De acordo com o professor Jorge Price, a tem\u00e1tica relacionada \u00e0s bases das rep\u00fablicas se faz necess\u00e1rio na academia, sobretudo porque, conforme defende o pesquisador, ao menos no ocidente, esse modelo pol\u00edtico estaria em perigo diante das novas tend\u00eancias da direita no mundo, que estaria derrubando as faces desse regime.<\/p>\n<p>Fruto de um acordo de coopera\u00e7\u00e3o acad\u00eamica internacional entre a UEPB e a Universidade Nacional de Comahue, na Patag\u00f4nia Argentina, a qual o professor Jorge Price \u00e9 vinculado, a programa\u00e7\u00e3o realizada pelo PPGRI com o pesquisador convidado tamb\u00e9m contar\u00e1 com a palestra \u201cVigilar y castigar en el siglo XXI: la criminalizaci\u00f3n de la migraci\u00f3n, como parte de la guerra civil mundial\u201d, a ser realizada nesta ter\u00e7a-feira (26), e uma reuni\u00e3o para tratar da pesquisa no PPGRI, essas duas atividades destinadas exclusivamente ao discentes do Programa.<\/p>\n<p><strong>Texto e fotos:<\/strong> <em>Juliana Marques.<\/em><\/p>\n","protected":false},"excerpt":{"rendered":"<p>Com a participa\u00e7\u00e3o de discentes do Programa de P\u00f3s-gradua\u00e7\u00e3o em Rela\u00e7\u00f5es Internacionais da Universidade Estadual da Para\u00edba (UEPB) e pesquisadores com interesse na tem\u00e1tica contemplada, foi realizada, na manh\u00e3 desta segunda-feira (25), a Confer\u00eancia internacional \u201cPensamento latino americano e Introdu\u00e7\u00e3o \u00e0 Ci\u00eancia Pol\u00edtica: El origem del termino republicano em Argentina\u201d, ministrada pelo professor argentino Jorge <a class=\"leiamais\" href=\"https:\/\/centros.uepb.edu.br\/ccbsa\/programa-de-pos-graduacao-em-relacoes-internacionais-da-uepb-promove-conferencia-internacional-com-o-pesquisador-argentino-jorge-price\/\">Leia Mais&#8230;<\/a><\/p>\n","protected":false},"author":8,"featured_media":10712,"comment_status":"closed","ping_status":"closed","sticky":false,"template":"","format":"standard","meta":{"footnotes":""},"categories":[3,11],"tags":[],"class_list":["post-10709","post","type-post","status-publish","format-standard","has-post-thumbnail","hentry","category-noticias","category-noticias-destaque-img"],"jetpack_featured_media_url":"https:\/\/centros.uepb.edu.br\/ccbsa\/files\/2024\/03\/IMG_9474.png","_links":{"self":[{"href":"https:\/\/centros.uepb.edu.br\/ccbsa\/wp-json\/wp\/v2\/posts\/10709","targetHints":{"allow":["GET"]}}],"collection":[{"href":"https:\/\/centros.uepb.edu.br\/ccbsa\/wp-json\/wp\/v2\/posts"}],"about":[{"href":"https:\/\/centros.uepb.edu.br\/ccbsa\/wp-json\/wp\/v2\/types\/post"}],"author":[{"embeddable":true,"href":"https:\/\/centros.uepb.edu.br\/ccbsa\/wp-json\/wp\/v2\/users\/8"}],"replies":[{"embeddable":true,"href":"https:\/\/centros.uepb.edu.br\/ccbsa\/wp-json\/wp\/v2\/comments?post=10709"}],"version-history":[{"count":0,"href":"https:\/\/centros.uepb.edu.br\/ccbsa\/wp-json\/wp\/v2\/posts\/10709\/revisions"}],"wp:featuredmedia":[{"embeddable":true,"href":"https:\/\/centros.uepb.edu.br\/ccbsa\/wp-json\/wp\/v2\/media\/10712"}],"wp:attachment":[{"href":"https:\/\/centros.uepb.edu.br\/ccbsa\/wp-json\/wp\/v2\/media?parent=10709"}],"wp:term":[{"taxonomy":"category","embeddable":true,"href":"https:\/\/centros.uepb.edu.br\/ccbsa\/wp-json\/wp\/v2\/categories?post=10709"},{"taxonomy":"post_tag","embeddable":true,"href":"https:\/\/centros.uepb.edu.br\/ccbsa\/wp-json\/wp\/v2\/tags?post=10709"}],"curies":[{"name":"wp","href":"https:\/\/api.w.org\/{rel}","templated":true}]}}