{"id":10657,"date":"2024-02-27T16:06:31","date_gmt":"2024-02-27T16:06:31","guid":{"rendered":"https:\/\/centros.uepb.edu.br\/ccbsa\/?p=10657"},"modified":"2024-02-27T16:09:25","modified_gmt":"2024-02-27T16:09:25","slug":"campus-v-realiza-programacao-especial-de-abertura-do-semestre-2024-1-e-acolhida-a-comunidade-academica","status":"publish","type":"post","link":"https:\/\/centros.uepb.edu.br\/ccbsa\/campus-v-realiza-programacao-especial-de-abertura-do-semestre-2024-1-e-acolhida-a-comunidade-academica\/","title":{"rendered":"C\u00e2mpus V realiza programa\u00e7\u00e3o especial de abertura do semestre 2024.1 e acolhida \u00e0 comunidade acad\u00eamica"},"content":{"rendered":"\n\t\t<style type=\"text\/css\">\n\t\t\t#gallery-1 {\n\t\t\t\tmargin: auto;\n\t\t\t}\n\t\t\t#gallery-1 .gallery-item {\n\t\t\t\tfloat: left;\n\t\t\t\tmargin-top: 10px;\n\t\t\t\ttext-align: center;\n\t\t\t\twidth: 33%;\n\t\t\t}\n\t\t\t#gallery-1 img {\n\t\t\t\tborder: 2px solid #cfcfcf;\n\t\t\t}\n\t\t\t#gallery-1 .gallery-caption {\n\t\t\t\tmargin-left: 0;\n\t\t\t}\n\t\t\t\/* see gallery_shortcode() in wp-includes\/media.php *\/\n\t\t<\/style>\n\t\t<div id='gallery-1' class='gallery galleryid-10657 gallery-columns-3 gallery-size-full'><dl class='gallery-item'>\n\t\t\t<dt class='gallery-icon landscape'>\n\t\t\t\t<a href='https:\/\/centros.uepb.edu.br\/ccbsa\/files\/2024\/02\/IMG_9328.png'><img loading=\"lazy\" decoding=\"async\" width=\"1200\" height=\"680\" src=\"https:\/\/centros.uepb.edu.br\/ccbsa\/files\/2024\/02\/IMG_9328.png\" class=\"attachment-full size-full\" alt=\"\" srcset=\"https:\/\/centros.uepb.edu.br\/ccbsa\/files\/2024\/02\/IMG_9328.png 1200w, https:\/\/centros.uepb.edu.br\/ccbsa\/files\/2024\/02\/IMG_9328-300x170.png 300w, https:\/\/centros.uepb.edu.br\/ccbsa\/files\/2024\/02\/IMG_9328-1120x635.png 1120w\" sizes=\"auto, (max-width: 1200px) 100vw, 1200px\" \/><\/a>\n\t\t\t<\/dt><\/dl><dl class='gallery-item'>\n\t\t\t<dt class='gallery-icon landscape'>\n\t\t\t\t<a href='https:\/\/centros.uepb.edu.br\/ccbsa\/files\/2024\/02\/IMG_9317.png'><img loading=\"lazy\" decoding=\"async\" width=\"1200\" height=\"769\" src=\"https:\/\/centros.uepb.edu.br\/ccbsa\/files\/2024\/02\/IMG_9317.png\" class=\"attachment-full size-full\" alt=\"\" srcset=\"https:\/\/centros.uepb.edu.br\/ccbsa\/files\/2024\/02\/IMG_9317.png 1200w, https:\/\/centros.uepb.edu.br\/ccbsa\/files\/2024\/02\/IMG_9317-300x192.png 300w, https:\/\/centros.uepb.edu.br\/ccbsa\/files\/2024\/02\/IMG_9317-1120x718.png 1120w\" sizes=\"auto, (max-width: 1200px) 100vw, 1200px\" \/><\/a>\n\t\t\t<\/dt><\/dl><dl class='gallery-item'>\n\t\t\t<dt class='gallery-icon landscape'>\n\t\t\t\t<a href='https:\/\/centros.uepb.edu.br\/ccbsa\/files\/2024\/02\/IMG_9304-1.png'><img loading=\"lazy\" decoding=\"async\" width=\"1200\" height=\"680\" src=\"https:\/\/centros.uepb.edu.br\/ccbsa\/files\/2024\/02\/IMG_9304-1.png\" class=\"attachment-full size-full\" alt=\"\" srcset=\"https:\/\/centros.uepb.edu.br\/ccbsa\/files\/2024\/02\/IMG_9304-1.png 1200w, https:\/\/centros.uepb.edu.br\/ccbsa\/files\/2024\/02\/IMG_9304-1-300x170.png 300w, https:\/\/centros.uepb.edu.br\/ccbsa\/files\/2024\/02\/IMG_9304-1-1120x635.png 1120w\" sizes=\"auto, (max-width: 1200px) 100vw, 1200px\" \/><\/a>\n\t\t\t<\/dt><\/dl><br style=\"clear: both\" \/><dl class='gallery-item'>\n\t\t\t<dt class='gallery-icon landscape'>\n\t\t\t\t<a href='https:\/\/centros.uepb.edu.br\/ccbsa\/files\/2024\/02\/IMG_9301.png'><img loading=\"lazy\" decoding=\"async\" width=\"1200\" height=\"662\" src=\"https:\/\/centros.uepb.edu.br\/ccbsa\/files\/2024\/02\/IMG_9301.png\" class=\"attachment-full size-full\" alt=\"\" srcset=\"https:\/\/centros.uepb.edu.br\/ccbsa\/files\/2024\/02\/IMG_9301.png 1200w, https:\/\/centros.uepb.edu.br\/ccbsa\/files\/2024\/02\/IMG_9301-300x166.png 300w, https:\/\/centros.uepb.edu.br\/ccbsa\/files\/2024\/02\/IMG_9301-1120x618.png 1120w\" sizes=\"auto, (max-width: 1200px) 100vw, 1200px\" \/><\/a>\n\t\t\t<\/dt><\/dl><dl class='gallery-item'>\n\t\t\t<dt class='gallery-icon landscape'>\n\t\t\t\t<a href='https:\/\/centros.uepb.edu.br\/ccbsa\/files\/2024\/02\/IMG_9337.png'><img loading=\"lazy\" decoding=\"async\" width=\"1200\" height=\"806\" src=\"https:\/\/centros.uepb.edu.br\/ccbsa\/files\/2024\/02\/IMG_9337.png\" class=\"attachment-full size-full\" alt=\"\" srcset=\"https:\/\/centros.uepb.edu.br\/ccbsa\/files\/2024\/02\/IMG_9337.png 1200w, https:\/\/centros.uepb.edu.br\/ccbsa\/files\/2024\/02\/IMG_9337-300x202.png 300w, https:\/\/centros.uepb.edu.br\/ccbsa\/files\/2024\/02\/IMG_9337-1120x752.png 1120w\" sizes=\"auto, (max-width: 1200px) 100vw, 1200px\" \/><\/a>\n\t\t\t<\/dt><\/dl><dl class='gallery-item'>\n\t\t\t<dt class='gallery-icon landscape'>\n\t\t\t\t<a href='https:\/\/centros.uepb.edu.br\/ccbsa\/files\/2024\/02\/IMG_9344.png'><img loading=\"lazy\" decoding=\"async\" width=\"1200\" height=\"687\" src=\"https:\/\/centros.uepb.edu.br\/ccbsa\/files\/2024\/02\/IMG_9344.png\" class=\"attachment-full size-full\" alt=\"\" srcset=\"https:\/\/centros.uepb.edu.br\/ccbsa\/files\/2024\/02\/IMG_9344.png 1200w, https:\/\/centros.uepb.edu.br\/ccbsa\/files\/2024\/02\/IMG_9344-300x172.png 300w, https:\/\/centros.uepb.edu.br\/ccbsa\/files\/2024\/02\/IMG_9344-1120x641.png 1120w\" sizes=\"auto, (max-width: 1200px) 100vw, 1200px\" \/><\/a>\n\t\t\t<\/dt><\/dl><br style=\"clear: both\" \/><dl class='gallery-item'>\n\t\t\t<dt class='gallery-icon landscape'>\n\t\t\t\t<a href='https:\/\/centros.uepb.edu.br\/ccbsa\/files\/2024\/02\/IMG_9425.png'><img loading=\"lazy\" decoding=\"async\" width=\"1200\" height=\"698\" src=\"https:\/\/centros.uepb.edu.br\/ccbsa\/files\/2024\/02\/IMG_9425.png\" class=\"attachment-full size-full\" alt=\"\" srcset=\"https:\/\/centros.uepb.edu.br\/ccbsa\/files\/2024\/02\/IMG_9425.png 1200w, https:\/\/centros.uepb.edu.br\/ccbsa\/files\/2024\/02\/IMG_9425-300x175.png 300w, https:\/\/centros.uepb.edu.br\/ccbsa\/files\/2024\/02\/IMG_9425-1120x651.png 1120w\" sizes=\"auto, (max-width: 1200px) 100vw, 1200px\" \/><\/a>\n\t\t\t<\/dt><\/dl><dl class='gallery-item'>\n\t\t\t<dt class='gallery-icon landscape'>\n\t\t\t\t<a href='https:\/\/centros.uepb.edu.br\/ccbsa\/files\/2024\/02\/IMG_9454.png'><img loading=\"lazy\" decoding=\"async\" width=\"1200\" height=\"728\" src=\"https:\/\/centros.uepb.edu.br\/ccbsa\/files\/2024\/02\/IMG_9454.png\" class=\"attachment-full size-full\" alt=\"\" srcset=\"https:\/\/centros.uepb.edu.br\/ccbsa\/files\/2024\/02\/IMG_9454.png 1200w, https:\/\/centros.uepb.edu.br\/ccbsa\/files\/2024\/02\/IMG_9454-300x182.png 300w, https:\/\/centros.uepb.edu.br\/ccbsa\/files\/2024\/02\/IMG_9454-1120x679.png 1120w\" sizes=\"auto, (max-width: 1200px) 100vw, 1200px\" \/><\/a>\n\t\t\t<\/dt><\/dl><dl class='gallery-item'>\n\t\t\t<dt class='gallery-icon landscape'>\n\t\t\t\t<a href='https:\/\/centros.uepb.edu.br\/ccbsa\/files\/2024\/02\/IMG_9459.png'><img loading=\"lazy\" decoding=\"async\" width=\"1200\" height=\"708\" src=\"https:\/\/centros.uepb.edu.br\/ccbsa\/files\/2024\/02\/IMG_9459.png\" class=\"attachment-full size-full\" alt=\"\" srcset=\"https:\/\/centros.uepb.edu.br\/ccbsa\/files\/2024\/02\/IMG_9459.png 1200w, https:\/\/centros.uepb.edu.br\/ccbsa\/files\/2024\/02\/IMG_9459-300x177.png 300w, https:\/\/centros.uepb.edu.br\/ccbsa\/files\/2024\/02\/IMG_9459-1120x661.png 1120w\" sizes=\"auto, (max-width: 1200px) 100vw, 1200px\" \/><\/a>\n\t\t\t<\/dt><\/dl><br style=\"clear: both\" \/>\n\t\t<\/div>\n\n<p>Emo\u00e7\u00e3o, alegria, ansiedade, entusiasmo, s\u00e3o muitos os sentimentos que definem o momento de ingresso na educa\u00e7\u00e3o superior. Permeados por esse conjunto de sensa\u00e7\u00f5es, calouros do per\u00edodo 2024.1 do C\u00e2mpus V da Universidade Estadual da Para\u00edba (UEPB), participam, nesse in\u00edcio de semestre, de uma programa\u00e7\u00e3o especial de acolhida organizada pela dire\u00e7\u00e3o de centro, coordena\u00e7\u00f5es de cursos e Centros Acad\u00eamicos. Nesta segunda e ter\u00e7a-feira (27), primeiros dias de evento, a programa\u00e7\u00e3o foi comum \u00e0s gradua\u00e7\u00f5es em Arquivologia, Ci\u00eancias Biol\u00f3gicas e Rela\u00e7\u00f5es Internacionais, e aos tecn\u00f3logos em An\u00e1lise de Desenvolvimento de Sistemas e Ci\u00eancia de Dados. Ap\u00f3s esse per\u00edodo, cada curso realizar\u00e1 uma programa\u00e7\u00e3o espec\u00edfica.<\/p>\n<p>Participaram da mesa de abertura do evento o diretor do Centro de Ci\u00eancias Biol\u00f3gicas e Sociais Aplicadas (CCBSA), professor Cleber Salimon; o Gerente de Ensino Superior da Secretaria de Estado da Ci\u00eancia, Tecnologia, Inova\u00e7\u00e3o e Ensino Superior (SECTIES), professor Wilson Honorato Arag\u00e3o; o pro-reitor de p\u00f3s-gradua\u00e7\u00e3o e pesquisa da UEPB, professor Francisco Jaime; A pro-reitora de extens\u00e3o da UEPB, professora Maria do Socorro Barbosa, e o pro-reitor estudantil, professor Manuel Gord\u00f3n-N\u00fa\u00f1ez.<\/p>\n<p>Na sequ\u00eancia, os coordenadores dos cursos de Arquivologia, professor Rams\u00e9s Nunes; de Ci\u00eancias Biol\u00f3gicas, professora Brigida Lucena; o coordenador adjunto de Rela\u00e7\u00f5es Internacionais, professor Filipe Reis; o coordenador do curso de An\u00e1lise de Desenvolvimento de Sistemas, professor Elder Eldervitch, o coordenador do curso de Tecn\u00f3logo em Ci\u00eancia de Dados, professor Jos\u00e9 Augusto de Oliveira Neto e a bibliotec\u00e1ria do C\u00e2mpus V, Liliane Braga Holanda.<\/p>\n<p>Na ocasi\u00e3o, os estudantes puderam receber orienta\u00e7\u00f5es referentes \u00e0 trajet\u00f3ria acad\u00eamica, participa\u00e7\u00e3o em projetos, editais, servi\u00e7os oferecidos pela Institui\u00e7\u00e3o. O primeiro dia de atividades foi encerrado com uma visita guiada promovida pelos centros acad\u00eamicos e uma atividade cultural com o egresso do curso Beto Tavares. As mesmas atividades foram realizadas nos turnos da manh\u00e3 e noite.<\/p>\n<p>O segundo dia de acolhida aos estudantes contou com uma mesa com a participa\u00e7\u00e3o dos representantes do Centro Acad\u00eamico de Arquivologia, Rislaynne Galdino e Thomas Barbosa; do Centro Acad\u00eamico de Ci\u00eancias Biol\u00f3gicas, Marina Braga; do Centro Acad\u00eamico de Rela\u00e7\u00f5es Internacionais, Safira Luz e Mateus Almeida; da Atl\u00e9tica do C\u00e2mpus V, Geise Kelly e do Diret\u00f3rio Central dos Estudantes, Lucas Truta.<\/p>\n<p>Tamb\u00e9m foi promovida a palestra \u201cAutonomia e desafios para o estudante universit\u00e1rio no atual cen\u00e1rio da educa\u00e7\u00e3o p\u00fablica no Brasil\u201d, tendo como ministrante a professora do Departamento de Psicologia do C\u00e2mpus I da UEPB, Josevania da Silva, que contemplou a tem\u00e1tica relacionada \u00e0 sa\u00fade mental e o autocuidado durante a trajet\u00f3ria de estudante do ensino superior.<\/p>\n<p><strong>Texto e fotos:<\/strong> <em>Juliana Marques<\/em><\/p>\n","protected":false},"excerpt":{"rendered":"<p>Emo\u00e7\u00e3o, alegria, ansiedade, entusiasmo, s\u00e3o muitos os sentimentos que definem o momento de ingresso na educa\u00e7\u00e3o superior. Permeados por esse conjunto de sensa\u00e7\u00f5es, calouros do per\u00edodo 2024.1 do C\u00e2mpus V da Universidade Estadual da Para\u00edba (UEPB), participam, nesse in\u00edcio de semestre, de uma programa\u00e7\u00e3o especial de acolhida organizada pela dire\u00e7\u00e3o de centro, coordena\u00e7\u00f5es de cursos <a class=\"leiamais\" href=\"https:\/\/centros.uepb.edu.br\/ccbsa\/campus-v-realiza-programacao-especial-de-abertura-do-semestre-2024-1-e-acolhida-a-comunidade-academica\/\">Leia Mais&#8230;<\/a><\/p>\n","protected":false},"author":8,"featured_media":10658,"comment_status":"closed","ping_status":"closed","sticky":false,"template":"","format":"standard","meta":{"footnotes":""},"categories":[3,11],"tags":[],"class_list":["post-10657","post","type-post","status-publish","format-standard","has-post-thumbnail","hentry","category-noticias","category-noticias-destaque-img"],"jetpack_featured_media_url":"https:\/\/centros.uepb.edu.br\/ccbsa\/files\/2024\/02\/IMG_9304.png","_links":{"self":[{"href":"https:\/\/centros.uepb.edu.br\/ccbsa\/wp-json\/wp\/v2\/posts\/10657","targetHints":{"allow":["GET"]}}],"collection":[{"href":"https:\/\/centros.uepb.edu.br\/ccbsa\/wp-json\/wp\/v2\/posts"}],"about":[{"href":"https:\/\/centros.uepb.edu.br\/ccbsa\/wp-json\/wp\/v2\/types\/post"}],"author":[{"embeddable":true,"href":"https:\/\/centros.uepb.edu.br\/ccbsa\/wp-json\/wp\/v2\/users\/8"}],"replies":[{"embeddable":true,"href":"https:\/\/centros.uepb.edu.br\/ccbsa\/wp-json\/wp\/v2\/comments?post=10657"}],"version-history":[{"count":0,"href":"https:\/\/centros.uepb.edu.br\/ccbsa\/wp-json\/wp\/v2\/posts\/10657\/revisions"}],"wp:featuredmedia":[{"embeddable":true,"href":"https:\/\/centros.uepb.edu.br\/ccbsa\/wp-json\/wp\/v2\/media\/10658"}],"wp:attachment":[{"href":"https:\/\/centros.uepb.edu.br\/ccbsa\/wp-json\/wp\/v2\/media?parent=10657"}],"wp:term":[{"taxonomy":"category","embeddable":true,"href":"https:\/\/centros.uepb.edu.br\/ccbsa\/wp-json\/wp\/v2\/categories?post=10657"},{"taxonomy":"post_tag","embeddable":true,"href":"https:\/\/centros.uepb.edu.br\/ccbsa\/wp-json\/wp\/v2\/tags?post=10657"}],"curies":[{"name":"wp","href":"https:\/\/api.w.org\/{rel}","templated":true}]}}