{"id":10654,"date":"2024-02-26T11:29:05","date_gmt":"2024-02-26T11:29:05","guid":{"rendered":"https:\/\/centros.uepb.edu.br\/ccbsa\/?p=10654"},"modified":"2024-02-26T11:29:05","modified_gmt":"2024-02-26T11:29:05","slug":"nucleo-de-linguas-do-campus-v-inscreve-para-700-vagas-oferecidas-para-os-cursos-de-idiomas-do-semestre-2024-1","status":"publish","type":"post","link":"https:\/\/centros.uepb.edu.br\/ccbsa\/nucleo-de-linguas-do-campus-v-inscreve-para-700-vagas-oferecidas-para-os-cursos-de-idiomas-do-semestre-2024-1\/","title":{"rendered":"N\u00facleo de L\u00ednguas do C\u00e2mpus V inscreve para 700 vagas oferecidas para os cursos de idiomas do semestre 2024.1"},"content":{"rendered":"<p><a href=\"https:\/\/centros.uepb.edu.br\/ccbsa\/files\/2024\/02\/NUCLEO.png\"><img loading=\"lazy\" decoding=\"async\" class=\"aligncenter size-full wp-image-10655 img-responsive\" src=\"https:\/\/centros.uepb.edu.br\/ccbsa\/files\/2024\/02\/NUCLEO.png\" alt=\"\" width=\"1200\" height=\"680\" srcset=\"https:\/\/centros.uepb.edu.br\/ccbsa\/files\/2024\/02\/NUCLEO.png 1200w, https:\/\/centros.uepb.edu.br\/ccbsa\/files\/2024\/02\/NUCLEO-300x170.png 300w, https:\/\/centros.uepb.edu.br\/ccbsa\/files\/2024\/02\/NUCLEO-1120x635.png 1120w\" sizes=\"auto, (max-width: 1200px) 100vw, 1200px\" \/><\/a><\/p>\n<p>O N\u00facleo de L\u00ednguas do C\u00e2mpus V da Universidade Estadual da Para\u00edba (UEPB), em Jo\u00e3o Pessoa, informa que, entre os dias 27 e 29 de fevereiro, est\u00e3o abertas as inscri\u00e7\u00f5es para novatos e veteranos que desejarem cursar uma das forma\u00e7\u00f5es oferecidas no local: Ingl\u00eas, Espanhol e Franc\u00eas, com vagas nos n\u00edveis b\u00e1sico, intermedi\u00e1rio e avan\u00e7ado.<\/p>\n<p>Est\u00e3o sendo oferecidas 700 vagas e a sele\u00e7\u00e3o de estudantes se dar\u00e1 por ordem de inscri\u00e7\u00e3o, com prioridade para a comunidade acad\u00eamica da UEPB e veteranos do N\u00facleo de L\u00ednguas. Os cursos s\u00e3o oferecidos de forma presencial nos tr\u00eas turnos, de segunda a sexta-feira.<\/p>\n<p>As inscri\u00e7\u00f5es ser\u00e3o realizadas exclusivamente de forma remota, pelo <a href=\"https:\/\/forms.gle\/JeT9UsyZizVhg6hMA\">Google Formul\u00e1rios<\/a>.<\/p>\n<p>Outras informa\u00e7\u00f5es: nucleodelinguas.ccbsa@setor.uepb.edu.br.<\/p>\n","protected":false},"excerpt":{"rendered":"<p>O N\u00facleo de L\u00ednguas do C\u00e2mpus V da Universidade Estadual da Para\u00edba (UEPB), em Jo\u00e3o Pessoa, informa que, entre os dias 27 e 29 de fevereiro, est\u00e3o abertas as inscri\u00e7\u00f5es para novatos e veteranos que desejarem cursar uma das forma\u00e7\u00f5es oferecidas no local: Ingl\u00eas, Espanhol e Franc\u00eas, com vagas nos n\u00edveis b\u00e1sico, intermedi\u00e1rio e avan\u00e7ado. <a class=\"leiamais\" href=\"https:\/\/centros.uepb.edu.br\/ccbsa\/nucleo-de-linguas-do-campus-v-inscreve-para-700-vagas-oferecidas-para-os-cursos-de-idiomas-do-semestre-2024-1\/\">Leia Mais&#8230;<\/a><\/p>\n","protected":false},"author":8,"featured_media":10655,"comment_status":"closed","ping_status":"closed","sticky":false,"template":"","format":"standard","meta":{"footnotes":""},"categories":[3,11],"tags":[],"class_list":["post-10654","post","type-post","status-publish","format-standard","has-post-thumbnail","hentry","category-noticias","category-noticias-destaque-img"],"jetpack_featured_media_url":"https:\/\/centros.uepb.edu.br\/ccbsa\/files\/2024\/02\/NUCLEO.png","_links":{"self":[{"href":"https:\/\/centros.uepb.edu.br\/ccbsa\/wp-json\/wp\/v2\/posts\/10654","targetHints":{"allow":["GET"]}}],"collection":[{"href":"https:\/\/centros.uepb.edu.br\/ccbsa\/wp-json\/wp\/v2\/posts"}],"about":[{"href":"https:\/\/centros.uepb.edu.br\/ccbsa\/wp-json\/wp\/v2\/types\/post"}],"author":[{"embeddable":true,"href":"https:\/\/centros.uepb.edu.br\/ccbsa\/wp-json\/wp\/v2\/users\/8"}],"replies":[{"embeddable":true,"href":"https:\/\/centros.uepb.edu.br\/ccbsa\/wp-json\/wp\/v2\/comments?post=10654"}],"version-history":[{"count":0,"href":"https:\/\/centros.uepb.edu.br\/ccbsa\/wp-json\/wp\/v2\/posts\/10654\/revisions"}],"wp:featuredmedia":[{"embeddable":true,"href":"https:\/\/centros.uepb.edu.br\/ccbsa\/wp-json\/wp\/v2\/media\/10655"}],"wp:attachment":[{"href":"https:\/\/centros.uepb.edu.br\/ccbsa\/wp-json\/wp\/v2\/media?parent=10654"}],"wp:term":[{"taxonomy":"category","embeddable":true,"href":"https:\/\/centros.uepb.edu.br\/ccbsa\/wp-json\/wp\/v2\/categories?post=10654"},{"taxonomy":"post_tag","embeddable":true,"href":"https:\/\/centros.uepb.edu.br\/ccbsa\/wp-json\/wp\/v2\/tags?post=10654"}],"curies":[{"name":"wp","href":"https:\/\/api.w.org\/{rel}","templated":true}]}}