{"id":10646,"date":"2024-02-23T14:36:12","date_gmt":"2024-02-23T14:36:12","guid":{"rendered":"https:\/\/centros.uepb.edu.br\/ccbsa\/?p=10646"},"modified":"2024-02-23T16:29:28","modified_gmt":"2024-02-23T16:29:28","slug":"campus-v-sedia-diversas-atividades-de-abertura-do-semestre-2024-1-e-acolhida-a-comunidade-academica","status":"publish","type":"post","link":"https:\/\/centros.uepb.edu.br\/ccbsa\/campus-v-sedia-diversas-atividades-de-abertura-do-semestre-2024-1-e-acolhida-a-comunidade-academica\/","title":{"rendered":"C\u00e2mpus V sedia diversas atividades de abertura do semestre 2024.1 e acolhida \u00e0 comunidade acad\u00eamica"},"content":{"rendered":"<div><a href=\"https:\/\/centros.uepb.edu.br\/ccbsa\/files\/2022\/08\/IMG_4868-13-1.jpg\"><img loading=\"lazy\" decoding=\"async\" class=\"aligncenter size-full wp-image-9211 img-responsive\" src=\"https:\/\/centros.uepb.edu.br\/ccbsa\/files\/2022\/08\/IMG_4868-13-1.jpg\" alt=\"\" width=\"1200\" height=\"680\" srcset=\"https:\/\/centros.uepb.edu.br\/ccbsa\/files\/2022\/08\/IMG_4868-13-1.jpg 1200w, https:\/\/centros.uepb.edu.br\/ccbsa\/files\/2022\/08\/IMG_4868-13-1-300x170.jpg 300w, https:\/\/centros.uepb.edu.br\/ccbsa\/files\/2022\/08\/IMG_4868-13-1-1120x635.jpg 1120w\" sizes=\"auto, (max-width: 1200px) 100vw, 1200px\" \/><\/a><\/div>\n<p>Com o objetivo de acolher a comunidade acad\u00eamica e celebrar o in\u00edcio do semestre 2024.1, as coordena\u00e7\u00f5es de cursos, centros acad\u00eamicos e dire\u00e7\u00e3o do Centro de Ci\u00eancias Biol\u00f3gicas e Sociais Aplicadas (CCBSA), al\u00e9m de representantes das pr\u00f3-reitorias da Universidade Estadual da Para\u00edba (UEPB), promovem, a partir da segunda-feira, 26 de fevereiro, uma programa\u00e7\u00e3o especial\u00a0 com momentos culturais e acad\u00eamicos.<\/p>\n<p>A acolhida aos feras, que ocorrer\u00e1 na segunda-feira, 26 de fevereiro, \u00e0s 9h e 19h, no audit\u00f3rio Pioneiros,\u00a0 deve contar com a presen\u00e7a de coordena\u00e7\u00f5es, dire\u00e7\u00e3o de centro, pr\u00f3-reitorias, n\u00facleo de l\u00ednguas e biblioteca, que prestar\u00e3o orienta\u00e7\u00f5es b\u00e1sicas aos estudantes sobre os servi\u00e7os prestados em cada setor, as oportunidades dispon\u00edveis, as diretrizes para o bom andamento do curso. Na sequ\u00eancia, os centros acad\u00eamicos realizam um tour guiado pelo C\u00e2mpus V para apresentar as instala\u00e7\u00f5es acad\u00eamicas e administrativas e o encerramento da programa\u00e7\u00e3o deve ocorrer no Hall da Central de aulas com m\u00fasica ao vivo.<\/p>\n<p>Na ter\u00e7a-feira, 27 de fevereiro, \u00e0s 9 e 19h, no audit\u00f3rio Pioneiros, ser\u00e1 realizada a apresenta\u00e7\u00e3o das representa\u00e7\u00f5es dos Centros Acad\u00eamicos de Arquivologia, Ci\u00eancias Biol\u00f3gicas e Rela\u00e7\u00f5es Internacionais. Tamb\u00e9m ser\u00e1 realizada a palestra &#8220;Autonomia e desafios para o estudante universit\u00e1rio no atual cen\u00e1rio da educa\u00e7\u00e3o p\u00fablica no Brasil&#8221;, que ser\u00e1 proferida pela professora do Departamento de Psicologia do C\u00e2mpus I da UEPB, Josevania da Silva.<\/p>\n","protected":false},"excerpt":{"rendered":"<p>Com o objetivo de acolher a comunidade acad\u00eamica e celebrar o in\u00edcio do semestre 2024.1, as coordena\u00e7\u00f5es de cursos, centros acad\u00eamicos e dire\u00e7\u00e3o do Centro de Ci\u00eancias Biol\u00f3gicas e Sociais Aplicadas (CCBSA), al\u00e9m de representantes das pr\u00f3-reitorias da Universidade Estadual da Para\u00edba (UEPB), promovem, a partir da segunda-feira, 26 de fevereiro, uma programa\u00e7\u00e3o especial\u00a0 com <a class=\"leiamais\" href=\"https:\/\/centros.uepb.edu.br\/ccbsa\/campus-v-sedia-diversas-atividades-de-abertura-do-semestre-2024-1-e-acolhida-a-comunidade-academica\/\">Leia Mais&#8230;<\/a><\/p>\n","protected":false},"author":8,"featured_media":9211,"comment_status":"closed","ping_status":"closed","sticky":false,"template":"","format":"standard","meta":{"footnotes":""},"categories":[3,11],"tags":[],"class_list":["post-10646","post","type-post","status-publish","format-standard","has-post-thumbnail","hentry","category-noticias","category-noticias-destaque-img"],"jetpack_featured_media_url":"https:\/\/centros.uepb.edu.br\/ccbsa\/files\/2022\/08\/IMG_4868-13-1.jpg","_links":{"self":[{"href":"https:\/\/centros.uepb.edu.br\/ccbsa\/wp-json\/wp\/v2\/posts\/10646","targetHints":{"allow":["GET"]}}],"collection":[{"href":"https:\/\/centros.uepb.edu.br\/ccbsa\/wp-json\/wp\/v2\/posts"}],"about":[{"href":"https:\/\/centros.uepb.edu.br\/ccbsa\/wp-json\/wp\/v2\/types\/post"}],"author":[{"embeddable":true,"href":"https:\/\/centros.uepb.edu.br\/ccbsa\/wp-json\/wp\/v2\/users\/8"}],"replies":[{"embeddable":true,"href":"https:\/\/centros.uepb.edu.br\/ccbsa\/wp-json\/wp\/v2\/comments?post=10646"}],"version-history":[{"count":0,"href":"https:\/\/centros.uepb.edu.br\/ccbsa\/wp-json\/wp\/v2\/posts\/10646\/revisions"}],"wp:featuredmedia":[{"embeddable":true,"href":"https:\/\/centros.uepb.edu.br\/ccbsa\/wp-json\/wp\/v2\/media\/9211"}],"wp:attachment":[{"href":"https:\/\/centros.uepb.edu.br\/ccbsa\/wp-json\/wp\/v2\/media?parent=10646"}],"wp:term":[{"taxonomy":"category","embeddable":true,"href":"https:\/\/centros.uepb.edu.br\/ccbsa\/wp-json\/wp\/v2\/categories?post=10646"},{"taxonomy":"post_tag","embeddable":true,"href":"https:\/\/centros.uepb.edu.br\/ccbsa\/wp-json\/wp\/v2\/tags?post=10646"}],"curies":[{"name":"wp","href":"https:\/\/api.w.org\/{rel}","templated":true}]}}