{"id":10622,"date":"2024-02-02T17:22:32","date_gmt":"2024-02-02T17:22:32","guid":{"rendered":"https:\/\/centros.uepb.edu.br\/ccbsa\/?p=10622"},"modified":"2024-02-02T17:22:32","modified_gmt":"2024-02-02T17:22:32","slug":"equipe-da-coordenacao-de-pesquisa-da-prpgp-realiza-de-visita-tecnica-ao-ifpb-e-prepara-acoes-de-2024","status":"publish","type":"post","link":"https:\/\/centros.uepb.edu.br\/ccbsa\/equipe-da-coordenacao-de-pesquisa-da-prpgp-realiza-de-visita-tecnica-ao-ifpb-e-prepara-acoes-de-2024\/","title":{"rendered":"Equipe da Coordena\u00e7\u00e3o de Pesquisa da PRPGP realiza de visita t\u00e9cnica ao IFPB e prepara a\u00e7\u00f5es de 2024"},"content":{"rendered":"\n\t\t<style type=\"text\/css\">\n\t\t\t#gallery-1 {\n\t\t\t\tmargin: auto;\n\t\t\t}\n\t\t\t#gallery-1 .gallery-item {\n\t\t\t\tfloat: left;\n\t\t\t\tmargin-top: 10px;\n\t\t\t\ttext-align: center;\n\t\t\t\twidth: 33%;\n\t\t\t}\n\t\t\t#gallery-1 img {\n\t\t\t\tborder: 2px solid #cfcfcf;\n\t\t\t}\n\t\t\t#gallery-1 .gallery-caption {\n\t\t\t\tmargin-left: 0;\n\t\t\t}\n\t\t\t\/* see gallery_shortcode() in wp-includes\/media.php *\/\n\t\t<\/style>\n\t\t<div id='gallery-1' class='gallery galleryid-10622 gallery-columns-3 gallery-size-full'><dl class='gallery-item'>\n\t\t\t<dt class='gallery-icon landscape'>\n\t\t\t\t<a href='https:\/\/centros.uepb.edu.br\/ccbsa\/files\/2024\/02\/WhatsApp-Image-2024-02-02-at-14.10.57.png'><img loading=\"lazy\" decoding=\"async\" width=\"1200\" height=\"901\" src=\"https:\/\/centros.uepb.edu.br\/ccbsa\/files\/2024\/02\/WhatsApp-Image-2024-02-02-at-14.10.57.png\" class=\"attachment-full size-full\" alt=\"\" srcset=\"https:\/\/centros.uepb.edu.br\/ccbsa\/files\/2024\/02\/WhatsApp-Image-2024-02-02-at-14.10.57.png 1200w, https:\/\/centros.uepb.edu.br\/ccbsa\/files\/2024\/02\/WhatsApp-Image-2024-02-02-at-14.10.57-300x225.png 300w, https:\/\/centros.uepb.edu.br\/ccbsa\/files\/2024\/02\/WhatsApp-Image-2024-02-02-at-14.10.57-1060x796.png 1060w\" sizes=\"auto, (max-width: 1200px) 100vw, 1200px\" \/><\/a>\n\t\t\t<\/dt><\/dl><dl class='gallery-item'>\n\t\t\t<dt class='gallery-icon landscape'>\n\t\t\t\t<a href='https:\/\/centros.uepb.edu.br\/ccbsa\/files\/2024\/02\/WhatsApp-Image-2024-02-02-at-14.11.50.png'><img loading=\"lazy\" decoding=\"async\" width=\"1200\" height=\"680\" src=\"https:\/\/centros.uepb.edu.br\/ccbsa\/files\/2024\/02\/WhatsApp-Image-2024-02-02-at-14.11.50.png\" class=\"attachment-full size-full\" alt=\"\" srcset=\"https:\/\/centros.uepb.edu.br\/ccbsa\/files\/2024\/02\/WhatsApp-Image-2024-02-02-at-14.11.50.png 1200w, https:\/\/centros.uepb.edu.br\/ccbsa\/files\/2024\/02\/WhatsApp-Image-2024-02-02-at-14.11.50-300x170.png 300w, https:\/\/centros.uepb.edu.br\/ccbsa\/files\/2024\/02\/WhatsApp-Image-2024-02-02-at-14.11.50-1120x635.png 1120w\" sizes=\"auto, (max-width: 1200px) 100vw, 1200px\" \/><\/a>\n\t\t\t<\/dt><\/dl>\n\t\t\t<br style='clear: both' \/>\n\t\t<\/div>\n\n<p>Como parte do planejamento das atividades que ser\u00e3o realizadas em 2024, sobretudo no que concerne \u00e0 habilita\u00e7\u00e3o da equipe da Pro-reitoria de P\u00f3s-gradua\u00e7\u00e3o e Pesquisa (PRPGP) da Universidade Estadual da Para\u00edba (UEPB) para o cadastramento e operacionaliza\u00e7\u00e3o do m\u00f3dulo de pesquisa do Sistema Unificado da Administra\u00e7\u00e3o P\u00fablica (SUAP), a equipe de coordena\u00e7\u00e3o de pesquisa da PRPGP realizou, na manh\u00e3 desta quinta-feira (1\u00ba), uma visita t\u00e9cnica ao Instituto Federal de Educa\u00e7\u00e3o da Para\u00edba (IFPB), C\u00e2mpus de Jo\u00e3o Pessoa.<\/p>\n<p>De acordo com o pro-reitor de p\u00f3s-gradua\u00e7\u00e3o e pesquisa da UEPB, professor Francisco Jaime, esse ano a UEPB far\u00e1 todo o processo de lan\u00e7amento dos editais de pesquisa, submiss\u00e3o e avalia\u00e7\u00e3o dos projetos e divulga\u00e7\u00e3o dos resultados atrav\u00e9s do m\u00f3dulo de pesquisa do SUAP e esse encontro foi uma troca de experi\u00eancias importante para a implementa\u00e7\u00e3o desse novo sistema. O docente aproveitou a ocasi\u00e3o para agradecer a receptibilidade e disponibilidade do IFPB em receber a UEPB para essa troca de experi\u00eancias que s\u00f3 fortalece o ecossistema de ci\u00eancia, tecnologia e inova\u00e7\u00e3o do Estado da Para\u00edba.<\/p>\n<p>\u201cA equipe da UEPB foi recebida pelos professores Deyse e Thiago da Diretoria de Pesquisa do IFPB, que t\u00eam experi\u00eancia acumulada de funcionamento do m\u00f3dulo de pesquisa do SUAP, especialmente na submiss\u00e3o de editais, a exemplo dos editais de Inicia\u00e7\u00e3o Cient\u00edfica, que s\u00e3o feitos pelo IFPB via SUAP desde 2017. Ent\u00e3o aproveitamos esse encontro para tirar v\u00e1rias d\u00favidas sobre o cadastramento e operacionaliza\u00e7\u00e3o deste m\u00f3dulo que permitir\u00e1 \u00e0 UEPB voltar a operacionalizar os editais de Inicia\u00e7\u00e3o Cient\u00edfica atrav\u00e9s de uma plataforma, como acontecia em anos atr\u00e1s com o sistema e-PIC\u201d, explica o pro-reitor.<\/p>\n<p>O pro-reitor avalia que essa plataforma vai simplificar todo processo de submiss\u00e3o, avalia\u00e7\u00e3o e divulga\u00e7\u00e3o dos resultados, al\u00e9m de facilitar a gera\u00e7\u00e3o de relat\u00f3rios e presta\u00e7\u00e3o de contas, emiss\u00e3o de certificados, troca de bolsistas, dentre outras a\u00e7\u00f5es, e ser\u00e1 um grande marco para a UEPB, que voltar\u00e1 a fazer a gest\u00e3o dos projetos de pesquisas da mesma forma que as grandes universidades fazem.<\/p>\n<p>Al\u00e9m disso, o gestor destaca que a PRPGP j\u00e1 est\u00e1 se preparando para lan\u00e7ar todos os editais de Inicia\u00e7\u00e3o Cient\u00edfica atrav\u00e9s da plataforma do SUAP nos quais estar\u00e3o dispon\u00edveis n\u00famero de bolsas, prazos, regras para submiss\u00e3o, dentre outras informa\u00e7\u00f5es.<\/p>\n<p>\u201cApesar da plataforma SUAP ser muito intuitiva, a PRPGP est\u00e1 preparando tutoriais explicativos com passo a passo para auxiliar todo processo de submiss\u00e3o. Esse procedimento est\u00e1 sendo feito apenas devido ao fato de que ser\u00e1 o primeiro ano de utiliza\u00e7\u00e3o, por\u00e9m a PRPGP garante que o sistema \u00e9 de muito f\u00e1cil utiliza\u00e7\u00e3o\u201d, explica o professor Francisco.<\/p>\n<p>Aproveitando a passagem em Jo\u00e3o Pessoa a equipe realizou uma visita \u00e0s instala\u00e7\u00f5es do c\u00e2mpus V da UEPB, em Jo\u00e3o Pessoa, para conhecer a estrutura administrativa, acad\u00eamica e laborat\u00f3rios de pesquisa do Centro de Ci\u00eancias Biol\u00f3gicas e Sociais Aplicadas. Essas iniciativas integram o planejamento executado pela PRPGP para 2024, que tamb\u00e9m deve contar com uma reuni\u00e3o com os coordenadores de cada programa de p\u00f3s-gradua\u00e7\u00e3o e pesquisa da UEPB a ser realizada em breve.<\/p>\n<p><strong>Texto:<\/strong> <em>Juliana Marques<\/em><\/p>\n","protected":false},"excerpt":{"rendered":"<p>Como parte do planejamento das atividades que ser\u00e3o realizadas em 2024, sobretudo no que concerne \u00e0 habilita\u00e7\u00e3o da equipe da Pro-reitoria de P\u00f3s-gradua\u00e7\u00e3o e Pesquisa (PRPGP) da Universidade Estadual da Para\u00edba (UEPB) para o cadastramento e operacionaliza\u00e7\u00e3o do m\u00f3dulo de pesquisa do Sistema Unificado da Administra\u00e7\u00e3o P\u00fablica (SUAP), a equipe de coordena\u00e7\u00e3o de pesquisa da <a class=\"leiamais\" href=\"https:\/\/centros.uepb.edu.br\/ccbsa\/equipe-da-coordenacao-de-pesquisa-da-prpgp-realiza-de-visita-tecnica-ao-ifpb-e-prepara-acoes-de-2024\/\">Leia Mais&#8230;<\/a><\/p>\n","protected":false},"author":8,"featured_media":10624,"comment_status":"closed","ping_status":"closed","sticky":false,"template":"","format":"standard","meta":{"footnotes":""},"categories":[3,11],"tags":[],"class_list":["post-10622","post","type-post","status-publish","format-standard","has-post-thumbnail","hentry","category-noticias","category-noticias-destaque-img"],"jetpack_featured_media_url":"https:\/\/centros.uepb.edu.br\/ccbsa\/files\/2024\/02\/WhatsApp-Image-2024-02-02-at-14.11.50.png","_links":{"self":[{"href":"https:\/\/centros.uepb.edu.br\/ccbsa\/wp-json\/wp\/v2\/posts\/10622","targetHints":{"allow":["GET"]}}],"collection":[{"href":"https:\/\/centros.uepb.edu.br\/ccbsa\/wp-json\/wp\/v2\/posts"}],"about":[{"href":"https:\/\/centros.uepb.edu.br\/ccbsa\/wp-json\/wp\/v2\/types\/post"}],"author":[{"embeddable":true,"href":"https:\/\/centros.uepb.edu.br\/ccbsa\/wp-json\/wp\/v2\/users\/8"}],"replies":[{"embeddable":true,"href":"https:\/\/centros.uepb.edu.br\/ccbsa\/wp-json\/wp\/v2\/comments?post=10622"}],"version-history":[{"count":0,"href":"https:\/\/centros.uepb.edu.br\/ccbsa\/wp-json\/wp\/v2\/posts\/10622\/revisions"}],"wp:featuredmedia":[{"embeddable":true,"href":"https:\/\/centros.uepb.edu.br\/ccbsa\/wp-json\/wp\/v2\/media\/10624"}],"wp:attachment":[{"href":"https:\/\/centros.uepb.edu.br\/ccbsa\/wp-json\/wp\/v2\/media?parent=10622"}],"wp:term":[{"taxonomy":"category","embeddable":true,"href":"https:\/\/centros.uepb.edu.br\/ccbsa\/wp-json\/wp\/v2\/categories?post=10622"},{"taxonomy":"post_tag","embeddable":true,"href":"https:\/\/centros.uepb.edu.br\/ccbsa\/wp-json\/wp\/v2\/tags?post=10622"}],"curies":[{"name":"wp","href":"https:\/\/api.w.org\/{rel}","templated":true}]}}