{"id":1061,"date":"2013-10-24T13:30:51","date_gmt":"2013-10-24T13:30:51","guid":{"rendered":"\/ccbsa\/?p=1061"},"modified":"2013-10-24T13:30:51","modified_gmt":"2013-10-24T13:30:51","slug":"campus-v-tem-projetos-aprovados-em-varias-areas-do-saber-no-programa-de-bolsas-de-extensao","status":"publish","type":"post","link":"https:\/\/centros.uepb.edu.br\/ccbsa\/campus-v-tem-projetos-aprovados-em-varias-areas-do-saber-no-programa-de-bolsas-de-extensao\/","title":{"rendered":"Campus V tem projetos aprovados em v\u00e1rias \u00e1reas do saber no Programa de Bolsas de Extens\u00e3o"},"content":{"rendered":"<p>Com tr\u00eas cursos de bacharelado e atividades interdisciplinares que permeiam as a\u00e7\u00f5es destes cursos de gradua\u00e7\u00e3o, o campus V da Universidade Estadual Para\u00edba tem obtido destaque pelas pr\u00e1ticas extensionistas que permeiam v\u00e1rios campos do conhecimento. Na mais recente sele\u00e7\u00e3o de programas e projetos a serem contemplados com o Programa de Bolsa de Extens\u00e3o (PROBEX) \u2013 Cota 2013\/2014, foram 17 propostas aprovadas pela Pro-reitoria de Extens\u00e3o.<\/p>\n<p>Dentre as iniciativas a serem desenvolvidas no Campus V est\u00e3o projetos das \u00e1reas de Comunica\u00e7\u00e3o, Cultura, Educa\u00e7\u00e3o e Trabalho. Um dos destaques \u00e9 o \u201cPrograma Informa\u00e7\u00e3o e Cogni\u00e7\u00e3o: socializando conte\u00fados informacionais articulados ao saber, \u00e0 cultura e \u00e0 mem\u00f3ria\u201d, do curso de Arquivologia, que\u00a0re\u00fane nove projetos vinculados.<\/p>\n<p>Os alunos contemplados com bolsas devem enviar a documenta\u00e7\u00e3o necess\u00e1ria \u00e0 Pr\u00f3-Reitoria para providenciar os cadastros pertinentes, at\u00e9 o dia 1\u00ba de novembro. Todos os selecionados devem apresentar, no ato da matr\u00edcula, as c\u00f3pias dos seguintes documentos:<\/p>\n<p>&#8211; Documento datado e assinado pelo coordenador (a) do projeto e\/ou programa, indicando o nome do aluno (a) contemplado com a bolsa; &#8211; Ficha cadastro de aluno bolsista (dispon\u00edvel na p\u00e1gina <a href=\"http:\/\/www.uepb.edu.br\/proex\">www.uepb.edu.br\/proex<\/a>). &#8211; Termo de compromisso de aluno bolsista (dispon\u00edvel na p\u00e1gina <a href=\"http:\/\/www.uepb.edu.br\/proex\">www.uepb.edu.br\/proex<\/a>).<\/p>\n<p>Xerox: &#8211; CPF &#8211; RG &#8211; Comprovante de abertura de conta banc\u00e1ria &#8211; Comprovante de resid\u00eancia &#8211; Hist\u00f3rico Escolar (Com comprovante de rendimento superior a 7,0)<\/p>\n<p>Acesse\u00a0[wpfilebase tag=fileurl id=48 linktext=aqui \/] \u00e0 lista de projetos contemplados.<\/p>\n","protected":false},"excerpt":{"rendered":"<p>Com tr\u00eas cursos de bacharelado e atividades interdisciplinares que permeiam as a\u00e7\u00f5es destes cursos de gradua\u00e7\u00e3o, o campus V da Universidade Estadual Para\u00edba tem obtido destaque pelas pr\u00e1ticas extensionistas que permeiam v\u00e1rios campos do conhecimento. Na mais recente sele\u00e7\u00e3o de programas e projetos a serem contemplados com o Programa de Bolsa de Extens\u00e3o (PROBEX) \u2013 <a class=\"leiamais\" href=\"https:\/\/centros.uepb.edu.br\/ccbsa\/campus-v-tem-projetos-aprovados-em-varias-areas-do-saber-no-programa-de-bolsas-de-extensao\/\">Leia Mais&#8230;<\/a><\/p>\n","protected":false},"author":8,"featured_media":0,"comment_status":"open","ping_status":"open","sticky":false,"template":"","format":"standard","meta":{"footnotes":""},"categories":[3,5],"tags":[],"class_list":["post-1061","post","type-post","status-publish","format-standard","hentry","category-noticias","category-visiveis"],"jetpack_featured_media_url":"","_links":{"self":[{"href":"https:\/\/centros.uepb.edu.br\/ccbsa\/wp-json\/wp\/v2\/posts\/1061","targetHints":{"allow":["GET"]}}],"collection":[{"href":"https:\/\/centros.uepb.edu.br\/ccbsa\/wp-json\/wp\/v2\/posts"}],"about":[{"href":"https:\/\/centros.uepb.edu.br\/ccbsa\/wp-json\/wp\/v2\/types\/post"}],"author":[{"embeddable":true,"href":"https:\/\/centros.uepb.edu.br\/ccbsa\/wp-json\/wp\/v2\/users\/8"}],"replies":[{"embeddable":true,"href":"https:\/\/centros.uepb.edu.br\/ccbsa\/wp-json\/wp\/v2\/comments?post=1061"}],"version-history":[{"count":0,"href":"https:\/\/centros.uepb.edu.br\/ccbsa\/wp-json\/wp\/v2\/posts\/1061\/revisions"}],"wp:attachment":[{"href":"https:\/\/centros.uepb.edu.br\/ccbsa\/wp-json\/wp\/v2\/media?parent=1061"}],"wp:term":[{"taxonomy":"category","embeddable":true,"href":"https:\/\/centros.uepb.edu.br\/ccbsa\/wp-json\/wp\/v2\/categories?post=1061"},{"taxonomy":"post_tag","embeddable":true,"href":"https:\/\/centros.uepb.edu.br\/ccbsa\/wp-json\/wp\/v2\/tags?post=1061"}],"curies":[{"name":"wp","href":"https:\/\/api.w.org\/{rel}","templated":true}]}}