{"id":1058,"date":"2013-10-24T11:32:30","date_gmt":"2013-10-24T11:32:30","guid":{"rendered":"\/ccbsa\/?p=1058"},"modified":"2013-10-24T14:55:22","modified_gmt":"2013-10-24T14:55:22","slug":"projeto-do-ccbsa-que-atende-catadores-de-materiais-reciclaveis-recebe-visita-de-representantes-do-ministerio-do-trabalho","status":"publish","type":"post","link":"https:\/\/centros.uepb.edu.br\/ccbsa\/projeto-do-ccbsa-que-atende-catadores-de-materiais-reciclaveis-recebe-visita-de-representantes-do-ministerio-do-trabalho\/","title":{"rendered":"Projeto que atende catadores de recicl\u00e1veis recebe visita de representantes do Minist\u00e9rio do Trabalho"},"content":{"rendered":"<p><a href=\"http:\/\/centros.ascom.uepb.edu.br\/ccbsa\/files\/2013\/10\/DSC04323.jpg\"><img loading=\"lazy\" decoding=\"async\" class=\"alignleft size-thumbnail wp-image-1059 img-responsive\" alt=\"DSC04323\" src=\"http:\/\/centros.ascom.uepb.edu.br\/ccbsa\/files\/2013\/10\/DSC04323-150x150.jpg\" width=\"150\" height=\"150\" \/><\/a>Organizar em associa\u00e7\u00f5es e cooperativas os catadores de materiais recicl\u00e1veis, que trabalham nos lix\u00f5es e ruas da cidade de Jo\u00e3o Pessoa, capacitando-os e oferecendo-lhes melhores condi\u00e7\u00f5es de trabalho. Este \u00e9 o objetivo do projeto \u201cMobiliza\u00e7\u00e3o, inclus\u00e3o e forma\u00e7\u00e3o de catadores\/as de materiais recicl\u00e1veis da cidade de Jo\u00e3o Pessoa: uma experi\u00eancia necess\u00e1ria\u201d, que iniciou suas atividades e recebeu, na tarde do dia 17 de outubro, uma visita de representantes do Minist\u00e9rio do Trabalho e Emprego (MTE), para acompanhamento das a\u00e7\u00f5es do projeto.<\/p>\n<p>O projeto de autoria da docente do Campus V, professora F\u00e1tima Ara\u00fajo, \u00e9 fruto de um conv\u00eanio com o MTE, atrav\u00e9s da Secretaria Nacional de Economia Solid\u00e1ria, e ser\u00e1 desenvolvido durante o per\u00edodo de 36 meses, at\u00e9 2015, beneficiando uma m\u00e9dia de 600 catadores da capital do Estado.<\/p>\n<p>Dentre as etapas do projeto est\u00e3o a capacita\u00e7\u00e3o de equipe t\u00e9cnica; identifica\u00e7\u00e3o, sensibiliza\u00e7\u00e3o, mobiliza\u00e7\u00e3o e cadastramento dos catadores de rua, lix\u00f5es e aterro sanit\u00e1rio de Jo\u00e3o Pessoa; inclus\u00e3o dos catadores no cadastro \u00fanico do Governo Federal, e no Programa Brasil Alfabetizado, no caso dos n\u00e3o alfabetizados; organiza\u00e7\u00e3o de pontos de armazenamento e entrega volunt\u00e1ria de res\u00edduos; campanha de valoriza\u00e7\u00e3o da categoria; cria\u00e7\u00e3o de um espa\u00e7o de empreendimento econ\u00f4mico solid\u00e1rio, com galp\u00e3o, balan\u00e7as, esteiro, prensa, carrinhos de substitui\u00e7\u00e3o da tra\u00e7\u00e3o humana, entre outras a\u00e7\u00f5es.<\/p>\n<p>Est\u00e3o previstos ainda cursos com dois m\u00f3dulos de oito horas de dura\u00e7\u00e3o cada um, abordando temas relativos \u00e0 economia solid\u00e1ria, erradica\u00e7\u00e3o do trabalho infantil, alternativas de enfrentamento \u00e0 pobreza; curso de forma\u00e7\u00e3o pol\u00edtica, com quatro horas de dura\u00e7\u00e3o e oficinas tem\u00e1ticas, a serem definidas pelo Movimento Nacional dos Catadores de Materiais Recicl\u00e1veis.<\/p>\n<p>A iniciativa pretende proporcionar melhores condi\u00e7\u00f5es de vida e trabalho para os catadores de material recicl\u00e1vel de Jo\u00e3o Pessoa, fortalecimento sua participa\u00e7\u00e3o pol\u00edtica, incremento de renda, adequa\u00e7\u00e3o \u00e0s normas de sa\u00fade e seguran\u00e7a no trabalho, inser\u00e7\u00e3o dos catadores em pol\u00edticas sociais, produ\u00e7\u00e3o cient\u00edfica sobre o tema em quest\u00e3o, entre outros benef\u00edcios.<\/p>\n<p>De acordo com a coordenadora da iniciativa, professora F\u00e1tima Ara\u00fajo, esse projeto ser\u00e1 uma alternativa de combate aos problemas que s\u00e3o vivenciados no cotidiano dos catadores de res\u00edduos de Jo\u00e3o Pessoa. \u201cA Para\u00edba \u00e9 o \u00faltimo estado no ranking de coleta seletiva em todo o Brasil. Al\u00e9m da falta de consci\u00eancia ambiental e c\u00edvica da popula\u00e7\u00e3o, os catadores de materiais recicl\u00e1veis s\u00e3o obrigados a trabalhar numa situa\u00e7\u00e3o prec\u00e1ria, tendo que vender o material coletado a pre\u00e7os abaixo do real valor de mercado, comprometendo a sua sa\u00fade f\u00edsica e a renda familiar, na grande maioria das vezes, n\u00e3o chegando a satisfazer as suas necessidades mais b\u00e1sicas e elementares\u201d, relata a professora F\u00e1tima.<\/p>\n<p>Neste sentido, a docente enfatiza ainda a necessidade de organiza\u00e7\u00e3o da categoria para que essa realidade possa mudar, e lembra que o projeto a ser desenvolvido pela UEPB atua com essa perspectiva. \u201c\u00c9 preciso um trabalho que oriente essa categoria sobre uma nova possibilidade de trabalho atrav\u00e9s das associa\u00e7\u00f5es e cooperativas, fortalecendo o resultado do seu trabalho e a possibilidade de barganhar um pre\u00e7o melhor \u00e0 medida que unem for\u00e7as e aumentam o volume de material. Investir na forma\u00e7\u00e3o e capacita\u00e7\u00e3o para que eles possam adquirir conhecimento capaz de melhorar a sua atua\u00e7\u00e3o no mercado de recicl\u00e1veis se faz essencial\u201d avalia.<\/p>\n<p>&nbsp;<\/p>\n","protected":false},"excerpt":{"rendered":"<p>Organizar em associa\u00e7\u00f5es e cooperativas os catadores de materiais recicl\u00e1veis, que trabalham nos lix\u00f5es e ruas da cidade de Jo\u00e3o Pessoa, capacitando-os e oferecendo-lhes melhores condi\u00e7\u00f5es de trabalho. Este \u00e9 o objetivo do projeto \u201cMobiliza\u00e7\u00e3o, inclus\u00e3o e forma\u00e7\u00e3o de catadores\/as de materiais recicl\u00e1veis da cidade de Jo\u00e3o Pessoa: uma experi\u00eancia necess\u00e1ria\u201d, que iniciou suas atividades <a class=\"leiamais\" href=\"https:\/\/centros.uepb.edu.br\/ccbsa\/projeto-do-ccbsa-que-atende-catadores-de-materiais-reciclaveis-recebe-visita-de-representantes-do-ministerio-do-trabalho\/\">Leia Mais&#8230;<\/a><\/p>\n","protected":false},"author":8,"featured_media":0,"comment_status":"open","ping_status":"open","sticky":false,"template":"","format":"standard","meta":{"footnotes":""},"categories":[3,5],"tags":[],"class_list":["post-1058","post","type-post","status-publish","format-standard","hentry","category-noticias","category-visiveis"],"jetpack_featured_media_url":"","_links":{"self":[{"href":"https:\/\/centros.uepb.edu.br\/ccbsa\/wp-json\/wp\/v2\/posts\/1058","targetHints":{"allow":["GET"]}}],"collection":[{"href":"https:\/\/centros.uepb.edu.br\/ccbsa\/wp-json\/wp\/v2\/posts"}],"about":[{"href":"https:\/\/centros.uepb.edu.br\/ccbsa\/wp-json\/wp\/v2\/types\/post"}],"author":[{"embeddable":true,"href":"https:\/\/centros.uepb.edu.br\/ccbsa\/wp-json\/wp\/v2\/users\/8"}],"replies":[{"embeddable":true,"href":"https:\/\/centros.uepb.edu.br\/ccbsa\/wp-json\/wp\/v2\/comments?post=1058"}],"version-history":[{"count":0,"href":"https:\/\/centros.uepb.edu.br\/ccbsa\/wp-json\/wp\/v2\/posts\/1058\/revisions"}],"wp:attachment":[{"href":"https:\/\/centros.uepb.edu.br\/ccbsa\/wp-json\/wp\/v2\/media?parent=1058"}],"wp:term":[{"taxonomy":"category","embeddable":true,"href":"https:\/\/centros.uepb.edu.br\/ccbsa\/wp-json\/wp\/v2\/categories?post=1058"},{"taxonomy":"post_tag","embeddable":true,"href":"https:\/\/centros.uepb.edu.br\/ccbsa\/wp-json\/wp\/v2\/tags?post=1058"}],"curies":[{"name":"wp","href":"https:\/\/api.w.org\/{rel}","templated":true}]}}