{"id":10578,"date":"2023-12-14T14:23:08","date_gmt":"2023-12-14T14:23:08","guid":{"rendered":"https:\/\/centros.uepb.edu.br\/ccbsa\/?p=10578"},"modified":"2023-12-14T14:23:08","modified_gmt":"2023-12-14T14:23:08","slug":"pro-reitora-de-graduacao-abre-novo-processo-seletivo-de-monitoria-para-periodo-letivo-2024-1","status":"publish","type":"post","link":"https:\/\/centros.uepb.edu.br\/ccbsa\/pro-reitora-de-graduacao-abre-novo-processo-seletivo-de-monitoria-para-periodo-letivo-2024-1\/","title":{"rendered":"Pr\u00f3-Reitora de Gradua\u00e7\u00e3o abre novo processo seletivo de monitoria para per\u00edodo letivo 2024.1"},"content":{"rendered":"<p><a href=\"https:\/\/centros.uepb.edu.br\/ccbsa\/files\/2023\/03\/MONITORIA.png\"><img loading=\"lazy\" decoding=\"async\" class=\"aligncenter size-full wp-image-9592 img-responsive\" src=\"https:\/\/centros.uepb.edu.br\/ccbsa\/files\/2023\/03\/MONITORIA.png\" alt=\"\" width=\"1200\" height=\"680\" srcset=\"https:\/\/centros.uepb.edu.br\/ccbsa\/files\/2023\/03\/MONITORIA.png 1200w, https:\/\/centros.uepb.edu.br\/ccbsa\/files\/2023\/03\/MONITORIA-300x170.png 300w, https:\/\/centros.uepb.edu.br\/ccbsa\/files\/2023\/03\/MONITORIA-1120x635.png 1120w\" sizes=\"auto, (max-width: 1200px) 100vw, 1200px\" \/><\/a><\/p>\n<p>A Pr\u00f3-Reitora de Gradua\u00e7\u00e3o (PROGAD) da Universidade Estadual da Para\u00edba (UEPB) abriu nova sele\u00e7\u00e3o de monitores para o per\u00edodo letivo de 2024\/1. O edital com detalhes da sele\u00e7\u00e3o foi publicado e os(as) candidatos(as) aprovados(as) concorrer\u00e3o \u00e0 bolsa prorrog\u00e1vel uma \u00fanica vez por mais um semestre, desde que o componente objeto da sele\u00e7\u00e3o continue a ser ofertado durante o per\u00edodo da prorroga\u00e7\u00e3o.<\/p>\n<p>As inscri\u00e7\u00f5es devem ser feitas por meio de preenchimento do formul\u00e1rio de Inscri\u00e7\u00e3o dispon\u00edvel neste\u00a0<a href=\"https:\/\/forms.gle\/fYVfb4TiuPcYGHAF9\" target=\"_blank\" rel=\"noopener\"><strong>endere\u00e7o eletr\u00f4nico<\/strong><\/a>,\u00a0<strong>entre os dias 4 e 8 de mar\u00e7o<\/strong>. Somente poder\u00e1 submeter-se ao processo de sele\u00e7\u00e3o de monitoria o(a) estudante que atender aos requisitos contidos no edital, como, ter cursado, na UEPB, o componente curricular para o qual efetuou inscri\u00e7\u00e3o e obtido m\u00e9dia igual ou superior a 7,0, possuir Coeficiente de Rendimento Acad\u00eamico (CRA) igual ou superior a 7,0, e n\u00e3o ter mais de tr\u00eas reprova\u00e7\u00f5es em componentes curriculares anotadas em seu Hist\u00f3rico Acad\u00eamico.<\/p>\n<p>A prova de sele\u00e7\u00e3o dever\u00e1 ocorrer entre 18 e 22 de mar\u00e7o e versar\u00e1 sobre os conte\u00fados desenvolvidos nos componentes curriculares objetos da sele\u00e7\u00e3o. O cadastro dos monitores selecionados ser\u00e1 feito entre 1\u00ba e 5 de abril e o in\u00edcio das atividades de monitoria ser\u00e1 no dia 8 do mesmo m\u00eas. A publica\u00e7\u00e3o do resultado geral pela PROGRAD ocorrer\u00e1 no dia 12 de abril.<\/p>\n<p>A Monitoria, enquanto experi\u00eancia pedag\u00f3gica oferecida tem por objetivos despertar o interesse pela doc\u00eancia, promover a coopera\u00e7\u00e3o entre os corpos docente e discente, em benef\u00edcio da qualidade do ensino de gradua\u00e7\u00e3o. S\u00e3o atribui\u00e7\u00f5es do(a) monitor(a) auxiliar o(a) docente em trabalhos pr\u00e1ticos e experimentais realizados presencialmente ou por meio das plataformas digitais e virtuais, ajudar e orientar os estudantes em seus estudos e trabalhos te\u00f3ricos e pr\u00e1ticos, constituir um elo entre os docentes e discentes, visando o fomento do aprendizado destes, por meio de cont\u00ednua e planejada intera\u00e7\u00e3o presencial on-line, al\u00e9m de cumprir a carga hor\u00e1ria de 12 horas semanais de atividades, com hor\u00e1rio previamente divulgados junto ao p\u00fablico discente a ser atendido.<\/p>\n<p>Confira o edital da sele\u00e7\u00e3o\u00a0<a href=\"https:\/\/uepb.edu.br\/download\/prograd-programa-monitoria-2024-1-edital\/?wpdmdl=89347&amp;masterkey=4-d93J1qrU34kQEufMROi2aN-UI3pQP9IGIiBLNFxzt_0AfeYYvmoefiYtROm1RTdC-w0GhKUj233LcpEN5mVJms8O47qmJbwS1UnFY5FbM\" target=\"_blank\" rel=\"noopener\"><strong>AQUI<\/strong><\/a>.<\/p>\n<p>Texto: Severino Lopes<\/p>\n","protected":false},"excerpt":{"rendered":"<p>A Pr\u00f3-Reitora de Gradua\u00e7\u00e3o (PROGAD) da Universidade Estadual da Para\u00edba (UEPB) abriu nova sele\u00e7\u00e3o de monitores para o per\u00edodo letivo de 2024\/1. O edital com detalhes da sele\u00e7\u00e3o foi publicado e os(as) candidatos(as) aprovados(as) concorrer\u00e3o \u00e0 bolsa prorrog\u00e1vel uma \u00fanica vez por mais um semestre, desde que o componente objeto da sele\u00e7\u00e3o continue a ser <a class=\"leiamais\" href=\"https:\/\/centros.uepb.edu.br\/ccbsa\/pro-reitora-de-graduacao-abre-novo-processo-seletivo-de-monitoria-para-periodo-letivo-2024-1\/\">Leia Mais&#8230;<\/a><\/p>\n","protected":false},"author":8,"featured_media":9592,"comment_status":"closed","ping_status":"closed","sticky":false,"template":"","format":"standard","meta":{"footnotes":""},"categories":[3,11],"tags":[],"class_list":["post-10578","post","type-post","status-publish","format-standard","has-post-thumbnail","hentry","category-noticias","category-noticias-destaque-img"],"jetpack_featured_media_url":"https:\/\/centros.uepb.edu.br\/ccbsa\/files\/2023\/03\/MONITORIA.png","_links":{"self":[{"href":"https:\/\/centros.uepb.edu.br\/ccbsa\/wp-json\/wp\/v2\/posts\/10578","targetHints":{"allow":["GET"]}}],"collection":[{"href":"https:\/\/centros.uepb.edu.br\/ccbsa\/wp-json\/wp\/v2\/posts"}],"about":[{"href":"https:\/\/centros.uepb.edu.br\/ccbsa\/wp-json\/wp\/v2\/types\/post"}],"author":[{"embeddable":true,"href":"https:\/\/centros.uepb.edu.br\/ccbsa\/wp-json\/wp\/v2\/users\/8"}],"replies":[{"embeddable":true,"href":"https:\/\/centros.uepb.edu.br\/ccbsa\/wp-json\/wp\/v2\/comments?post=10578"}],"version-history":[{"count":0,"href":"https:\/\/centros.uepb.edu.br\/ccbsa\/wp-json\/wp\/v2\/posts\/10578\/revisions"}],"wp:featuredmedia":[{"embeddable":true,"href":"https:\/\/centros.uepb.edu.br\/ccbsa\/wp-json\/wp\/v2\/media\/9592"}],"wp:attachment":[{"href":"https:\/\/centros.uepb.edu.br\/ccbsa\/wp-json\/wp\/v2\/media?parent=10578"}],"wp:term":[{"taxonomy":"category","embeddable":true,"href":"https:\/\/centros.uepb.edu.br\/ccbsa\/wp-json\/wp\/v2\/categories?post=10578"},{"taxonomy":"post_tag","embeddable":true,"href":"https:\/\/centros.uepb.edu.br\/ccbsa\/wp-json\/wp\/v2\/tags?post=10578"}],"curies":[{"name":"wp","href":"https:\/\/api.w.org\/{rel}","templated":true}]}}