{"id":10545,"date":"2023-11-29T18:46:35","date_gmt":"2023-11-29T18:46:35","guid":{"rendered":"https:\/\/centros.uepb.edu.br\/ccbsa\/?p=10545"},"modified":"2023-12-14T14:30:05","modified_gmt":"2023-12-14T14:30:05","slug":"direcao-do-ccbsa-orienta-concluintes-quanto-aos-procedimentos-relacionados-a-colacao-de-grau-do-periodo-2023-2","status":"publish","type":"post","link":"https:\/\/centros.uepb.edu.br\/ccbsa\/direcao-do-ccbsa-orienta-concluintes-quanto-aos-procedimentos-relacionados-a-colacao-de-grau-do-periodo-2023-2\/","title":{"rendered":"Dire\u00e7\u00e3o do CCBSA orienta concluintes quanto aos procedimentos relacionados \u00e0 cola\u00e7\u00e3o de grau do per\u00edodo 2023.2"},"content":{"rendered":"<p><a href=\"https:\/\/centros.uepb.edu.br\/ccbsa\/files\/2023\/11\/Arte-Colacao-de-Grau-1.png\"><img loading=\"lazy\" decoding=\"async\" class=\"aligncenter size-full wp-image-10499 img-responsive\" src=\"https:\/\/centros.uepb.edu.br\/ccbsa\/files\/2023\/11\/Arte-Colacao-de-Grau-1.png\" alt=\"\" width=\"1200\" height=\"680\" srcset=\"https:\/\/centros.uepb.edu.br\/ccbsa\/files\/2023\/11\/Arte-Colacao-de-Grau-1.png 1200w, https:\/\/centros.uepb.edu.br\/ccbsa\/files\/2023\/11\/Arte-Colacao-de-Grau-1-300x170.png 300w, https:\/\/centros.uepb.edu.br\/ccbsa\/files\/2023\/11\/Arte-Colacao-de-Grau-1-1120x635.png 1120w\" sizes=\"auto, (max-width: 1200px) 100vw, 1200px\" \/><\/a><\/p>\n<p>A dire\u00e7\u00e3o do Centro de Ci\u00eancias Biol\u00f3gicas e Sociais Aplicadas (CCBSA) da Universidade Estadual da Para\u00edba (UEPB) informa aos concluintes do per\u00edodo letivo 2023.2 dos bacharelados em Arquivologia, Ci\u00eancias Biol\u00f3gicas e Rela\u00e7\u00f5es Internacionais, sobre as regras para a cerim\u00f4nia de cola\u00e7\u00e3o de grau.<\/p>\n<p>Na reuni\u00e3o realizada destinada a informes realizada no dia 21 de novembro, foram escolhidas as formandas J\u00e9ssica Ribeiro (Arquivologia), Laura Reis (Ci\u00eancias Biol\u00f3gicas) e a concluinte Vivian Campos (Rela\u00e7\u00f5es Internacionais), para colar grau representando os demais concluintes. A formanda Thaise Victor Alves do curso de Arquivologia, ser\u00e1 a juramentista. E a paraninfa das turmas concluintes ser\u00e1 a professora do curso de Rela\u00e7\u00f5es Internacionais Thalita Franciely Silva.<\/p>\n<p>Durante a reuni\u00e3o com os concluintes, foram divulgadas as regras para a escolha do orador oficial das turmas na Cola\u00e7\u00e3o de Grau 2023.2 dos cursos do C\u00e2mpus V da Institui\u00e7\u00e3o. Os interessados devem se inscrever at\u00e9 o dia 15 de dezembro. O resultado da sele\u00e7\u00e3o ser\u00e1 divulgado at\u00e9 o dia 18 de dezembro. Todas as informa\u00e7\u00f5es constam na portaria dispon\u00edvel <a href=\"https:\/\/centros.uepb.edu.br\/ccbsa\/download\/portaria-prograd-regras-orador\/\">aqui<\/a>.<\/p>\n<p>Para participar da sele\u00e7\u00e3o a candidata ou candidato dever\u00e1 anexar declara\u00e7\u00e3o de prov\u00e1vel concluinte no per\u00edodo letivo 2023. 2 e c\u00f3pia do discurso e enviar por email para a dire\u00e7\u00e3o de Centro (<strong>secretaria.ccbsa@setor.uepb.edu.br<\/strong>). O discurso deve contemplar os cursos de<\/p>\n<p>O cerimonial lembra que a retirada de becas, que s\u00e3o a vestimenta obrigat\u00f3ria da celebra\u00e7\u00e3o, ocorrer\u00e1 na secretaria de centro, at\u00e9 o dia 15 de dezembro, das 8 \u00e0s 13h. Para realizar a retirada \u00e9 necess\u00e1rio que o aluno tenha cumprido os pr\u00e9-requisitos de conclus\u00e3o do curso (integraliza\u00e7\u00e3o dos cr\u00e9ditos e defesa do TCC) e realize a assinatura de um termo de compromisso em que o formando e responsabiliza pela devolu\u00e7\u00e3o da vestimenta.<\/p>\n<p>A solenidade de Cola\u00e7\u00e3o de Grau do semestre 2023.2 do C\u00e2mpus V ser\u00e1 realizada no dia 19 de dezembro, \u00e0s 10h no audit\u00f3rio do Centro de Forma\u00e7\u00e3o de Educadores, localizado \u00e0 Rua Cel. Benevenuto Gon\u00e7alves da Costa, em Mangabeira.<\/p>\n","protected":false},"excerpt":{"rendered":"<p>A dire\u00e7\u00e3o do Centro de Ci\u00eancias Biol\u00f3gicas e Sociais Aplicadas (CCBSA) da Universidade Estadual da Para\u00edba (UEPB) informa aos concluintes do per\u00edodo letivo 2023.2 dos bacharelados em Arquivologia, Ci\u00eancias Biol\u00f3gicas e Rela\u00e7\u00f5es Internacionais, sobre as regras para a cerim\u00f4nia de cola\u00e7\u00e3o de grau. Na reuni\u00e3o realizada destinada a informes realizada no dia 21 de novembro, <a class=\"leiamais\" href=\"https:\/\/centros.uepb.edu.br\/ccbsa\/direcao-do-ccbsa-orienta-concluintes-quanto-aos-procedimentos-relacionados-a-colacao-de-grau-do-periodo-2023-2\/\">Leia Mais&#8230;<\/a><\/p>\n","protected":false},"author":8,"featured_media":10499,"comment_status":"closed","ping_status":"closed","sticky":false,"template":"","format":"standard","meta":{"footnotes":""},"categories":[3,11],"tags":[],"class_list":["post-10545","post","type-post","status-publish","format-standard","has-post-thumbnail","hentry","category-noticias","category-noticias-destaque-img"],"jetpack_featured_media_url":"https:\/\/centros.uepb.edu.br\/ccbsa\/files\/2023\/11\/Arte-Colacao-de-Grau-1.png","_links":{"self":[{"href":"https:\/\/centros.uepb.edu.br\/ccbsa\/wp-json\/wp\/v2\/posts\/10545","targetHints":{"allow":["GET"]}}],"collection":[{"href":"https:\/\/centros.uepb.edu.br\/ccbsa\/wp-json\/wp\/v2\/posts"}],"about":[{"href":"https:\/\/centros.uepb.edu.br\/ccbsa\/wp-json\/wp\/v2\/types\/post"}],"author":[{"embeddable":true,"href":"https:\/\/centros.uepb.edu.br\/ccbsa\/wp-json\/wp\/v2\/users\/8"}],"replies":[{"embeddable":true,"href":"https:\/\/centros.uepb.edu.br\/ccbsa\/wp-json\/wp\/v2\/comments?post=10545"}],"version-history":[{"count":0,"href":"https:\/\/centros.uepb.edu.br\/ccbsa\/wp-json\/wp\/v2\/posts\/10545\/revisions"}],"wp:featuredmedia":[{"embeddable":true,"href":"https:\/\/centros.uepb.edu.br\/ccbsa\/wp-json\/wp\/v2\/media\/10499"}],"wp:attachment":[{"href":"https:\/\/centros.uepb.edu.br\/ccbsa\/wp-json\/wp\/v2\/media?parent=10545"}],"wp:term":[{"taxonomy":"category","embeddable":true,"href":"https:\/\/centros.uepb.edu.br\/ccbsa\/wp-json\/wp\/v2\/categories?post=10545"},{"taxonomy":"post_tag","embeddable":true,"href":"https:\/\/centros.uepb.edu.br\/ccbsa\/wp-json\/wp\/v2\/tags?post=10545"}],"curies":[{"name":"wp","href":"https:\/\/api.w.org\/{rel}","templated":true}]}}