{"id":10514,"date":"2023-11-24T12:35:16","date_gmt":"2023-11-24T12:35:16","guid":{"rendered":"https:\/\/centros.uepb.edu.br\/ccbsa\/?p=10514"},"modified":"2023-11-24T12:35:16","modified_gmt":"2023-11-24T12:35:16","slug":"forum-universitario-do-mercosul-e-realizado-em-joao-pessoa-com-pesquisadores-do-brasil-e-exterior","status":"publish","type":"post","link":"https:\/\/centros.uepb.edu.br\/ccbsa\/forum-universitario-do-mercosul-e-realizado-em-joao-pessoa-com-pesquisadores-do-brasil-e-exterior\/","title":{"rendered":"F\u00f3rum Universit\u00e1rio do Mercosul \u00e9 realizado em Jo\u00e3o Pessoa com pesquisadores do Brasil e exterior"},"content":{"rendered":"\n\t\t<style type=\"text\/css\">\n\t\t\t#gallery-1 {\n\t\t\t\tmargin: auto;\n\t\t\t}\n\t\t\t#gallery-1 .gallery-item {\n\t\t\t\tfloat: left;\n\t\t\t\tmargin-top: 10px;\n\t\t\t\ttext-align: center;\n\t\t\t\twidth: 33%;\n\t\t\t}\n\t\t\t#gallery-1 img {\n\t\t\t\tborder: 2px solid #cfcfcf;\n\t\t\t}\n\t\t\t#gallery-1 .gallery-caption {\n\t\t\t\tmargin-left: 0;\n\t\t\t}\n\t\t\t\/* see gallery_shortcode() in wp-includes\/media.php *\/\n\t\t<\/style>\n\t\t<div id='gallery-1' class='gallery galleryid-10514 gallery-columns-3 gallery-size-full'><dl class='gallery-item'>\n\t\t\t<dt class='gallery-icon landscape'>\n\t\t\t\t<a href='https:\/\/centros.uepb.edu.br\/ccbsa\/files\/2023\/11\/IMG_9211-scaled.jpg'><img loading=\"lazy\" decoding=\"async\" width=\"2560\" height=\"1465\" src=\"https:\/\/centros.uepb.edu.br\/ccbsa\/files\/2023\/11\/IMG_9211-scaled.jpg\" class=\"attachment-full size-full\" alt=\"\" srcset=\"https:\/\/centros.uepb.edu.br\/ccbsa\/files\/2023\/11\/IMG_9211-scaled.jpg 2560w, https:\/\/centros.uepb.edu.br\/ccbsa\/files\/2023\/11\/IMG_9211-300x172.jpg 300w, https:\/\/centros.uepb.edu.br\/ccbsa\/files\/2023\/11\/IMG_9211-1536x879.jpg 1536w, https:\/\/centros.uepb.edu.br\/ccbsa\/files\/2023\/11\/IMG_9211-2048x1172.jpg 2048w, https:\/\/centros.uepb.edu.br\/ccbsa\/files\/2023\/11\/IMG_9211-1120x641.jpg 1120w\" sizes=\"auto, (max-width: 2560px) 100vw, 2560px\" \/><\/a>\n\t\t\t<\/dt><\/dl><dl class='gallery-item'>\n\t\t\t<dt class='gallery-icon landscape'>\n\t\t\t\t<a href='https:\/\/centros.uepb.edu.br\/ccbsa\/files\/2023\/11\/IMG_9175-scaled.jpg'><img loading=\"lazy\" decoding=\"async\" width=\"2560\" height=\"1743\" src=\"https:\/\/centros.uepb.edu.br\/ccbsa\/files\/2023\/11\/IMG_9175-scaled.jpg\" class=\"attachment-full size-full\" alt=\"\" srcset=\"https:\/\/centros.uepb.edu.br\/ccbsa\/files\/2023\/11\/IMG_9175-scaled.jpg 2560w, https:\/\/centros.uepb.edu.br\/ccbsa\/files\/2023\/11\/IMG_9175-300x204.jpg 300w, https:\/\/centros.uepb.edu.br\/ccbsa\/files\/2023\/11\/IMG_9175-1536x1046.jpg 1536w, https:\/\/centros.uepb.edu.br\/ccbsa\/files\/2023\/11\/IMG_9175-2048x1394.jpg 2048w, https:\/\/centros.uepb.edu.br\/ccbsa\/files\/2023\/11\/IMG_9175-1120x763.jpg 1120w\" sizes=\"auto, (max-width: 2560px) 100vw, 2560px\" \/><\/a>\n\t\t\t<\/dt><\/dl><dl class='gallery-item'>\n\t\t\t<dt class='gallery-icon landscape'>\n\t\t\t\t<a href='https:\/\/centros.uepb.edu.br\/ccbsa\/files\/2023\/11\/IMG_9189.jpg'><img loading=\"lazy\" decoding=\"async\" width=\"1948\" height=\"1302\" src=\"https:\/\/centros.uepb.edu.br\/ccbsa\/files\/2023\/11\/IMG_9189.jpg\" class=\"attachment-full size-full\" alt=\"\" srcset=\"https:\/\/centros.uepb.edu.br\/ccbsa\/files\/2023\/11\/IMG_9189.jpg 1948w, https:\/\/centros.uepb.edu.br\/ccbsa\/files\/2023\/11\/IMG_9189-300x201.jpg 300w, https:\/\/centros.uepb.edu.br\/ccbsa\/files\/2023\/11\/IMG_9189-1536x1027.jpg 1536w, https:\/\/centros.uepb.edu.br\/ccbsa\/files\/2023\/11\/IMG_9189-1120x749.jpg 1120w\" sizes=\"auto, (max-width: 1948px) 100vw, 1948px\" \/><\/a>\n\t\t\t<\/dt><\/dl><br style=\"clear: both\" \/><dl class='gallery-item'>\n\t\t\t<dt class='gallery-icon landscape'>\n\t\t\t\t<a href='https:\/\/centros.uepb.edu.br\/ccbsa\/files\/2023\/11\/IMG_9165.jpg'><img loading=\"lazy\" decoding=\"async\" width=\"2259\" height=\"1469\" src=\"https:\/\/centros.uepb.edu.br\/ccbsa\/files\/2023\/11\/IMG_9165.jpg\" class=\"attachment-full size-full\" alt=\"\" srcset=\"https:\/\/centros.uepb.edu.br\/ccbsa\/files\/2023\/11\/IMG_9165.jpg 2259w, https:\/\/centros.uepb.edu.br\/ccbsa\/files\/2023\/11\/IMG_9165-300x195.jpg 300w, https:\/\/centros.uepb.edu.br\/ccbsa\/files\/2023\/11\/IMG_9165-1536x999.jpg 1536w, https:\/\/centros.uepb.edu.br\/ccbsa\/files\/2023\/11\/IMG_9165-2048x1332.jpg 2048w, https:\/\/centros.uepb.edu.br\/ccbsa\/files\/2023\/11\/IMG_9165-1120x728.jpg 1120w\" sizes=\"auto, (max-width: 2259px) 100vw, 2259px\" \/><\/a>\n\t\t\t<\/dt><\/dl><dl class='gallery-item'>\n\t\t\t<dt class='gallery-icon landscape'>\n\t\t\t\t<a href='https:\/\/centros.uepb.edu.br\/ccbsa\/files\/2023\/11\/WhatsApp-Image-2023-11-22-at-21.13.45.jpeg'><img loading=\"lazy\" decoding=\"async\" width=\"1200\" height=\"845\" src=\"https:\/\/centros.uepb.edu.br\/ccbsa\/files\/2023\/11\/WhatsApp-Image-2023-11-22-at-21.13.45.jpeg\" class=\"attachment-full size-full\" alt=\"\" srcset=\"https:\/\/centros.uepb.edu.br\/ccbsa\/files\/2023\/11\/WhatsApp-Image-2023-11-22-at-21.13.45.jpeg 1200w, https:\/\/centros.uepb.edu.br\/ccbsa\/files\/2023\/11\/WhatsApp-Image-2023-11-22-at-21.13.45-300x211.jpeg 300w, https:\/\/centros.uepb.edu.br\/ccbsa\/files\/2023\/11\/WhatsApp-Image-2023-11-22-at-21.13.45-1120x789.jpeg 1120w\" sizes=\"auto, (max-width: 1200px) 100vw, 1200px\" \/><\/a>\n\t\t\t<\/dt><\/dl><dl class='gallery-item'>\n\t\t\t<dt class='gallery-icon landscape'>\n\t\t\t\t<a href='https:\/\/centros.uepb.edu.br\/ccbsa\/files\/2023\/11\/IMG_9169-scaled.jpg'><img loading=\"lazy\" decoding=\"async\" width=\"2560\" height=\"1636\" src=\"https:\/\/centros.uepb.edu.br\/ccbsa\/files\/2023\/11\/IMG_9169-scaled.jpg\" class=\"attachment-full size-full\" alt=\"\" srcset=\"https:\/\/centros.uepb.edu.br\/ccbsa\/files\/2023\/11\/IMG_9169-scaled.jpg 2560w, https:\/\/centros.uepb.edu.br\/ccbsa\/files\/2023\/11\/IMG_9169-300x192.jpg 300w, https:\/\/centros.uepb.edu.br\/ccbsa\/files\/2023\/11\/IMG_9169-1536x982.jpg 1536w, https:\/\/centros.uepb.edu.br\/ccbsa\/files\/2023\/11\/IMG_9169-2048x1309.jpg 2048w, https:\/\/centros.uepb.edu.br\/ccbsa\/files\/2023\/11\/IMG_9169-1120x716.jpg 1120w\" sizes=\"auto, (max-width: 2560px) 100vw, 2560px\" \/><\/a>\n\t\t\t<\/dt><\/dl><br style=\"clear: both\" \/><dl class='gallery-item'>\n\t\t\t<dt class='gallery-icon landscape'>\n\t\t\t\t<a href='https:\/\/centros.uepb.edu.br\/ccbsa\/files\/2023\/11\/IMG_9205-scaled.jpg'><img loading=\"lazy\" decoding=\"async\" width=\"2560\" height=\"1783\" src=\"https:\/\/centros.uepb.edu.br\/ccbsa\/files\/2023\/11\/IMG_9205-scaled.jpg\" class=\"attachment-full size-full\" alt=\"\" srcset=\"https:\/\/centros.uepb.edu.br\/ccbsa\/files\/2023\/11\/IMG_9205-scaled.jpg 2560w, https:\/\/centros.uepb.edu.br\/ccbsa\/files\/2023\/11\/IMG_9205-300x209.jpg 300w, https:\/\/centros.uepb.edu.br\/ccbsa\/files\/2023\/11\/IMG_9205-1536x1070.jpg 1536w, https:\/\/centros.uepb.edu.br\/ccbsa\/files\/2023\/11\/IMG_9205-2048x1426.jpg 2048w, https:\/\/centros.uepb.edu.br\/ccbsa\/files\/2023\/11\/IMG_9205-1120x780.jpg 1120w\" sizes=\"auto, (max-width: 2560px) 100vw, 2560px\" \/><\/a>\n\t\t\t<\/dt><\/dl><dl class='gallery-item'>\n\t\t\t<dt class='gallery-icon landscape'>\n\t\t\t\t<a href='https:\/\/centros.uepb.edu.br\/ccbsa\/files\/2023\/11\/IMG_9220-scaled.jpg'><img loading=\"lazy\" decoding=\"async\" width=\"2560\" height=\"1707\" src=\"https:\/\/centros.uepb.edu.br\/ccbsa\/files\/2023\/11\/IMG_9220-scaled.jpg\" class=\"attachment-full size-full\" alt=\"\" srcset=\"https:\/\/centros.uepb.edu.br\/ccbsa\/files\/2023\/11\/IMG_9220-scaled.jpg 2560w, https:\/\/centros.uepb.edu.br\/ccbsa\/files\/2023\/11\/IMG_9220-300x200.jpg 300w, https:\/\/centros.uepb.edu.br\/ccbsa\/files\/2023\/11\/IMG_9220-1536x1024.jpg 1536w, https:\/\/centros.uepb.edu.br\/ccbsa\/files\/2023\/11\/IMG_9220-2048x1365.jpg 2048w, https:\/\/centros.uepb.edu.br\/ccbsa\/files\/2023\/11\/IMG_9220-1120x747.jpg 1120w\" sizes=\"auto, (max-width: 2560px) 100vw, 2560px\" \/><\/a>\n\t\t\t<\/dt><\/dl><dl class='gallery-item'>\n\t\t\t<dt class='gallery-icon landscape'>\n\t\t\t\t<a href='https:\/\/centros.uepb.edu.br\/ccbsa\/files\/2023\/11\/IMG_9223-scaled.jpg'><img loading=\"lazy\" decoding=\"async\" width=\"2560\" height=\"1608\" src=\"https:\/\/centros.uepb.edu.br\/ccbsa\/files\/2023\/11\/IMG_9223-scaled.jpg\" class=\"attachment-full size-full\" alt=\"\" srcset=\"https:\/\/centros.uepb.edu.br\/ccbsa\/files\/2023\/11\/IMG_9223-scaled.jpg 2560w, https:\/\/centros.uepb.edu.br\/ccbsa\/files\/2023\/11\/IMG_9223-300x188.jpg 300w, https:\/\/centros.uepb.edu.br\/ccbsa\/files\/2023\/11\/IMG_9223-1536x965.jpg 1536w, https:\/\/centros.uepb.edu.br\/ccbsa\/files\/2023\/11\/IMG_9223-2048x1286.jpg 2048w, https:\/\/centros.uepb.edu.br\/ccbsa\/files\/2023\/11\/IMG_9223-1120x704.jpg 1120w\" sizes=\"auto, (max-width: 2560px) 100vw, 2560px\" \/><\/a>\n\t\t\t<\/dt><\/dl><br style=\"clear: both\" \/>\n\t\t<\/div>\n\n<p>Com a participa\u00e7\u00e3o de mais de 400 pesquisadores do Brasil e exterior \u00e9 realizado at\u00e9 essa sexta-feira (24), em Jo\u00e3o Pessoa, o 19\u00ba F\u00f3rum Universit\u00e1rio Mercosul (FoMerco), que nesta edi\u00e7\u00e3o \u00e9 promovido pelo curso de Rela\u00e7\u00f5es Internacionais da Universidade Estadual da Para\u00edba (UEPB). A programa\u00e7\u00e3o do evento reuniu minicursos, confer\u00eancias, mesas de di\u00e1logo, reuni\u00f5es e apresenta\u00e7\u00f5es de trabalhos norteados pelo tema \u201cIntegra\u00e7\u00e3o em tempos de desglobaliza\u00e7\u00e3o\u201d. Al\u00e9m das atividades acad\u00eamicas, o evento conta com atividades culturais, como a apresenta\u00e7\u00e3o de Totonho e os Cabras, com a participa\u00e7\u00e3o especial de Escurinho, realizada na noite desta quinta-feira (23).<\/p>\n<p>A abertura do evento, realizada na quarta-feira (22), contou com a participa\u00e7\u00e3o da vice-reitora da UEPB, professora Ivonildes Fonseca; do presidente do FoMerco, professor Filipe Reis; da vice-presidente do FoMerco, professora Ana Wortman; da c\u00f4nsul da Argentina, Julieta Grande; do diretor da Diretor da Friedrich Ebert Brasil, Christoph Heuser; da chefe do escrit\u00f3rio de assuntos internacionais da Prefeitura de Jo\u00e3o Pessoa, Marina Gaud\u00eancio, e do coordenador da gradua\u00e7\u00e3o em Rela\u00e7\u00f5es Internacionais, professor Carlos Enrique Ruiz.<\/p>\n<p>Na oportunidade, a professora Ivonildes Fonseca evidenciou a import\u00e2ncia desse evento para que sejam promovidas reflex\u00f5es e proposituras no \u00e2mbito das Rela\u00e7\u00f5es Internacionais, sobretudo com foco na tem\u00e1tica da desglobaliza\u00e7\u00e3o e fortalecimento da integra\u00e7\u00e3o regional entre pa\u00edses perif\u00e9ricos.<\/p>\n<p>O professor Filipe Reis lembra que a programa\u00e7\u00e3o do FoMerco foi idealizada com o objetivo de estimular vis\u00f5es a partir da perspectiva de pa\u00edses do sul global para oferecer alternativas de desenvolvimento pol\u00edtico e econ\u00f4mico. O docente celebra a participa\u00e7\u00e3o de estudantes de gradua\u00e7\u00e3o e p\u00f3s-gradua\u00e7\u00e3o, p\u00fablico majorit\u00e1rio do Evento, de \u00e1reas diversas das Ci\u00eancias Sociais e oriundos de v\u00e1rias regi\u00f5es do pa\u00eds, Argentina, Uruguai, envolvidos nas atividades que s\u00e3o contempladas nos 13 eixos de trabalho do FoMerco.<\/p>\n<p>A confer\u00eancia de abertura do evento intitulada \u201cIntegra\u00e7\u00e3o em tempos de desglobaliza\u00e7\u00e3o\u201d, foi ministrada pelo docente da Universidade Estadual Paulista, Tullo Vigevani e o pesquisador do Instituto de Pesquisa Econ\u00f4mica Aplicada Pedro Silva Barros. Com uma fala direcionada \u00e0 hist\u00f3ria do FoMerco, o professor Tullo buscou debater sobre o papel deste F\u00f3rum no debate sobre integra\u00e7\u00e3o regional e a respeito da participa\u00e7\u00e3o do Brasil na regi\u00e3o sul-americana, com foco no Mercado Comum do Sul (Mercosul).<\/p>\n<p>\u201cMe parece que estamos vivendo uma crise da integra\u00e7\u00e3o regional em muitos lugares do mundo e particularmente no Mercosul. Esse processo ocorre por muitas raz\u00f5es, mas, eu apontaria duas quest\u00f5es: a baixa institucionalidade do Mercosul, baixa capacidade legal, a viv\u00eancia do Mercosul depende mais das atitudes dos governos que est\u00e3o no exerc\u00edcio do poder em cada momento, e a heterogeneidade dos governos da regi\u00e3o\u201d, avalia professor Tullo.<\/p>\n<p>Essa perspectiva \u00e9 corroborada por Pedro Barros ao analisar que a integra\u00e7\u00e3o passa por um momento dif\u00edcil nos \u00faltimos anos marcado por desintegra\u00e7\u00e3o econ\u00f4mica, diminui\u00e7\u00e3o do com\u00e9rcio intrarregional, fragmenta\u00e7\u00e3o pol\u00edtica, tanto dentro dos pa\u00edses como entre pa\u00edses. O pesquisador evidencia que a integra\u00e7\u00e3o regional \u00e9 um objetivo contemplado na Constitui\u00e7\u00e3o de 1988 e o Mercosul \u00e9 uma institui\u00e7\u00e3o importante para esse objetivo de integra\u00e7\u00e3o social, econ\u00f4mica, pol\u00edtica e cultural da Am\u00e9rica Latina.<\/p>\n<p>\u201c\u00c9 fundamental para o Brasil pensar na reativa\u00e7\u00e3o produtiva entendendo o espa\u00e7o regional, porque se avaliarmos que do que a gente exporta para a China s\u00f3 3% s\u00e3o manufaturados e do que a gente exporta para nossos vizinhos, mais de 80% s\u00e3o manufaturados, que tem muito mais valor agregado. O nosso com\u00e9rcio intrarregional tamb\u00e9m \u00e9 muito mais acess\u00edvel \u00e0s pequenas e m\u00e9dias empresas e tamb\u00e9m \u00e9 uma \u00e1rea inicial pra internacionaliza\u00e7\u00e3o das nossas empresas, j\u00e1 que \u00e9 muito mais dif\u00edcil enfrentar um processo de internacionaliza\u00e7\u00e3o na China e Estados Unidos do que nos nossos vizinhos. Ent\u00e3o a integra\u00e7\u00e3o regional, a governan\u00e7a de integra\u00e7\u00e3o regional e instrumentos como temos no Mercosul s\u00e3o relevantes, mas, n\u00e3o \u00e9 f\u00e1cil. Espa\u00e7os como esse s\u00e3o fundamentais para refletir porque a gente conhece pouco sobre nossos vizinhos e sem nos conhecermos \u00e9 dif\u00edcil nos integrarmos\u201d, declara o pesquisador do IPEA.<\/p>\n<p>O FoMerco \u00e9 uma rede de pesquisadores de distintas nacionalidades que se re\u00fanem a cada dois anos com o prop\u00f3sito de discutir e analisar as implica\u00e7\u00f5es, as trajet\u00f3rias, os problemas e os avan\u00e7os relativos ao processo de integra\u00e7\u00e3o latino-americana. O F\u00f3rum busca refletir sobre a integra\u00e7\u00e3o nestas primeiras d\u00e9cadas do s\u00e9culo XXI, que possa incidir sobre a continuidade, a corre\u00e7\u00e3o de rota e os ajustes das pol\u00edticas p\u00fablicas que promovam e consolidem a agenda da integra\u00e7\u00e3o como instrumento efetivo de autonomia e desenvolvimento da regi\u00e3o. Em suma, o FoMerco tem como miss\u00e3o produzir, articular e divulgar conhecimento para aperfei\u00e7oar a agenda das pol\u00edticas p\u00fablicas de integra\u00e7\u00e3o no continente americano.<\/p>\n<p><strong><em>Texto:<\/em><\/strong><em>\u00a0Juliana Marques<\/em><\/p>\n<p>&nbsp;<\/p>\n<p>&nbsp;<\/p>\n","protected":false},"excerpt":{"rendered":"<p>Com a participa\u00e7\u00e3o de mais de 400 pesquisadores do Brasil e exterior \u00e9 realizado at\u00e9 essa sexta-feira (24), em Jo\u00e3o Pessoa, o 19\u00ba F\u00f3rum Universit\u00e1rio Mercosul (FoMerco), que nesta edi\u00e7\u00e3o \u00e9 promovido pelo curso de Rela\u00e7\u00f5es Internacionais da Universidade Estadual da Para\u00edba (UEPB). A programa\u00e7\u00e3o do evento reuniu minicursos, confer\u00eancias, mesas de di\u00e1logo, reuni\u00f5es e <a class=\"leiamais\" href=\"https:\/\/centros.uepb.edu.br\/ccbsa\/forum-universitario-do-mercosul-e-realizado-em-joao-pessoa-com-pesquisadores-do-brasil-e-exterior\/\">Leia Mais&#8230;<\/a><\/p>\n","protected":false},"author":8,"featured_media":10524,"comment_status":"closed","ping_status":"closed","sticky":false,"template":"","format":"standard","meta":{"footnotes":""},"categories":[3,11],"tags":[],"class_list":["post-10514","post","type-post","status-publish","format-standard","has-post-thumbnail","hentry","category-noticias","category-noticias-destaque-img"],"jetpack_featured_media_url":"https:\/\/centros.uepb.edu.br\/ccbsa\/files\/2023\/11\/IMG_9220-1.jpg","_links":{"self":[{"href":"https:\/\/centros.uepb.edu.br\/ccbsa\/wp-json\/wp\/v2\/posts\/10514","targetHints":{"allow":["GET"]}}],"collection":[{"href":"https:\/\/centros.uepb.edu.br\/ccbsa\/wp-json\/wp\/v2\/posts"}],"about":[{"href":"https:\/\/centros.uepb.edu.br\/ccbsa\/wp-json\/wp\/v2\/types\/post"}],"author":[{"embeddable":true,"href":"https:\/\/centros.uepb.edu.br\/ccbsa\/wp-json\/wp\/v2\/users\/8"}],"replies":[{"embeddable":true,"href":"https:\/\/centros.uepb.edu.br\/ccbsa\/wp-json\/wp\/v2\/comments?post=10514"}],"version-history":[{"count":0,"href":"https:\/\/centros.uepb.edu.br\/ccbsa\/wp-json\/wp\/v2\/posts\/10514\/revisions"}],"wp:featuredmedia":[{"embeddable":true,"href":"https:\/\/centros.uepb.edu.br\/ccbsa\/wp-json\/wp\/v2\/media\/10524"}],"wp:attachment":[{"href":"https:\/\/centros.uepb.edu.br\/ccbsa\/wp-json\/wp\/v2\/media?parent=10514"}],"wp:term":[{"taxonomy":"category","embeddable":true,"href":"https:\/\/centros.uepb.edu.br\/ccbsa\/wp-json\/wp\/v2\/categories?post=10514"},{"taxonomy":"post_tag","embeddable":true,"href":"https:\/\/centros.uepb.edu.br\/ccbsa\/wp-json\/wp\/v2\/tags?post=10514"}],"curies":[{"name":"wp","href":"https:\/\/api.w.org\/{rel}","templated":true}]}}