{"id":10451,"date":"2023-11-13T16:44:55","date_gmt":"2023-11-13T16:44:55","guid":{"rendered":"https:\/\/centros.uepb.edu.br\/ccbsa\/?p=10451"},"modified":"2023-11-13T16:50:46","modified_gmt":"2023-11-13T16:50:46","slug":"encontro-de-genetica-do-nordeste-e-realizado-pela-uepb-com-celebracao-aos-70-anos-da-estrutura-do-dna","status":"publish","type":"post","link":"https:\/\/centros.uepb.edu.br\/ccbsa\/encontro-de-genetica-do-nordeste-e-realizado-pela-uepb-com-celebracao-aos-70-anos-da-estrutura-do-dna\/","title":{"rendered":"Encontro de Gen\u00e9tica do Nordeste \u00e9 realizado pela UEPB com celebra\u00e7\u00e3o aos 70 anos da estrutura do DNA"},"content":{"rendered":"\n\t\t<style type=\"text\/css\">\n\t\t\t#gallery-1 {\n\t\t\t\tmargin: auto;\n\t\t\t}\n\t\t\t#gallery-1 .gallery-item {\n\t\t\t\tfloat: left;\n\t\t\t\tmargin-top: 10px;\n\t\t\t\ttext-align: center;\n\t\t\t\twidth: 33%;\n\t\t\t}\n\t\t\t#gallery-1 img {\n\t\t\t\tborder: 2px solid #cfcfcf;\n\t\t\t}\n\t\t\t#gallery-1 .gallery-caption {\n\t\t\t\tmargin-left: 0;\n\t\t\t}\n\t\t\t\/* see gallery_shortcode() in wp-includes\/media.php *\/\n\t\t<\/style>\n\t\t<div id='gallery-1' class='gallery galleryid-10451 gallery-columns-3 gallery-size-full'><dl class='gallery-item'>\n\t\t\t<dt class='gallery-icon landscape'>\n\t\t\t\t<a href='https:\/\/centros.uepb.edu.br\/ccbsa\/files\/2023\/11\/IMG_8900.png'><img loading=\"lazy\" decoding=\"async\" width=\"1200\" height=\"680\" src=\"https:\/\/centros.uepb.edu.br\/ccbsa\/files\/2023\/11\/IMG_8900.png\" class=\"attachment-full size-full\" alt=\"\" srcset=\"https:\/\/centros.uepb.edu.br\/ccbsa\/files\/2023\/11\/IMG_8900.png 1200w, https:\/\/centros.uepb.edu.br\/ccbsa\/files\/2023\/11\/IMG_8900-300x170.png 300w, https:\/\/centros.uepb.edu.br\/ccbsa\/files\/2023\/11\/IMG_8900-1120x635.png 1120w\" sizes=\"auto, (max-width: 1200px) 100vw, 1200px\" \/><\/a>\n\t\t\t<\/dt><\/dl><dl class='gallery-item'>\n\t\t\t<dt class='gallery-icon landscape'>\n\t\t\t\t<a href='https:\/\/centros.uepb.edu.br\/ccbsa\/files\/2023\/11\/IMG_8996.png'><img loading=\"lazy\" decoding=\"async\" width=\"1200\" height=\"670\" src=\"https:\/\/centros.uepb.edu.br\/ccbsa\/files\/2023\/11\/IMG_8996.png\" class=\"attachment-full size-full\" alt=\"\" srcset=\"https:\/\/centros.uepb.edu.br\/ccbsa\/files\/2023\/11\/IMG_8996.png 1200w, https:\/\/centros.uepb.edu.br\/ccbsa\/files\/2023\/11\/IMG_8996-300x168.png 300w, https:\/\/centros.uepb.edu.br\/ccbsa\/files\/2023\/11\/IMG_8996-1120x625.png 1120w\" sizes=\"auto, (max-width: 1200px) 100vw, 1200px\" \/><\/a>\n\t\t\t<\/dt><\/dl><dl class='gallery-item'>\n\t\t\t<dt class='gallery-icon landscape'>\n\t\t\t\t<a href='https:\/\/centros.uepb.edu.br\/ccbsa\/files\/2023\/11\/IMG_8907.png'><img loading=\"lazy\" decoding=\"async\" width=\"1200\" height=\"834\" src=\"https:\/\/centros.uepb.edu.br\/ccbsa\/files\/2023\/11\/IMG_8907.png\" class=\"attachment-full size-full\" alt=\"\" srcset=\"https:\/\/centros.uepb.edu.br\/ccbsa\/files\/2023\/11\/IMG_8907.png 1200w, https:\/\/centros.uepb.edu.br\/ccbsa\/files\/2023\/11\/IMG_8907-300x209.png 300w, https:\/\/centros.uepb.edu.br\/ccbsa\/files\/2023\/11\/IMG_8907-1120x778.png 1120w\" sizes=\"auto, (max-width: 1200px) 100vw, 1200px\" \/><\/a>\n\t\t\t<\/dt><\/dl><br style=\"clear: both\" \/><dl class='gallery-item'>\n\t\t\t<dt class='gallery-icon landscape'>\n\t\t\t\t<a href='https:\/\/centros.uepb.edu.br\/ccbsa\/files\/2023\/11\/IMG_8903.png'><img loading=\"lazy\" decoding=\"async\" width=\"1200\" height=\"849\" src=\"https:\/\/centros.uepb.edu.br\/ccbsa\/files\/2023\/11\/IMG_8903.png\" class=\"attachment-full size-full\" alt=\"\" srcset=\"https:\/\/centros.uepb.edu.br\/ccbsa\/files\/2023\/11\/IMG_8903.png 1200w, https:\/\/centros.uepb.edu.br\/ccbsa\/files\/2023\/11\/IMG_8903-300x212.png 300w, https:\/\/centros.uepb.edu.br\/ccbsa\/files\/2023\/11\/IMG_8903-1120x792.png 1120w\" sizes=\"auto, (max-width: 1200px) 100vw, 1200px\" \/><\/a>\n\t\t\t<\/dt><\/dl><dl class='gallery-item'>\n\t\t\t<dt class='gallery-icon landscape'>\n\t\t\t\t<a href='https:\/\/centros.uepb.edu.br\/ccbsa\/files\/2023\/11\/ARI-REIS-GOVERNO.png'><img loading=\"lazy\" decoding=\"async\" width=\"1200\" height=\"686\" src=\"https:\/\/centros.uepb.edu.br\/ccbsa\/files\/2023\/11\/ARI-REIS-GOVERNO.png\" class=\"attachment-full size-full\" alt=\"\" srcset=\"https:\/\/centros.uepb.edu.br\/ccbsa\/files\/2023\/11\/ARI-REIS-GOVERNO.png 1200w, https:\/\/centros.uepb.edu.br\/ccbsa\/files\/2023\/11\/ARI-REIS-GOVERNO-300x172.png 300w, https:\/\/centros.uepb.edu.br\/ccbsa\/files\/2023\/11\/ARI-REIS-GOVERNO-1120x640.png 1120w\" sizes=\"auto, (max-width: 1200px) 100vw, 1200px\" \/><\/a>\n\t\t\t<\/dt><\/dl><dl class='gallery-item'>\n\t\t\t<dt class='gallery-icon landscape'>\n\t\t\t\t<a href='https:\/\/centros.uepb.edu.br\/ccbsa\/files\/2023\/11\/CARLOS-PRPGP-UEPB.png'><img loading=\"lazy\" decoding=\"async\" width=\"1200\" height=\"733\" src=\"https:\/\/centros.uepb.edu.br\/ccbsa\/files\/2023\/11\/CARLOS-PRPGP-UEPB.png\" class=\"attachment-full size-full\" alt=\"\" srcset=\"https:\/\/centros.uepb.edu.br\/ccbsa\/files\/2023\/11\/CARLOS-PRPGP-UEPB.png 1200w, https:\/\/centros.uepb.edu.br\/ccbsa\/files\/2023\/11\/CARLOS-PRPGP-UEPB-300x183.png 300w, https:\/\/centros.uepb.edu.br\/ccbsa\/files\/2023\/11\/CARLOS-PRPGP-UEPB-1120x684.png 1120w\" sizes=\"auto, (max-width: 1200px) 100vw, 1200px\" \/><\/a>\n\t\t\t<\/dt><\/dl><br style=\"clear: both\" \/><dl class='gallery-item'>\n\t\t\t<dt class='gallery-icon landscape'>\n\t\t\t\t<a href='https:\/\/centros.uepb.edu.br\/ccbsa\/files\/2023\/11\/ANA-MARIA-ISEPON-SBG.png'><img loading=\"lazy\" decoding=\"async\" width=\"1200\" height=\"803\" src=\"https:\/\/centros.uepb.edu.br\/ccbsa\/files\/2023\/11\/ANA-MARIA-ISEPON-SBG.png\" class=\"attachment-full size-full\" alt=\"\" srcset=\"https:\/\/centros.uepb.edu.br\/ccbsa\/files\/2023\/11\/ANA-MARIA-ISEPON-SBG.png 1200w, https:\/\/centros.uepb.edu.br\/ccbsa\/files\/2023\/11\/ANA-MARIA-ISEPON-SBG-300x201.png 300w, https:\/\/centros.uepb.edu.br\/ccbsa\/files\/2023\/11\/ANA-MARIA-ISEPON-SBG-1120x749.png 1120w\" sizes=\"auto, (max-width: 1200px) 100vw, 1200px\" \/><\/a>\n\t\t\t<\/dt><\/dl><dl class='gallery-item'>\n\t\t\t<dt class='gallery-icon landscape'>\n\t\t\t\t<a href='https:\/\/centros.uepb.edu.br\/ccbsa\/files\/2023\/11\/CHICO-JAIME.png'><img loading=\"lazy\" decoding=\"async\" width=\"1200\" height=\"753\" src=\"https:\/\/centros.uepb.edu.br\/ccbsa\/files\/2023\/11\/CHICO-JAIME.png\" class=\"attachment-full size-full\" alt=\"\" srcset=\"https:\/\/centros.uepb.edu.br\/ccbsa\/files\/2023\/11\/CHICO-JAIME.png 1200w, https:\/\/centros.uepb.edu.br\/ccbsa\/files\/2023\/11\/CHICO-JAIME-300x188.png 300w, https:\/\/centros.uepb.edu.br\/ccbsa\/files\/2023\/11\/CHICO-JAIME-1120x703.png 1120w\" sizes=\"auto, (max-width: 1200px) 100vw, 1200px\" \/><\/a>\n\t\t\t<\/dt><\/dl><dl class='gallery-item'>\n\t\t\t<dt class='gallery-icon landscape'>\n\t\t\t\t<a href='https:\/\/centros.uepb.edu.br\/ccbsa\/files\/2023\/11\/SAVIO-UFPB-HOMENAGEM.png'><img loading=\"lazy\" decoding=\"async\" width=\"1200\" height=\"855\" src=\"https:\/\/centros.uepb.edu.br\/ccbsa\/files\/2023\/11\/SAVIO-UFPB-HOMENAGEM.png\" class=\"attachment-full size-full\" alt=\"\" srcset=\"https:\/\/centros.uepb.edu.br\/ccbsa\/files\/2023\/11\/SAVIO-UFPB-HOMENAGEM.png 1200w, https:\/\/centros.uepb.edu.br\/ccbsa\/files\/2023\/11\/SAVIO-UFPB-HOMENAGEM-300x214.png 300w, https:\/\/centros.uepb.edu.br\/ccbsa\/files\/2023\/11\/SAVIO-UFPB-HOMENAGEM-1117x796.png 1117w\" sizes=\"auto, (max-width: 1200px) 100vw, 1200px\" \/><\/a>\n\t\t\t<\/dt><\/dl><br style=\"clear: both\" \/><dl class='gallery-item'>\n\t\t\t<dt class='gallery-icon landscape'>\n\t\t\t\t<a href='https:\/\/centros.uepb.edu.br\/ccbsa\/files\/2023\/11\/HOMENAGEM-PROFESSOR-JOSE-PINTO1.png'><img loading=\"lazy\" decoding=\"async\" width=\"1200\" height=\"991\" src=\"https:\/\/centros.uepb.edu.br\/ccbsa\/files\/2023\/11\/HOMENAGEM-PROFESSOR-JOSE-PINTO1.png\" class=\"attachment-full size-full\" alt=\"\" srcset=\"https:\/\/centros.uepb.edu.br\/ccbsa\/files\/2023\/11\/HOMENAGEM-PROFESSOR-JOSE-PINTO1.png 1200w, https:\/\/centros.uepb.edu.br\/ccbsa\/files\/2023\/11\/HOMENAGEM-PROFESSOR-JOSE-PINTO1-300x248.png 300w, https:\/\/centros.uepb.edu.br\/ccbsa\/files\/2023\/11\/HOMENAGEM-PROFESSOR-JOSE-PINTO1-964x796.png 964w\" sizes=\"auto, (max-width: 1200px) 100vw, 1200px\" \/><\/a>\n\t\t\t<\/dt><\/dl><dl class='gallery-item'>\n\t\t\t<dt class='gallery-icon landscape'>\n\t\t\t\t<a href='https:\/\/centros.uepb.edu.br\/ccbsa\/files\/2023\/11\/HOMENAGEM-2.png'><img loading=\"lazy\" decoding=\"async\" width=\"1200\" height=\"890\" src=\"https:\/\/centros.uepb.edu.br\/ccbsa\/files\/2023\/11\/HOMENAGEM-2.png\" class=\"attachment-full size-full\" alt=\"\" srcset=\"https:\/\/centros.uepb.edu.br\/ccbsa\/files\/2023\/11\/HOMENAGEM-2.png 1200w, https:\/\/centros.uepb.edu.br\/ccbsa\/files\/2023\/11\/HOMENAGEM-2-300x223.png 300w, https:\/\/centros.uepb.edu.br\/ccbsa\/files\/2023\/11\/HOMENAGEM-2-1073x796.png 1073w\" sizes=\"auto, (max-width: 1200px) 100vw, 1200px\" \/><\/a>\n\t\t\t<\/dt><\/dl><dl class='gallery-item'>\n\t\t\t<dt class='gallery-icon landscape'>\n\t\t\t\t<a href='https:\/\/centros.uepb.edu.br\/ccbsa\/files\/2023\/11\/CONFERENCIA-DE-ABERTURA.png'><img loading=\"lazy\" decoding=\"async\" width=\"1200\" height=\"758\" src=\"https:\/\/centros.uepb.edu.br\/ccbsa\/files\/2023\/11\/CONFERENCIA-DE-ABERTURA.png\" class=\"attachment-full size-full\" alt=\"\" srcset=\"https:\/\/centros.uepb.edu.br\/ccbsa\/files\/2023\/11\/CONFERENCIA-DE-ABERTURA.png 1200w, https:\/\/centros.uepb.edu.br\/ccbsa\/files\/2023\/11\/CONFERENCIA-DE-ABERTURA-300x190.png 300w, https:\/\/centros.uepb.edu.br\/ccbsa\/files\/2023\/11\/CONFERENCIA-DE-ABERTURA-1120x707.png 1120w\" sizes=\"auto, (max-width: 1200px) 100vw, 1200px\" \/><\/a>\n\t\t\t<\/dt><\/dl><br style=\"clear: both\" \/><dl class='gallery-item'>\n\t\t\t<dt class='gallery-icon landscape'>\n\t\t\t\t<a href='https:\/\/centros.uepb.edu.br\/ccbsa\/files\/2023\/11\/IMG_9005.png'><img loading=\"lazy\" decoding=\"async\" width=\"1200\" height=\"731\" src=\"https:\/\/centros.uepb.edu.br\/ccbsa\/files\/2023\/11\/IMG_9005.png\" class=\"attachment-full size-full\" alt=\"\" srcset=\"https:\/\/centros.uepb.edu.br\/ccbsa\/files\/2023\/11\/IMG_9005.png 1200w, https:\/\/centros.uepb.edu.br\/ccbsa\/files\/2023\/11\/IMG_9005-300x183.png 300w, https:\/\/centros.uepb.edu.br\/ccbsa\/files\/2023\/11\/IMG_9005-1120x682.png 1120w\" sizes=\"auto, (max-width: 1200px) 100vw, 1200px\" \/><\/a>\n\t\t\t<\/dt><\/dl>\n\t\t\t<br style='clear: both' \/>\n\t\t<\/div>\n\n<p>Do reconhecimento de doen\u00e7as heredit\u00e1rias, evolu\u00e7\u00e3o de diagn\u00f3stico e tratamentos medicamentosos, ao aprimoramento animal e vegetal, que permite o controle de pragas nas planta\u00e7\u00f5es e a sele\u00e7\u00e3o de animais para melhorar a produ\u00e7\u00e3o pecu\u00e1ria, s\u00e3o diversas as aplica\u00e7\u00f5es da gen\u00e9tica para a melhoria das condi\u00e7\u00f5es de bem-estar e sobreviv\u00eancia das popula\u00e7\u00f5es. Diante desse potencial, o Nordeste tem desenvolvido pesquisas de refer\u00eancia em gen\u00e9tica e, entre os dias 12 e 15 de novembro, no Espa\u00e7o Cultural Jos\u00e9 Lins do R\u00eago, sedia o maior encontro regional da \u00e1rea no Brasil: o 24\u00ba Encontro de Gen\u00e9tica do Nordeste (ENGENE).<\/p>\n<p>Promovida pela Universidade Estadual da Para\u00edba (UEPB), em parceria com a Sociedade Brasileira de Gen\u00e9tica Regional Nordeste (SBG-NE) e Universidade Federal do Rio Grande do Norte (UFRN), esta edi\u00e7\u00e3o do ENGENE re\u00fane aproximadamente 500 inscritos, 300 trabalhos, 54 atividades e 75 palestrantes norteados pela tem\u00e1tica \u201c70 anos da estrutura do DNA: impactos na regi\u00e3o Nordeste\u201d.<\/p>\n<p>A abertura do Evento, realizada neste domingo (12), contou com a presen\u00e7a do pro-reitor de p\u00f3s-gradua\u00e7\u00e3o e pesquisa da UEPB, representando a reitora da UEPB, professora C\u00e9lia Regina Diniz, e membro da comiss\u00e3o de avalia\u00e7\u00e3o da Capes, professor Francisco Jaime Mendon\u00e7a J\u00fanior; do representante do Governador do Estado da Para\u00edba, Jo\u00e3o Azevedo, o diretor superintendente da Funda\u00e7\u00e3o Paraibana de Gest\u00e3o em Sa\u00fade (PB Sa\u00fade) Arimatheus Reis; do presidente da Comiss\u00e3o Organizadora do ENGENE e coordenador de pesquisa da Pro-reitoria de P\u00f3s-gradua\u00e7\u00e3o e Pesquisa da UEPB, professor Carlos Henrique Meneses; da representante da Sociedade Brasileira de Gen\u00e9tica (SBG) e docente da UFPE, professora Ana Maria Benko Iseppon e dos membros da comiss\u00e3o organizadora, professora Brigida Lucena, da UEPB, e professor S\u00e1vio Farias, da UFPB. A cerim\u00f4nia de abertura tamb\u00e9m contou com uma apresenta\u00e7\u00e3o do quinteto de sopro do Programa de Inclus\u00e3o Atrav\u00e9s da M\u00fasica (PRIMA)\u00a0do Governo do Estado da Para\u00edba.<\/p>\n<p>Na oportunidade, o professor Francisco Jaime relembrou que o ENGENE havia sido realizado anteriormente na Para\u00edba, que volta a sediar esse Evento de relev\u00e2ncia para pesquisadores de gen\u00e9tica e \u00e1reas afins. \u201c\u00c9 com muita satisfa\u00e7\u00e3o que a UEPB recebe a 24&#8242; edi\u00e7\u00e3o do ENGENE, depois de quase 40 anos do primeiro ENGENE que tamb\u00e9m aconteceu aqui na Cidade de Jo\u00e3o Pessoa. \u00c9 um enorme evento de Gen\u00e9tica, com mais de 500 inscritos de todos os Estados do Nordeste, com a participa\u00e7\u00e3o de mais de 70 palestrantes de todas as regi\u00f5es do pa\u00eds, que discutir\u00e3o ao longo de tr\u00eas dias os avan\u00e7os da gen\u00e9tica em diversas \u00e1reas do conhecimento\u201d, avalia.<\/p>\n<p>A professora Ana Maria Iseppon destacou a import\u00e2ncia do ENGENE para fortalecer os estudos na \u00e1rea de gen\u00e9tica j\u00e1 empreendidos na regi\u00e3o Nordeste. \u201cEsse evento \u00e9 importante porque descentraliza a gen\u00e9tica, a SBG tem preocupa\u00e7\u00e3o que a gen\u00e9tica v\u00e1 \u00e0s diversas regi\u00f5es do Brasil, e nesse caso, estamos diante do maior de todos os eventos regionais. Temos um Evento robusto em termos de conte\u00fado de palestras, simp\u00f3sios de gen\u00e9tica humana e cl\u00ednica, de gen\u00e9tica forense, minicursos, que acho importante para que os alunos de gradua\u00e7\u00e3o e p\u00f3s-gradua\u00e7\u00e3o tenham a chance de apreciar a gen\u00e9tica nos seus v\u00e1rios n\u00edveis, aplica\u00e7\u00f5es da gen\u00e9tica no dia a dia. A programa\u00e7\u00e3o est\u00e1 forte, rica, abrangendo todas as \u00e1reas da gen\u00e9tica, microorganismos, plantas, animais, humanos, mutag\u00eanese, genotoxidade, entre outras. E ainda tem a quest\u00e3o de n\u00e3o ser um Evento s\u00f3 do Nordeste porque vem pessoas de outras regi\u00f5es do Brasil\u201d, explica.<\/p>\n<p>O professor Carlos Meneses recorda que esta edi\u00e7\u00e3o do ENGENE vem sendo idealizada desde a pandemia de COVID-19 e, ap\u00f3s uma cuidadosa avalia\u00e7\u00e3o, foi decidido que em 2023 o ENGENE poderia ser realizado presencialmente de forma segura. \u201cEsperamos que nestes dias todos os participantes, que s\u00e3o o futuro da gen\u00e9tica na regi\u00e3o Nordeste, possam dialogar e trocar ideias para fortalecer a nossa \u00e1rea\u201d, conclui.<\/p>\n<p>Na confer\u00eancia magna do ENGENE, intitulada \u201c70 anos do DNA: da ci\u00eancia b\u00e1sica ao impacto social!\u201d, ministrada pelo professor da Universidade de S\u00e3o Paulo (USP), Carlos Frederico Martins Menck, foram apresentados avan\u00e7os hist\u00f3ricos nos 70 anos do DNA que proporcionaram grandes descobertas para a humanidade a partir do trabalho despretensioso de pesquisadores. \u201cTodas as grandes descobertas da engenharia gen\u00e9tica, de sequenciamento de genoma, at\u00e9 a vacina de RNA, tudo come\u00e7ou com experimentos em laborat\u00f3rios de ci\u00eancia b\u00e1sica, locais em que ningu\u00e9m estava pensando em criar grandes produtos. Ent\u00e3o acho importante mostrar a import\u00e2ncia destas pesquisas e de eventos como esse para fortalecer essas iniciativas que podem gerar grandes resultados para a sociedade\u201d, avalia.<\/p>\n<p>A programa\u00e7\u00e3o desta edi\u00e7\u00e3o do Evento re\u00fane palestras, confer\u00eancias, mesas-redondas e minicursos, al\u00e9m de apresenta\u00e7\u00f5es de trabalhos orais e em sess\u00f5es de pain\u00e9is nas \u00e1reas de gen\u00e9tica quantitativa, gen\u00e9tica molecular e de microrganismos, gen\u00e9tica vegetal, gen\u00e9tica animal, gen\u00e9tica humana, m\u00e9dica, farmacogen\u00e9tica, gen\u00e9tica evolutiva, mutag\u00eanese, ensino de gen\u00e9tica, gen\u00e9tica forense, \u00f4micas e bioinform\u00e1tica.<\/p>\n<p>Paralelamente \u00e0 programa\u00e7\u00e3o do 24\u00ba ENGENE, ocorrer\u00e3o reuni\u00f5es adicionais tradicionalmente abrigadas pelo evento, incluindo o \u201c6\u00ba Simp\u00f3sio de Gen\u00e9tica Humana e M\u00e9dica do Nordeste\u201d, o \u201c5\u00ba Simp\u00f3sio de Gen\u00e9tica Forense do Nordeste\u201d e o \u201c4\u00ba F\u00f3rum de Pesquisa e P\u00f3s-gradua\u00e7\u00e3o em Gen\u00e9tica do Nordeste\u201d. Haver\u00e1 tamb\u00e9m programa\u00e7\u00e3o especial do &#8220;Gen\u00e9tica na Pra\u00e7a&#8221;, incluindo exposi\u00e7\u00f5es, oficinas e palestras destinadas aos alunos e educadores que atuam no Ensino de Biologia, al\u00e9m da comunidade em geral.<\/p>\n<p><strong>Texto e fotos:<\/strong><em> Juliana Marques.<\/em><\/p>\n","protected":false},"excerpt":{"rendered":"<p>Do reconhecimento de doen\u00e7as heredit\u00e1rias, evolu\u00e7\u00e3o de diagn\u00f3stico e tratamentos medicamentosos, ao aprimoramento animal e vegetal, que permite o controle de pragas nas planta\u00e7\u00f5es e a sele\u00e7\u00e3o de animais para melhorar a produ\u00e7\u00e3o pecu\u00e1ria, s\u00e3o diversas as aplica\u00e7\u00f5es da gen\u00e9tica para a melhoria das condi\u00e7\u00f5es de bem-estar e sobreviv\u00eancia das popula\u00e7\u00f5es. Diante desse potencial, o <a class=\"leiamais\" href=\"https:\/\/centros.uepb.edu.br\/ccbsa\/encontro-de-genetica-do-nordeste-e-realizado-pela-uepb-com-celebracao-aos-70-anos-da-estrutura-do-dna\/\">Leia Mais&#8230;<\/a><\/p>\n","protected":false},"author":8,"featured_media":10452,"comment_status":"closed","ping_status":"closed","sticky":false,"template":"","format":"standard","meta":{"footnotes":""},"categories":[3,11],"tags":[],"class_list":["post-10451","post","type-post","status-publish","format-standard","has-post-thumbnail","hentry","category-noticias","category-noticias-destaque-img"],"jetpack_featured_media_url":"https:\/\/centros.uepb.edu.br\/ccbsa\/files\/2023\/11\/IMG_8900.png","_links":{"self":[{"href":"https:\/\/centros.uepb.edu.br\/ccbsa\/wp-json\/wp\/v2\/posts\/10451","targetHints":{"allow":["GET"]}}],"collection":[{"href":"https:\/\/centros.uepb.edu.br\/ccbsa\/wp-json\/wp\/v2\/posts"}],"about":[{"href":"https:\/\/centros.uepb.edu.br\/ccbsa\/wp-json\/wp\/v2\/types\/post"}],"author":[{"embeddable":true,"href":"https:\/\/centros.uepb.edu.br\/ccbsa\/wp-json\/wp\/v2\/users\/8"}],"replies":[{"embeddable":true,"href":"https:\/\/centros.uepb.edu.br\/ccbsa\/wp-json\/wp\/v2\/comments?post=10451"}],"version-history":[{"count":0,"href":"https:\/\/centros.uepb.edu.br\/ccbsa\/wp-json\/wp\/v2\/posts\/10451\/revisions"}],"wp:featuredmedia":[{"embeddable":true,"href":"https:\/\/centros.uepb.edu.br\/ccbsa\/wp-json\/wp\/v2\/media\/10452"}],"wp:attachment":[{"href":"https:\/\/centros.uepb.edu.br\/ccbsa\/wp-json\/wp\/v2\/media?parent=10451"}],"wp:term":[{"taxonomy":"category","embeddable":true,"href":"https:\/\/centros.uepb.edu.br\/ccbsa\/wp-json\/wp\/v2\/categories?post=10451"},{"taxonomy":"post_tag","embeddable":true,"href":"https:\/\/centros.uepb.edu.br\/ccbsa\/wp-json\/wp\/v2\/tags?post=10451"}],"curies":[{"name":"wp","href":"https:\/\/api.w.org\/{rel}","templated":true}]}}