{"id":10435,"date":"2023-11-10T11:33:59","date_gmt":"2023-11-10T11:33:59","guid":{"rendered":"https:\/\/centros.uepb.edu.br\/ccbsa\/?p=10435"},"modified":"2023-11-10T11:33:59","modified_gmt":"2023-11-10T11:33:59","slug":"campus-de-joao-pessoa-reune-comunidade-academica-e-escolar-do-entorno-nas-atividades-do-congresso-universitario-da-uepb","status":"publish","type":"post","link":"https:\/\/centros.uepb.edu.br\/ccbsa\/campus-de-joao-pessoa-reune-comunidade-academica-e-escolar-do-entorno-nas-atividades-do-congresso-universitario-da-uepb\/","title":{"rendered":"Campus de Jo\u00e3o Pessoa re\u00fane comunidade acad\u00eamica e escolar do entorno nas atividades do Congresso Universit\u00e1rio da UEPB"},"content":{"rendered":"\n\t\t<style type=\"text\/css\">\n\t\t\t#gallery-1 {\n\t\t\t\tmargin: auto;\n\t\t\t}\n\t\t\t#gallery-1 .gallery-item {\n\t\t\t\tfloat: left;\n\t\t\t\tmargin-top: 10px;\n\t\t\t\ttext-align: center;\n\t\t\t\twidth: 33%;\n\t\t\t}\n\t\t\t#gallery-1 img {\n\t\t\t\tborder: 2px solid #cfcfcf;\n\t\t\t}\n\t\t\t#gallery-1 .gallery-caption {\n\t\t\t\tmargin-left: 0;\n\t\t\t}\n\t\t\t\/* see gallery_shortcode() in wp-includes\/media.php *\/\n\t\t<\/style>\n\t\t<div id='gallery-1' class='gallery galleryid-10435 gallery-columns-3 gallery-size-full'><dl class='gallery-item'>\n\t\t\t<dt class='gallery-icon landscape'>\n\t\t\t\t<a href='https:\/\/centros.uepb.edu.br\/ccbsa\/files\/2023\/11\/IMG_0108.png'><img loading=\"lazy\" decoding=\"async\" width=\"1200\" height=\"709\" src=\"https:\/\/centros.uepb.edu.br\/ccbsa\/files\/2023\/11\/IMG_0108.png\" class=\"attachment-full size-full\" alt=\"\" srcset=\"https:\/\/centros.uepb.edu.br\/ccbsa\/files\/2023\/11\/IMG_0108.png 1200w, https:\/\/centros.uepb.edu.br\/ccbsa\/files\/2023\/11\/IMG_0108-300x177.png 300w, https:\/\/centros.uepb.edu.br\/ccbsa\/files\/2023\/11\/IMG_0108-1120x662.png 1120w\" sizes=\"auto, (max-width: 1200px) 100vw, 1200px\" \/><\/a>\n\t\t\t<\/dt><\/dl><dl class='gallery-item'>\n\t\t\t<dt class='gallery-icon landscape'>\n\t\t\t\t<a href='https:\/\/centros.uepb.edu.br\/ccbsa\/files\/2023\/11\/IMG_0433.png'><img loading=\"lazy\" decoding=\"async\" width=\"1200\" height=\"648\" src=\"https:\/\/centros.uepb.edu.br\/ccbsa\/files\/2023\/11\/IMG_0433.png\" class=\"attachment-full size-full\" alt=\"\" srcset=\"https:\/\/centros.uepb.edu.br\/ccbsa\/files\/2023\/11\/IMG_0433.png 1200w, https:\/\/centros.uepb.edu.br\/ccbsa\/files\/2023\/11\/IMG_0433-300x162.png 300w, https:\/\/centros.uepb.edu.br\/ccbsa\/files\/2023\/11\/IMG_0433-1120x605.png 1120w\" sizes=\"auto, (max-width: 1200px) 100vw, 1200px\" \/><\/a>\n\t\t\t<\/dt><\/dl><dl class='gallery-item'>\n\t\t\t<dt class='gallery-icon landscape'>\n\t\t\t\t<a href='https:\/\/centros.uepb.edu.br\/ccbsa\/files\/2023\/11\/IMG_20231107_094754.png'><img loading=\"lazy\" decoding=\"async\" width=\"1200\" height=\"655\" src=\"https:\/\/centros.uepb.edu.br\/ccbsa\/files\/2023\/11\/IMG_20231107_094754.png\" class=\"attachment-full size-full\" alt=\"\" srcset=\"https:\/\/centros.uepb.edu.br\/ccbsa\/files\/2023\/11\/IMG_20231107_094754.png 1200w, https:\/\/centros.uepb.edu.br\/ccbsa\/files\/2023\/11\/IMG_20231107_094754-300x164.png 300w, https:\/\/centros.uepb.edu.br\/ccbsa\/files\/2023\/11\/IMG_20231107_094754-1120x611.png 1120w\" sizes=\"auto, (max-width: 1200px) 100vw, 1200px\" \/><\/a>\n\t\t\t<\/dt><\/dl><br style=\"clear: both\" \/><dl class='gallery-item'>\n\t\t\t<dt class='gallery-icon landscape'>\n\t\t\t\t<a href='https:\/\/centros.uepb.edu.br\/ccbsa\/files\/2023\/11\/20231108_091113.png'><img loading=\"lazy\" decoding=\"async\" width=\"1200\" height=\"680\" src=\"https:\/\/centros.uepb.edu.br\/ccbsa\/files\/2023\/11\/20231108_091113.png\" class=\"attachment-full size-full\" alt=\"\" srcset=\"https:\/\/centros.uepb.edu.br\/ccbsa\/files\/2023\/11\/20231108_091113.png 1200w, https:\/\/centros.uepb.edu.br\/ccbsa\/files\/2023\/11\/20231108_091113-300x170.png 300w, https:\/\/centros.uepb.edu.br\/ccbsa\/files\/2023\/11\/20231108_091113-1120x635.png 1120w\" sizes=\"auto, (max-width: 1200px) 100vw, 1200px\" \/><\/a>\n\t\t\t<\/dt><\/dl><dl class='gallery-item'>\n\t\t\t<dt class='gallery-icon landscape'>\n\t\t\t\t<a href='https:\/\/centros.uepb.edu.br\/ccbsa\/files\/2023\/11\/IMG_8888.png'><img loading=\"lazy\" decoding=\"async\" width=\"1200\" height=\"671\" src=\"https:\/\/centros.uepb.edu.br\/ccbsa\/files\/2023\/11\/IMG_8888.png\" class=\"attachment-full size-full\" alt=\"\" srcset=\"https:\/\/centros.uepb.edu.br\/ccbsa\/files\/2023\/11\/IMG_8888.png 1200w, https:\/\/centros.uepb.edu.br\/ccbsa\/files\/2023\/11\/IMG_8888-300x168.png 300w, https:\/\/centros.uepb.edu.br\/ccbsa\/files\/2023\/11\/IMG_8888-1120x626.png 1120w\" sizes=\"auto, (max-width: 1200px) 100vw, 1200px\" \/><\/a>\n\t\t\t<\/dt><\/dl><dl class='gallery-item'>\n\t\t\t<dt class='gallery-icon landscape'>\n\t\t\t\t<a href='https:\/\/centros.uepb.edu.br\/ccbsa\/files\/2023\/11\/IMG_8880.png'><img loading=\"lazy\" decoding=\"async\" width=\"1200\" height=\"666\" src=\"https:\/\/centros.uepb.edu.br\/ccbsa\/files\/2023\/11\/IMG_8880.png\" class=\"attachment-full size-full\" alt=\"\" srcset=\"https:\/\/centros.uepb.edu.br\/ccbsa\/files\/2023\/11\/IMG_8880.png 1200w, https:\/\/centros.uepb.edu.br\/ccbsa\/files\/2023\/11\/IMG_8880-300x167.png 300w, https:\/\/centros.uepb.edu.br\/ccbsa\/files\/2023\/11\/IMG_8880-1120x622.png 1120w\" sizes=\"auto, (max-width: 1200px) 100vw, 1200px\" \/><\/a>\n\t\t\t<\/dt><\/dl><br style=\"clear: both\" \/><dl class='gallery-item'>\n\t\t\t<dt class='gallery-icon landscape'>\n\t\t\t\t<a href='https:\/\/centros.uepb.edu.br\/ccbsa\/files\/2023\/11\/IMG_8892.png'><img loading=\"lazy\" decoding=\"async\" width=\"1200\" height=\"647\" src=\"https:\/\/centros.uepb.edu.br\/ccbsa\/files\/2023\/11\/IMG_8892.png\" class=\"attachment-full size-full\" alt=\"\" srcset=\"https:\/\/centros.uepb.edu.br\/ccbsa\/files\/2023\/11\/IMG_8892.png 1200w, https:\/\/centros.uepb.edu.br\/ccbsa\/files\/2023\/11\/IMG_8892-300x162.png 300w, https:\/\/centros.uepb.edu.br\/ccbsa\/files\/2023\/11\/IMG_8892-1120x604.png 1120w\" sizes=\"auto, (max-width: 1200px) 100vw, 1200px\" \/><\/a>\n\t\t\t<\/dt><\/dl>\n\t\t\t<br style='clear: both' \/>\n\t\t<\/div>\n\n<p>Com a participa\u00e7\u00e3o da comunidade acad\u00eamica e escolar do entorno do C\u00e2mpus V da Universidade Estadual da Para\u00edba (UEPB), o 3\u00ba Congresso Universit\u00e1rio da UEPB consolidou-se como um espa\u00e7o de compartilhamento de saberes e viv\u00eancias sociais, culturais e cient\u00edficas que demonstram o papel da UEPB e a import\u00e2ncia dos projetos e a\u00e7\u00f5es empreendidas no cen\u00e1rio universit\u00e1rio. Com essa perspectiva, foram realizados minicursos, oficinas, apresenta\u00e7\u00f5es de trabalhos, palestras, mesas de debate e atividades culturais vinculados \u00e0 tem\u00e1tica norteadora desta edi\u00e7\u00e3o do Congresso: \u201cDiversidade, equidade, inclus\u00e3o social e digital na UEPB\u201d.<\/p>\n<p>Nesta primeira edi\u00e7\u00e3o realizada de forma descentralizada, com atividades presenciais e remotas ocorrendo simultaneamente em todos os campus da UEPB, o Congresso oportunizou a apresenta\u00e7\u00e3o de trabalhos no 30\u00ba Encontro de Inicia\u00e7\u00e3o Cient\u00edfica (ENIC), no 7\u00ba Semin\u00e1rio de Extens\u00e3o (SEMEX), no 9\u00ba Encontro de Inicia\u00e7\u00e3o \u00e0 Doc\u00eancia (ENID), na Mostra de Est\u00e1gio supervisionado, nas palestras, dentre outras atividades que ocorreram via Google Meet ou foram transmitidas pelo canal da UEPB no YouTube.<\/p>\n<p>Presencialmente, o C\u00e2mpus V realizou atividades com tem\u00e1ticas relacionadas ao desenvolvimento sustent\u00e1vel; os muros do mundo contempor\u00e2neo; as diferentes formas de ass\u00e9dio e prote\u00e7\u00e3o \u00e0s v\u00edtimas; disseca\u00e7\u00e3o humana; as l\u00ednguas no contexto das Rela\u00e7\u00f5es Internacionais; paleografia, desafios e impactos da polui\u00e7\u00e3o por micropl\u00e1sticos, os desafios do ensino superior, internacionaliza\u00e7\u00e3o, marketing internacional, tecnologias assistivas para pessoas com defici\u00eancia, dentre outras.<\/p>\n<p>Tamb\u00e9m foi realizada, na ter\u00e7a (7) e quarta-feira (8), a 7\u00aa edi\u00e7\u00e3o do Festival de Artes e Participa\u00e7\u00e3o Social (FARPAS), evento tradicionalmente promovido no C\u00e2mpus V com tem\u00e1ticas relacionadas ao cen\u00e1rio sociocultural a partir de uma perspectiva plural e inclusiva. Nesta edi\u00e7\u00e3o, foram promovidas rodas de conversa, oficinas de produ\u00e7\u00e3o de fanzines, cord\u00e9is, xilogravura, produ\u00e7\u00e3o de audiovisual com celular, dan\u00e7as urbanas, desinforma\u00e7\u00e3o, colagem em papel, podcast, macram\u00ea, interven\u00e7\u00f5es art\u00edsticas, sess\u00f5es de cineclube, exposi\u00e7\u00f5es, espet\u00e1culos teatrais e shows musicais, dentre outras a\u00e7\u00f5es, que dialogaram com a tem\u00e1tica \u201cDa ancestralidade \u00e0 hiperconectividade\u201d.<\/p>\n\n\t\t<style type=\"text\/css\">\n\t\t\t#gallery-2 {\n\t\t\t\tmargin: auto;\n\t\t\t}\n\t\t\t#gallery-2 .gallery-item {\n\t\t\t\tfloat: left;\n\t\t\t\tmargin-top: 10px;\n\t\t\t\ttext-align: center;\n\t\t\t\twidth: 33%;\n\t\t\t}\n\t\t\t#gallery-2 img {\n\t\t\t\tborder: 2px solid #cfcfcf;\n\t\t\t}\n\t\t\t#gallery-2 .gallery-caption {\n\t\t\t\tmargin-left: 0;\n\t\t\t}\n\t\t\t\/* see gallery_shortcode() in wp-includes\/media.php *\/\n\t\t<\/style>\n\t\t<div id='gallery-2' class='gallery galleryid-10435 gallery-columns-3 gallery-size-full'><dl class='gallery-item'>\n\t\t\t<dt class='gallery-icon landscape'>\n\t\t\t\t<a href='https:\/\/centros.uepb.edu.br\/ccbsa\/files\/2023\/11\/DSC1861.png'><img loading=\"lazy\" decoding=\"async\" width=\"1200\" height=\"680\" src=\"https:\/\/centros.uepb.edu.br\/ccbsa\/files\/2023\/11\/DSC1861.png\" class=\"attachment-full size-full\" alt=\"\" srcset=\"https:\/\/centros.uepb.edu.br\/ccbsa\/files\/2023\/11\/DSC1861.png 1200w, https:\/\/centros.uepb.edu.br\/ccbsa\/files\/2023\/11\/DSC1861-300x170.png 300w, https:\/\/centros.uepb.edu.br\/ccbsa\/files\/2023\/11\/DSC1861-1120x635.png 1120w\" sizes=\"auto, (max-width: 1200px) 100vw, 1200px\" \/><\/a>\n\t\t\t<\/dt><\/dl><dl class='gallery-item'>\n\t\t\t<dt class='gallery-icon landscape'>\n\t\t\t\t<a href='https:\/\/centros.uepb.edu.br\/ccbsa\/files\/2023\/11\/DSC1737.png'><img loading=\"lazy\" decoding=\"async\" width=\"1200\" height=\"872\" src=\"https:\/\/centros.uepb.edu.br\/ccbsa\/files\/2023\/11\/DSC1737.png\" class=\"attachment-full size-full\" alt=\"\" srcset=\"https:\/\/centros.uepb.edu.br\/ccbsa\/files\/2023\/11\/DSC1737.png 1200w, https:\/\/centros.uepb.edu.br\/ccbsa\/files\/2023\/11\/DSC1737-300x218.png 300w, https:\/\/centros.uepb.edu.br\/ccbsa\/files\/2023\/11\/DSC1737-1095x796.png 1095w\" sizes=\"auto, (max-width: 1200px) 100vw, 1200px\" \/><\/a>\n\t\t\t<\/dt><\/dl><dl class='gallery-item'>\n\t\t\t<dt class='gallery-icon landscape'>\n\t\t\t\t<a href='https:\/\/centros.uepb.edu.br\/ccbsa\/files\/2023\/11\/1699497095217.png'><img loading=\"lazy\" decoding=\"async\" width=\"1200\" height=\"684\" src=\"https:\/\/centros.uepb.edu.br\/ccbsa\/files\/2023\/11\/1699497095217.png\" class=\"attachment-full size-full\" alt=\"\" srcset=\"https:\/\/centros.uepb.edu.br\/ccbsa\/files\/2023\/11\/1699497095217.png 1200w, https:\/\/centros.uepb.edu.br\/ccbsa\/files\/2023\/11\/1699497095217-300x171.png 300w, https:\/\/centros.uepb.edu.br\/ccbsa\/files\/2023\/11\/1699497095217-1120x638.png 1120w\" sizes=\"auto, (max-width: 1200px) 100vw, 1200px\" \/><\/a>\n\t\t\t<\/dt><\/dl><br style=\"clear: both\" \/><dl class='gallery-item'>\n\t\t\t<dt class='gallery-icon landscape'>\n\t\t\t\t<a href='https:\/\/centros.uepb.edu.br\/ccbsa\/files\/2023\/11\/EXPOSICAO-OFERENDA.png'><img loading=\"lazy\" decoding=\"async\" width=\"1200\" height=\"797\" src=\"https:\/\/centros.uepb.edu.br\/ccbsa\/files\/2023\/11\/EXPOSICAO-OFERENDA.png\" class=\"attachment-full size-full\" alt=\"\" srcset=\"https:\/\/centros.uepb.edu.br\/ccbsa\/files\/2023\/11\/EXPOSICAO-OFERENDA.png 1200w, https:\/\/centros.uepb.edu.br\/ccbsa\/files\/2023\/11\/EXPOSICAO-OFERENDA-300x199.png 300w, https:\/\/centros.uepb.edu.br\/ccbsa\/files\/2023\/11\/EXPOSICAO-OFERENDA-1120x744.png 1120w\" sizes=\"auto, (max-width: 1200px) 100vw, 1200px\" \/><\/a>\n\t\t\t<\/dt><\/dl><dl class='gallery-item'>\n\t\t\t<dt class='gallery-icon landscape'>\n\t\t\t\t<a href='https:\/\/centros.uepb.edu.br\/ccbsa\/files\/2023\/11\/EXPOSICAO-MARINA.png'><img loading=\"lazy\" decoding=\"async\" width=\"1200\" height=\"800\" src=\"https:\/\/centros.uepb.edu.br\/ccbsa\/files\/2023\/11\/EXPOSICAO-MARINA.png\" class=\"attachment-full size-full\" alt=\"\" srcset=\"https:\/\/centros.uepb.edu.br\/ccbsa\/files\/2023\/11\/EXPOSICAO-MARINA.png 1200w, https:\/\/centros.uepb.edu.br\/ccbsa\/files\/2023\/11\/EXPOSICAO-MARINA-300x200.png 300w, https:\/\/centros.uepb.edu.br\/ccbsa\/files\/2023\/11\/EXPOSICAO-MARINA-1120x747.png 1120w\" sizes=\"auto, (max-width: 1200px) 100vw, 1200px\" \/><\/a>\n\t\t\t<\/dt><\/dl>\n\t\t\t<br style='clear: both' \/>\n\t\t<\/div>\n\n<p>De acordo com o coordenador do Farpas, professor Henrique Fran\u00e7a, nesta 7\u00aa edi\u00e7\u00e3o a parceria com duas escolas p\u00fablicas pr\u00f3ximas ao Campus V &#8211; Escola Padre Pedro Serr\u00e3o e Escola Orlando Cavalcanti &#8211; proporcionou momentos de intera\u00e7\u00e3o, integra\u00e7\u00e3o, desafios e emo\u00e7\u00e3o com o acolhimento destes estudantes que puderam ter contato com o espa\u00e7o acad\u00eamico o que evidencia o papel social das universidades brasileiras por meio das a\u00e7\u00f5es extensionistas.<\/p>\n<p>\u201cO FARPAS \u00e9 uma a\u00e7\u00e3o de extens\u00e3o de resist\u00eancia e resili\u00eancia. Somos moldados pelos desafios &#8211; seja por uma greve geral no Pa\u00eds, como j\u00e1 enfrentamos, ou por uma pandemia global. Seguiremos fazendo o nosso melhor, por acreditar que a educa\u00e7\u00e3o liberta, que a arte eleva o esp\u00edrito e nos torna pessoas melhores. Queremos continuar fazendo do FARPAS uma a\u00e7\u00e3o de plantar sementes de coisas boas na comunidade. Estamos muito gratos por cada parceria, cada abra\u00e7o, cada palavra, cada pessoa que esteve conosco e mesmo pelas cr\u00edticas &#8211; que tamb\u00e9m nos fazem refletir e crescer. Viva o FARPAS! Viva a escola p\u00fablica brasileira! Viva a universidade p\u00fablica do Brasil!\u201d, celebra o professor Henrique.<\/p>\n<p>Neste ano o Festival realizou 40 atividades simult\u00e2neas, que ocorreram presencialmente no hall do pr\u00e9dio da Central de aulas, salas, miniaudit\u00f3rios e audit\u00f3rio do CCBSA com o envolvimento de parceiros institucionais da UEPB e da Secretaria de Estado da Cultura (Secult-PB), Associa\u00e7\u00e3o dos Docentes da Universidade Estadual da Para\u00edba (ADUEPB), Instituto Federal da Para\u00edba (IFPB), Centro Estadual de Arte da Para\u00edba (CEARTE), Escola Estadual Orlando Cavalcanti Gomes, Escola Municipal Padre Pedro Serr\u00e3o, Centro de Refer\u00eancia da Juventude do Rangel e Espa\u00e7o Oceano \u2013 Inpact Instituto de Pesquisa e A\u00e7\u00e3o.<\/p>\n<p>Tamb\u00e9m colaboraram com o evento o Centro de Estudos Avan\u00e7ados em Pol\u00edticas P\u00fablicas e Governan\u00e7a (CEAPPG) o Grupo de Educa\u00e7\u00e3o em Direitos Humanos no Sul Global (Resista), os projetos Cineclube Campus V, Comunica UEPB, Semin\u00e1rio de Saberes Arquiv\u00edsticos (SESA) e os grupos e coletivos de arte Acervo 03, Banda Digzin, Banda Margaridas em F\u00faria, Banda Musa Junkie, Banda Oxal\u00e1, Banda Tra\u00e7a de Arquivo, Coletivo Tribo Ethnos, DJ Claudinha Summer, Grupo Kayr\u00f3s de teatro e Urso Amigo Batucada. Al\u00e9m destes, diversos profissionais da \u00e1rea de audiovisual, dan\u00e7a, fotografia, cordel, macram\u00ea, dentre outras linguagens art\u00edsticas, contribu\u00edram com o Evento.<\/p>\n<p>Uma das a\u00e7\u00f5es do Farpas, a exposi\u00e7\u00e3o fotogr\u00e1fica Oferenda, de autoria da fot\u00f3grafa Marina Oliveira, segue dispon\u00edvel para visita\u00e7\u00e3o no Hall do bloco de salas de aulas do CCBSA at\u00e9 o dia 24 de novembro.<\/p>\n<p><strong>Texto:<\/strong><em> Juliana Marques<\/em><br \/>\n<strong>Fotos:<\/strong> Divulga\u00e7\u00e3o<\/p>\n","protected":false},"excerpt":{"rendered":"<p>Com a participa\u00e7\u00e3o da comunidade acad\u00eamica e escolar do entorno do C\u00e2mpus V da Universidade Estadual da Para\u00edba (UEPB), o 3\u00ba Congresso Universit\u00e1rio da UEPB consolidou-se como um espa\u00e7o de compartilhamento de saberes e viv\u00eancias sociais, culturais e cient\u00edficas que demonstram o papel da UEPB e a import\u00e2ncia dos projetos e a\u00e7\u00f5es empreendidas no cen\u00e1rio <a class=\"leiamais\" href=\"https:\/\/centros.uepb.edu.br\/ccbsa\/campus-de-joao-pessoa-reune-comunidade-academica-e-escolar-do-entorno-nas-atividades-do-congresso-universitario-da-uepb\/\">Leia Mais&#8230;<\/a><\/p>\n","protected":false},"author":8,"featured_media":10436,"comment_status":"closed","ping_status":"closed","sticky":false,"template":"","format":"standard","meta":{"footnotes":""},"categories":[3,11],"tags":[],"class_list":["post-10435","post","type-post","status-publish","format-standard","has-post-thumbnail","hentry","category-noticias","category-noticias-destaque-img"],"jetpack_featured_media_url":"https:\/\/centros.uepb.edu.br\/ccbsa\/files\/2023\/11\/DSC1785.png","_links":{"self":[{"href":"https:\/\/centros.uepb.edu.br\/ccbsa\/wp-json\/wp\/v2\/posts\/10435","targetHints":{"allow":["GET"]}}],"collection":[{"href":"https:\/\/centros.uepb.edu.br\/ccbsa\/wp-json\/wp\/v2\/posts"}],"about":[{"href":"https:\/\/centros.uepb.edu.br\/ccbsa\/wp-json\/wp\/v2\/types\/post"}],"author":[{"embeddable":true,"href":"https:\/\/centros.uepb.edu.br\/ccbsa\/wp-json\/wp\/v2\/users\/8"}],"replies":[{"embeddable":true,"href":"https:\/\/centros.uepb.edu.br\/ccbsa\/wp-json\/wp\/v2\/comments?post=10435"}],"version-history":[{"count":0,"href":"https:\/\/centros.uepb.edu.br\/ccbsa\/wp-json\/wp\/v2\/posts\/10435\/revisions"}],"wp:featuredmedia":[{"embeddable":true,"href":"https:\/\/centros.uepb.edu.br\/ccbsa\/wp-json\/wp\/v2\/media\/10436"}],"wp:attachment":[{"href":"https:\/\/centros.uepb.edu.br\/ccbsa\/wp-json\/wp\/v2\/media?parent=10435"}],"wp:term":[{"taxonomy":"category","embeddable":true,"href":"https:\/\/centros.uepb.edu.br\/ccbsa\/wp-json\/wp\/v2\/categories?post=10435"},{"taxonomy":"post_tag","embeddable":true,"href":"https:\/\/centros.uepb.edu.br\/ccbsa\/wp-json\/wp\/v2\/tags?post=10435"}],"curies":[{"name":"wp","href":"https:\/\/api.w.org\/{rel}","templated":true}]}}