{"id":10414,"date":"2023-10-31T18:02:48","date_gmt":"2023-10-31T18:02:48","guid":{"rendered":"https:\/\/centros.uepb.edu.br\/ccbsa\/?p=10414"},"modified":"2023-11-09T15:04:22","modified_gmt":"2023-11-09T15:04:22","slug":"congresso-universitario-da-uepb-reune-diversas-atividades-no-campus-v-voltadas-a-comunidade-academica-e-populacao-em-geral","status":"publish","type":"post","link":"https:\/\/centros.uepb.edu.br\/ccbsa\/congresso-universitario-da-uepb-reune-diversas-atividades-no-campus-v-voltadas-a-comunidade-academica-e-populacao-em-geral\/","title":{"rendered":"Congresso Universit\u00e1rio da UEPB re\u00fane diversas atividades no C\u00e2mpus V voltadas \u00e0 comunidade acad\u00eamica e popula\u00e7\u00e3o em geral"},"content":{"rendered":"<p><a href=\"https:\/\/centros.uepb.edu.br\/ccbsa\/files\/2023\/10\/Noticias-02.jpg\"><img loading=\"lazy\" decoding=\"async\" class=\"aligncenter size-full wp-image-10418 img-responsive\" src=\"https:\/\/centros.uepb.edu.br\/ccbsa\/files\/2023\/10\/Noticias-02.jpg\" alt=\"\" width=\"1200\" height=\"680\" srcset=\"https:\/\/centros.uepb.edu.br\/ccbsa\/files\/2023\/10\/Noticias-02.jpg 1200w, https:\/\/centros.uepb.edu.br\/ccbsa\/files\/2023\/10\/Noticias-02-300x170.jpg 300w, https:\/\/centros.uepb.edu.br\/ccbsa\/files\/2023\/10\/Noticias-02-1120x635.jpg 1120w\" sizes=\"auto, (max-width: 1200px) 100vw, 1200px\" \/><\/a><\/p>\n<p>Minicursos, oficinas, apresenta\u00e7\u00f5es de trabalhos, palestras, mesas de debate, atividades culturais, essas s\u00e3o algumas das atividades que ser\u00e3o promovidas durante o 3\u00ba Congresso da Universidade Estadual da Para\u00edba (UEPB), que em 2023 ocorre entre os dias 6 e 10 de novembro de forma descentralizada e h\u00edbrida. O evento re\u00fane atividades de ensino, pesquisa e extens\u00e3o em diversas \u00e1reas e voltadas a discentes, docentes, categoria t\u00e9cnica-administrativa e comunidade em geral.<\/p>\n<p>A terceira edi\u00e7\u00e3o do Congresso Universit\u00e1rio \u00e9 promovida, de forma colaborativa, pelas pro-reitorias de Ensino, Pesquisa, Extens\u00e3o e Estudantil, Diret\u00f3rio Central dos Estudantes (DCE) e representa\u00e7\u00f5es de cada centro da UEPB. Esta iniciativa busca oportunizar o compartilhamento de saberes, debates e discuss\u00f5es enriquecedoras nas v\u00e1rias \u00e1reas do conhecimento dando visibilidade \u00e0 produ\u00e7\u00e3o acad\u00eamica, cient\u00edfica e cultural.<\/p>\n<p>Comp\u00f5em a programa\u00e7\u00e3o do Congresso no C\u00e2mpus V atividades com tem\u00e1ticas relacionadas ao desenvolvimento sustent\u00e1vel na Amaz\u00f4nia; as diferentes formas de ass\u00e9dio e prote\u00e7\u00e3o \u00e0s v\u00edtimas; os muros do mundo contempor\u00e2neo; disseca\u00e7\u00e3o humana; as l\u00ednguas no contexto das Rela\u00e7\u00f5es Internacionais; paleografia, desafios e impactos da polui\u00e7\u00e3o por micropl\u00e1sticos, dentre outras.<\/p>\n<p>Al\u00e9m da programa\u00e7\u00e3o espec\u00edfica promovida no C\u00e2mpus V, durante o Congresso ser\u00e3o realizados o 30\u00ba Encontro de Inicia\u00e7\u00e3o Cient\u00edfica (ENIC), o 7\u00ba Semin\u00e1rio de Extens\u00e3o (SEMEX), o 9\u00ba Encontro de Inicia\u00e7\u00e3o \u00e0 Doc\u00eancia (ENID), a Mostra de Est\u00e1gio supervisionado, palestras, dentre outras atividades que ser\u00e3o transmitidas pelo canal da UEPB no YouTube.<\/p>\n<p>O diretor do Centro de Ci\u00eancias Biol\u00f3gicas e Sociais Aplicadas (CCBSA) da UEPB, professor Cleber Salimon, pontuou os diferenciais desta 3\u00aa edi\u00e7\u00e3o do Congresso Universit\u00e1rio da UEPB e as tem\u00e1ticas contempladas nas diversas atividades que ocorrer\u00e3o durante o Evento.<\/p>\n<p>\u201cA descentraliza\u00e7\u00e3o do Evento permite que cada C\u00e2mpus, al\u00e9m de participar das atividades gerais, como ENIC, ENID, SEMEX entre outros, possam tamb\u00e9m incluir seus eventos pr\u00f3prios e emblem\u00e1ticos, como temos aqui no Campus V, o FARPAS. Esta descentraliza\u00e7\u00e3o, como tudo na primeira vez, trouxe alguns percal\u00e7os e atrasos, mas o ganho de fazermos um evento nesta modalidade \u00e9 muito grande e temos capacidade de superar as dificuldades iniciais. Aqui no C\u00e2mpus V teremos v\u00e1rias atividades, abordando v\u00e1rios temas como ass\u00e9dio, sa\u00fade, ancestralidade e hiperconectividade, desafios do ensino superior, contemporaneidade do mundo e outras quest\u00f5es internacionais. Ser\u00e3o cinco dias de muitas atividades, inclusive com m\u00fasica ao vivo e DJs. \u00c9 uma \u00f3tima oportunidade para estudantes, t\u00e9cnicos e docentes terem viv\u00eancias acad\u00eamicas que extrapolem o cotidiano\u201d, avalia o professor Cleber.<\/p>\n<p><a href=\"https:\/\/centros.uepb.edu.br\/ccbsa\/files\/2023\/10\/FARPAS-2023.png\"><img loading=\"lazy\" decoding=\"async\" class=\"aligncenter size-full wp-image-10415 img-responsive\" src=\"https:\/\/centros.uepb.edu.br\/ccbsa\/files\/2023\/10\/FARPAS-2023.png\" alt=\"\" width=\"1200\" height=\"680\" srcset=\"https:\/\/centros.uepb.edu.br\/ccbsa\/files\/2023\/10\/FARPAS-2023.png 1200w, https:\/\/centros.uepb.edu.br\/ccbsa\/files\/2023\/10\/FARPAS-2023-300x170.png 300w, https:\/\/centros.uepb.edu.br\/ccbsa\/files\/2023\/10\/FARPAS-2023-1120x635.png 1120w\" sizes=\"auto, (max-width: 1200px) 100vw, 1200px\" \/><\/a><\/p>\n<p><strong>Farpas<\/strong><\/p>\n<p>Com a\u00e7\u00f5es diversificadas que buscam apresentar tem\u00e1ticas relacionadas ao cen\u00e1rio sociocultural a partir de uma perspectiva plural e inclusiva, que \u00e9 a marca do evento, a 7\u00aa edi\u00e7\u00e3o do Festival de Artes e Participa\u00e7\u00e3o Social (FARPAS) ser\u00e1 realizada como parte da programa\u00e7\u00e3o do Congresso Universit\u00e1rio da UEPB, e em 2023 dialoga com a tem\u00e1tica \u201cDa ancestralidade \u00e0 hiperconectividade\u201d.<\/p>\n<p>Comp\u00f5em a programa\u00e7\u00e3o do Farpas rodas de conversa; oficinas de produ\u00e7\u00e3o de fanzines, cord\u00e9is, xilogravura, produ\u00e7\u00e3o de audiovisual com celular, dan\u00e7as urbanas, desinforma\u00e7\u00e3o, colagem em papel, podcast, macram\u00ea; interven\u00e7\u00f5es art\u00edsticas; sess\u00f5es de cineclube; exposi\u00e7\u00f5es; espet\u00e1culos teatrais e shows musicais, dentre outras a\u00e7\u00f5es.<\/p>\n<p>De acordo com o idealizador e organizador geral do Farpas, professor Henrique Fran\u00e7a, neste ano o Festival realiza 40 atividades simult\u00e2neas, o que faz com que se torne um desafio gerenciar a\u00e7\u00f5es, convidados e participantes. O docente tamb\u00e9m destaca que neste ano a comunidade de duas escolas p\u00fablicas do entorno do CCBSA participa das rodas de conversa, oficinas e demais atividades e apresenta espet\u00e1culos para o palco do Farpas. Professor Henrique celebra a realiza\u00e7\u00e3o de mais uma edi\u00e7\u00e3o deste Evento que est\u00e1 consolidado no calend\u00e1rio institucional.<\/p>\n<p>\u201c\u00c9 gratificante ver o nosso C\u00e2mpus pulsando encontros, afetos, inquieta\u00e7\u00f5es, aprendizagens. A equipe de organiza\u00e7\u00e3o est\u00e1 trabalhando muito para que tudo fique o mais vibrante, divertido e marcante poss\u00edvel. Por isso, queremos convidar estudantes, docentes, t\u00e9cnicas e todo o pessoal terceirizado do Campus V a estar conosco nessa celebra\u00e7\u00e3o do aprendizado, da viv\u00eancia acad\u00eamica e da transforma\u00e7\u00e3o social pela a\u00e7\u00e3o. Importante dizer: mesmo quem n\u00e3o conseguir fazer inscri\u00e7\u00e3o antecipada deve vir ao Farpas. haver\u00e1 lugar para todas as pessoas que vierem celebrar conosco\u201d, convida o professor Henrique.<\/p>\n<p>Para a bolsista do Farpas, a estudante de Rela\u00e7\u00f5es Internacionais Safira Luz, testemunhar o crescimento cont\u00ednuo do Festival e ver as ideias se concretizando \u00e9 gratificante. A discente aguarda com expectativa o in\u00edcio desta edi\u00e7\u00e3o do Evento.<\/p>\n<p>\u201cEsta \u00e9 a minha segunda edi\u00e7\u00e3o envolvida, e a cada vez fico maravilhada com a riqueza da cultura que o Festival oferece. O FARPAS tem a habilidade \u00fanica de abordar conte\u00fado s\u00e9rio utilizando a linguagem da arte, tornando-o acess\u00edvel a uma ampla audi\u00eancia. Estou ansiosa e cheia de expectativas para a s\u00e9tima edi\u00e7\u00e3o do Festival FARPAS, na esperan\u00e7a de que toda a comunidade se envolva de maneira profunda e significativa. Ser\u00e1, sem d\u00favida, um evento memor\u00e1vel, repleto de di\u00e1logos instigantes e manifesta\u00e7\u00f5es art\u00edsticas impactantes\u201d, declara Safira.<\/p>\n<p>As atividades ocorrem presencialmente no hall do pr\u00e9dio da Central de aulas, salas, miniaudit\u00f3rios e audit\u00f3rios do CCBSA. As inscri\u00e7\u00f5es ocorrem de forma presencial no C\u00e2mpus V junto \u00e0 comiss\u00e3o organizadora do evento.<\/p>\n<p><strong>Outras informa\u00e7\u00f5es:<\/strong> farpascomunicacao@gmail.com \/ Instagram: @farpas.uepb<\/p>\n<p>Acesse a programa\u00e7\u00e3o completa do Congresso da UEPB no C\u00e2mpus V <a href=\"https:\/\/sites.google.com\/servidor.uepb.edu.br\/ccbsa-congresso23\/programa%C3%A7%C3%A3o?authuser=0\">aqui<\/a>.<\/p>\n<p><strong>Texto:<\/strong> <em>Juliana Marques<\/em><\/p>\n","protected":false},"excerpt":{"rendered":"<p>Minicursos, oficinas, apresenta\u00e7\u00f5es de trabalhos, palestras, mesas de debate, atividades culturais, essas s\u00e3o algumas das atividades que ser\u00e3o promovidas durante o 3\u00ba Congresso da Universidade Estadual da Para\u00edba (UEPB), que em 2023 ocorre entre os dias 6 e 10 de novembro de forma descentralizada e h\u00edbrida. O evento re\u00fane atividades de ensino, pesquisa e extens\u00e3o <a class=\"leiamais\" href=\"https:\/\/centros.uepb.edu.br\/ccbsa\/congresso-universitario-da-uepb-reune-diversas-atividades-no-campus-v-voltadas-a-comunidade-academica-e-populacao-em-geral\/\">Leia Mais&#8230;<\/a><\/p>\n","protected":false},"author":8,"featured_media":10418,"comment_status":"closed","ping_status":"closed","sticky":false,"template":"","format":"standard","meta":{"footnotes":""},"categories":[3,11],"tags":[],"class_list":["post-10414","post","type-post","status-publish","format-standard","has-post-thumbnail","hentry","category-noticias","category-noticias-destaque-img"],"jetpack_featured_media_url":"https:\/\/centros.uepb.edu.br\/ccbsa\/files\/2023\/10\/Noticias-02.jpg","_links":{"self":[{"href":"https:\/\/centros.uepb.edu.br\/ccbsa\/wp-json\/wp\/v2\/posts\/10414","targetHints":{"allow":["GET"]}}],"collection":[{"href":"https:\/\/centros.uepb.edu.br\/ccbsa\/wp-json\/wp\/v2\/posts"}],"about":[{"href":"https:\/\/centros.uepb.edu.br\/ccbsa\/wp-json\/wp\/v2\/types\/post"}],"author":[{"embeddable":true,"href":"https:\/\/centros.uepb.edu.br\/ccbsa\/wp-json\/wp\/v2\/users\/8"}],"replies":[{"embeddable":true,"href":"https:\/\/centros.uepb.edu.br\/ccbsa\/wp-json\/wp\/v2\/comments?post=10414"}],"version-history":[{"count":0,"href":"https:\/\/centros.uepb.edu.br\/ccbsa\/wp-json\/wp\/v2\/posts\/10414\/revisions"}],"wp:featuredmedia":[{"embeddable":true,"href":"https:\/\/centros.uepb.edu.br\/ccbsa\/wp-json\/wp\/v2\/media\/10418"}],"wp:attachment":[{"href":"https:\/\/centros.uepb.edu.br\/ccbsa\/wp-json\/wp\/v2\/media?parent=10414"}],"wp:term":[{"taxonomy":"category","embeddable":true,"href":"https:\/\/centros.uepb.edu.br\/ccbsa\/wp-json\/wp\/v2\/categories?post=10414"},{"taxonomy":"post_tag","embeddable":true,"href":"https:\/\/centros.uepb.edu.br\/ccbsa\/wp-json\/wp\/v2\/tags?post=10414"}],"curies":[{"name":"wp","href":"https:\/\/api.w.org\/{rel}","templated":true}]}}