{"id":1041,"date":"2013-10-21T14:46:23","date_gmt":"2013-10-21T14:46:23","guid":{"rendered":"\/ccbsa\/?p=1041"},"modified":"2013-10-21T14:49:46","modified_gmt":"2013-10-21T14:49:46","slug":"pro-reitoria-de-graduacao-visita-ccbsa-para-apresentar-a-nova-estrutura-e-discutir-reestruturacao","status":"publish","type":"post","link":"https:\/\/centros.uepb.edu.br\/ccbsa\/pro-reitoria-de-graduacao-visita-ccbsa-para-apresentar-a-nova-estrutura-e-discutir-reestruturacao\/","title":{"rendered":"Pro-Reitoria de Gradua\u00e7\u00e3o visita CCBSA para apresentar a nova estrutura e discutir reestrutura\u00e7\u00e3o"},"content":{"rendered":"<p><a href=\"http:\/\/centros.ascom.uepb.edu.br\/ccbsa\/files\/2013\/10\/DSC04332.jpg\"><img loading=\"lazy\" decoding=\"async\" class=\"alignleft size-thumbnail wp-image-1042 img-responsive\" alt=\"DSC04332\" src=\"http:\/\/centros.ascom.uepb.edu.br\/ccbsa\/files\/2013\/10\/DSC04332-150x150.jpg\" width=\"150\" height=\"150\" \/><\/a>A Pro-Reitoria de Gradua\u00e7\u00e3o da Universidade Estadual da Para\u00edba est\u00e1 visitando todos os Centros que integram a institui\u00e7\u00e3o, com o intuito de apresentar a nova estrutura do setor e discutir o projeto de reestrutura\u00e7\u00e3o da gradua\u00e7\u00e3o da UEPB. Nesta segunda-feira (21) o pro-reitor de Gradua\u00e7\u00e3o, professor Eli Brand\u00e3o, esteve no Centro de Ci\u00eancias Biol\u00f3gicas e Sociais Aplicadas, em Jo\u00e3o Pessoa, ap\u00f3s ter passado por Catol\u00e9 do Rocha, Monteiro e Patos. Nos pr\u00f3ximos dias ser\u00e3o visitados os demais centros da UEPB.<\/p>\n<p>Ap\u00f3s os ajustes realizados pela UEPB na estrutura organizacional e diante da nova realidade da institui\u00e7\u00e3o, permeada por um cen\u00e1rio de internacionaliza\u00e7\u00e3o, tecnologias da informa\u00e7\u00e3o e transforma\u00e7\u00f5es que interferem na perspectiva do ensino, a pro-reitoria de Gradua\u00e7\u00e3o resolveu discutir junto aos coordenadores de cursos da UEPB formas de aperfei\u00e7oar as estruturas internas da gradua\u00e7\u00e3o. \u201cA ideia \u00e9 que cada curso crie uma estrutura pr\u00f3pria articulada a um projeto de desenvolvimento na busca pela excel\u00eancia das nossas gradua\u00e7\u00f5es\u201d, destacou o docente.<\/p>\n<p>Foram discutidas quest\u00f5es relacionadas \u00e0 carga hor\u00e1ria dos cursos, projetos pedag\u00f3gicos, entre outras. Ap\u00f3s a discuss\u00e3o iniciada pela PROGRAD ser\u00e1 formada uma comiss\u00e3o com representantes de cada centro para sistematizar essas reformula\u00e7\u00f5es numa resolu\u00e7\u00e3o que ser\u00e1 encaminhada ao CONSEPE.<\/p>\n","protected":false},"excerpt":{"rendered":"<p>A Pro-Reitoria de Gradua\u00e7\u00e3o da Universidade Estadual da Para\u00edba est\u00e1 visitando todos os Centros que integram a institui\u00e7\u00e3o, com o intuito de apresentar a nova estrutura do setor e discutir o projeto de reestrutura\u00e7\u00e3o da gradua\u00e7\u00e3o da UEPB. Nesta segunda-feira (21) o pro-reitor de Gradua\u00e7\u00e3o, professor Eli Brand\u00e3o, esteve no Centro de Ci\u00eancias Biol\u00f3gicas e <a class=\"leiamais\" href=\"https:\/\/centros.uepb.edu.br\/ccbsa\/pro-reitoria-de-graduacao-visita-ccbsa-para-apresentar-a-nova-estrutura-e-discutir-reestruturacao\/\">Leia Mais&#8230;<\/a><\/p>\n","protected":false},"author":8,"featured_media":0,"comment_status":"open","ping_status":"open","sticky":false,"template":"","format":"standard","meta":{"footnotes":""},"categories":[3,5],"tags":[],"class_list":["post-1041","post","type-post","status-publish","format-standard","hentry","category-noticias","category-visiveis"],"jetpack_featured_media_url":"","_links":{"self":[{"href":"https:\/\/centros.uepb.edu.br\/ccbsa\/wp-json\/wp\/v2\/posts\/1041","targetHints":{"allow":["GET"]}}],"collection":[{"href":"https:\/\/centros.uepb.edu.br\/ccbsa\/wp-json\/wp\/v2\/posts"}],"about":[{"href":"https:\/\/centros.uepb.edu.br\/ccbsa\/wp-json\/wp\/v2\/types\/post"}],"author":[{"embeddable":true,"href":"https:\/\/centros.uepb.edu.br\/ccbsa\/wp-json\/wp\/v2\/users\/8"}],"replies":[{"embeddable":true,"href":"https:\/\/centros.uepb.edu.br\/ccbsa\/wp-json\/wp\/v2\/comments?post=1041"}],"version-history":[{"count":0,"href":"https:\/\/centros.uepb.edu.br\/ccbsa\/wp-json\/wp\/v2\/posts\/1041\/revisions"}],"wp:attachment":[{"href":"https:\/\/centros.uepb.edu.br\/ccbsa\/wp-json\/wp\/v2\/media?parent=1041"}],"wp:term":[{"taxonomy":"category","embeddable":true,"href":"https:\/\/centros.uepb.edu.br\/ccbsa\/wp-json\/wp\/v2\/categories?post=1041"},{"taxonomy":"post_tag","embeddable":true,"href":"https:\/\/centros.uepb.edu.br\/ccbsa\/wp-json\/wp\/v2\/tags?post=1041"}],"curies":[{"name":"wp","href":"https:\/\/api.w.org\/{rel}","templated":true}]}}