{"id":10404,"date":"2023-10-31T13:44:32","date_gmt":"2023-10-31T13:44:32","guid":{"rendered":"https:\/\/centros.uepb.edu.br\/ccbsa\/?p=10404"},"modified":"2023-10-31T13:44:32","modified_gmt":"2023-10-31T13:44:32","slug":"projetos-desenvolvidos-pela-uepb-promovem-cultura-de-paz-e-transformacao-da-violencia-estrutural-nas-comunidades","status":"publish","type":"post","link":"https:\/\/centros.uepb.edu.br\/ccbsa\/projetos-desenvolvidos-pela-uepb-promovem-cultura-de-paz-e-transformacao-da-violencia-estrutural-nas-comunidades\/","title":{"rendered":"Projetos desenvolvidos pela UEPB promovem cultura de paz e transforma\u00e7\u00e3o da viol\u00eancia estrutural nas comunidades"},"content":{"rendered":"\n\t\t<style type=\"text\/css\">\n\t\t\t#gallery-1 {\n\t\t\t\tmargin: auto;\n\t\t\t}\n\t\t\t#gallery-1 .gallery-item {\n\t\t\t\tfloat: left;\n\t\t\t\tmargin-top: 10px;\n\t\t\t\ttext-align: center;\n\t\t\t\twidth: 33%;\n\t\t\t}\n\t\t\t#gallery-1 img {\n\t\t\t\tborder: 2px solid #cfcfcf;\n\t\t\t}\n\t\t\t#gallery-1 .gallery-caption {\n\t\t\t\tmargin-left: 0;\n\t\t\t}\n\t\t\t\/* see gallery_shortcode() in wp-includes\/media.php *\/\n\t\t<\/style>\n\t\t<div id='gallery-1' class='gallery galleryid-10404 gallery-columns-3 gallery-size-full'><dl class='gallery-item'>\n\t\t\t<dt class='gallery-icon portrait'>\n\t\t\t\t<a href='https:\/\/centros.uepb.edu.br\/ccbsa\/files\/2023\/10\/Projeto-Cultura-da-Paz-01-225x300-1.jpeg'><img loading=\"lazy\" decoding=\"async\" width=\"225\" height=\"300\" src=\"https:\/\/centros.uepb.edu.br\/ccbsa\/files\/2023\/10\/Projeto-Cultura-da-Paz-01-225x300-1.jpeg\" class=\"attachment-full size-full\" alt=\"\" \/><\/a>\n\t\t\t<\/dt><\/dl><dl class='gallery-item'>\n\t\t\t<dt class='gallery-icon landscape'>\n\t\t\t\t<a href='https:\/\/centros.uepb.edu.br\/ccbsa\/files\/2023\/10\/Projeto-Cultura-da-Paz-02-2048x1365-1.jpeg'><img loading=\"lazy\" decoding=\"async\" width=\"2048\" height=\"1365\" src=\"https:\/\/centros.uepb.edu.br\/ccbsa\/files\/2023\/10\/Projeto-Cultura-da-Paz-02-2048x1365-1.jpeg\" class=\"attachment-full size-full\" alt=\"\" srcset=\"https:\/\/centros.uepb.edu.br\/ccbsa\/files\/2023\/10\/Projeto-Cultura-da-Paz-02-2048x1365-1.jpeg 2048w, https:\/\/centros.uepb.edu.br\/ccbsa\/files\/2023\/10\/Projeto-Cultura-da-Paz-02-2048x1365-1-300x200.jpeg 300w, https:\/\/centros.uepb.edu.br\/ccbsa\/files\/2023\/10\/Projeto-Cultura-da-Paz-02-2048x1365-1-1536x1024.jpeg 1536w, https:\/\/centros.uepb.edu.br\/ccbsa\/files\/2023\/10\/Projeto-Cultura-da-Paz-02-2048x1365-1-1120x746.jpeg 1120w\" sizes=\"auto, (max-width: 2048px) 100vw, 2048px\" \/><\/a>\n\t\t\t<\/dt><\/dl><dl class='gallery-item'>\n\t\t\t<dt class='gallery-icon landscape'>\n\t\t\t\t<a href='https:\/\/centros.uepb.edu.br\/ccbsa\/files\/2023\/10\/IMG_6403.png'><img loading=\"lazy\" decoding=\"async\" width=\"1200\" height=\"680\" src=\"https:\/\/centros.uepb.edu.br\/ccbsa\/files\/2023\/10\/IMG_6403.png\" class=\"attachment-full size-full\" alt=\"\" srcset=\"https:\/\/centros.uepb.edu.br\/ccbsa\/files\/2023\/10\/IMG_6403.png 1200w, https:\/\/centros.uepb.edu.br\/ccbsa\/files\/2023\/10\/IMG_6403-300x170.png 300w, https:\/\/centros.uepb.edu.br\/ccbsa\/files\/2023\/10\/IMG_6403-1120x635.png 1120w\" sizes=\"auto, (max-width: 1200px) 100vw, 1200px\" \/><\/a>\n\t\t\t<\/dt><\/dl><br style=\"clear: both\" \/>\n\t\t<\/div>\n\n<p>Com uma perspectiva que une as vertentes de ensino, pesquisa e extens\u00e3o, estudantes e docentes dos cursos de gradua\u00e7\u00e3o e p\u00f3s-gradua\u00e7\u00e3o em Rela\u00e7\u00f5es Internacionais da Universidade Estadual da Para\u00edba (UEPB) t\u00eam atuado com projetos e interven\u00e7\u00f5es que buscam disseminar a cultura de paz e a transforma\u00e7\u00e3o da viol\u00eancia estrutural como caminhos para enfrentamento de viol\u00eancias e desigualdades sociais em comunidades.<\/p>\n<p>Recentemente, diante de casos como o ataque a tiros em uma escola de S\u00e3o Paulo, no qual um jovem de 16 anos atingiu uma estudante a tiros, que foi morta, e feriu outras tr\u00eas pessoas, trabalhos como o do Grupo de Estudos de Paz e Seguran\u00e7a Mundial da UEPB (GEPASM) evidenciam a import\u00e2ncia de apresentar alternativas para esse tipo de problem\u00e1tica a partir de bases te\u00f3ricas de pensadores como Johan Galtung, Paulo Freire, John Lederach, Augusto Boal, Gandhi, que partem do entendimento que a preven\u00e7\u00e3o e o enfrentamento de situa\u00e7\u00f5es como essa s\u00f3 ocorrem com a constru\u00e7\u00e3o de uma cultura de paz, \u00e9 o que ressalta o professor Paulo Kuhlmann.<\/p>\n<p>\u201cH\u00e1 duas formas de lidar com estes ataques \u00e0s escolas: com viol\u00eancia e controle, ou seja, mais policiamento, mais c\u00e2meras, catracas, cercas, muros, ou, por meio do desenvolvimento de uma cultura de paz. A primeira op\u00e7\u00e3o n\u00e3o d\u00e1 conta e cria mais medo e inseguran\u00e7a. \u00c9 preciso conectar e cuidar das pessoas, pois, quando h\u00e1 amor e cuidado, tudo muda\u201d, avalia o professor Paulo.<\/p>\n<p>om essa perspectiva, o professor Paulo Kuhlmann tem orientado alguns estudos como as pesquisas \u201cJornalismo para a Paz como pr\u00e1tica transformadora da Viol\u00eancia Estrutural\u201d e \u201cConstru\u00e7\u00e3o da Paz por meio do arte-ativismo: uma etnografia dos exemplos comunit\u00e1rios no bairro Rangel\u201d, executados, respectivamente, pelas estudantes de Rela\u00e7\u00f5es Internacionais Giulia Mendon\u00e7a e Maria Fernanda Silvestre. Essas iniciativas dialogam com as atividades do Projeto de Extens\u00e3o Universidade em A\u00e7\u00e3o (PUA) realizadas junto \u00e0 Comunidade do Rangel com o objetivo de impactar positivamente por meio dos m\u00fatuos la\u00e7os e afetos criados entre o grupo da UEPB, os integrantes do ala ursa Urso Amigo Batucada e todos que frequentam o Centro de Refer\u00eancia da Juventude (CRJ) do Rangel, que transformaram e possibilitaram a pesquisa.<\/p>\n<p>Um dos resultados dessas a\u00e7\u00f5es \u00e9 o document\u00e1rio produzido pela estudante Giulia Mendon\u00e7a sobre o Urso Amigo Batucada com o objetivo de apresentar uma nova vis\u00e3o a respeito das comunidades perif\u00e9ricas. \u201c\u00c9 necess\u00e1rio desmistificar muitas das imagens que s\u00e3o pr\u00e9-concebidas no nosso imagin\u00e1rio, a partir de uma reflex\u00e3o sobre a sociedade em que vivemos. A mudan\u00e7a de olhar n\u00e3o s\u00f3 desmistifica, como nos faz perceber que algumas cobran\u00e7as socialmente direcionadas \u00e0s comunidades devem ser feitas aos governos municipais \u2013 a exemplo disso, n\u00e3o devemos culpabilizar comunidades perif\u00e9ricas pelo surgimento de fac\u00e7\u00f5es, crime organizado, tr\u00e1fico e pela viol\u00eancia exacerbada em seus c\u00edrculos sociais, visto que tais acontecimentos nascem da falta de pol\u00edtica p\u00fablica, de direcionamento de investimentos p\u00fablicos em educa\u00e7\u00e3o, sa\u00fade, infraestrutura, e de oportunidade de empregos. Precisamos ter mais contato com iniciativas positivas e construtivas dentro de comunidades perif\u00e9ricas, para que possamos quebrar esses estigmas\u201d, evidencia Giulia.<\/p>\n<p>A equipe de pesquisa e extens\u00e3o da UEPB esclarece que estas a\u00e7\u00f5es buscam conceber as Rela\u00e7\u00f5es Internacionais por meio da constru\u00e7\u00e3o efetiva da paz em comunidades socialmente estigmatizadas, marginalizadas e muitas vezes desassistidas no Brasil. Dessa forma, desenvolve-se a compreens\u00e3o de que os conflitos tratados nas aulas e discuss\u00f5es acad\u00eamicas nascem no cen\u00e1rio micro, e ao n\u00e3o terem sua resolu\u00e7\u00e3o e transforma\u00e7\u00e3o efetiva, crescem, transformando-se em guerras que matam e ferem a integridade de civis, como tamb\u00e9m, desrespeitam \u2013 quase sempre \u2013 os Direitos Humanos e Humanit\u00e1rios, e o Direito Internacional.<\/p>\n<p>Diante dessas experi\u00eancias, o professor Paulo Kuhlmann foi convidado a ministrar, no dia 20 de outubro, a confer\u00eancia \u201cJusti\u00e7a restaurativa e cultura de paz\u201d, como parte da programa\u00e7\u00e3o do Semin\u00e1rio \u201cJusti\u00e7a Restaurativa: Redes e Articula\u00e7\u00f5es na Para\u00edba\u201d que reuniu na Universidade Federal da Para\u00edba profissionais e institui\u00e7\u00f5es que atuam com Justi\u00e7a Restaurativa na Para\u00edba, especialmente nas \u00e1reas da educa\u00e7\u00e3o e socioeduca\u00e7\u00e3o. Na oportunidade, o docente p\u00f4de compartilhar suas experi\u00eancias e estudos com foco nessa tem\u00e1tica.<\/p>\n<p>\u201cEu trabalho com isso h\u00e1 muito tempo, desde 2015. Porque percebi que precisava de ferramentas para trabalhar a viol\u00eancia nas escolas. E a\u00ed fomos estudar. Praticamente, todas as pessoas que estavam ali, as que trabalham h\u00e1 mais tempo, eu conhecia. O duro \u00e9 que tudo isso deveria ser tornado pol\u00edtica p\u00fablica. Isso \u00e9 que evitaria situa\u00e7\u00f5es como os ataques armados nas escolas. Mas a viol\u00eancia nas escolas \u00e9 muito anterior a isso. Por condi\u00e7\u00f5es ruins de trabalho para os professores, salas inapropriadas, muita evas\u00e3o escolar, por exemplo. Tudo isso acaba gerando jovens desiludidos e que come\u00e7am a trabalhar muito cedo ou praticam infra\u00e7\u00f5es penais. Al\u00e9m disso, o sistema n\u00e3o recupera ningu\u00e9m, ou muito pouco. Ent\u00e3o a gente busca fazer as crian\u00e7as e jovens pensarem em criar conex\u00f5es com os amigos, a se preocuparem com as emo\u00e7\u00f5es e a cuidarem umas das outras, esse \u00e9 nosso foco\u201d, explica o professor Paulo.<\/p>\n<p>O GEPASM o Projeto PUA re\u00fanem graduandos, mestrandos e egressos de Rela\u00e7\u00f5es Internacionais da UEPB e pesquisadores de Institui\u00e7\u00f5es parceiras para o desenvolvimento de estudos de paz (paz positiva e negativa, emancipa\u00e7\u00e3o, preven\u00e7\u00e3o de conflitos, resolu\u00e7\u00e3o e transforma\u00e7\u00e3o de conflitos), al\u00e9m do aperfei\u00e7oamento de ferramentas preventivas de constru\u00e7\u00e3o de paz (c\u00edrculo de di\u00e1logo, emancipa\u00e7\u00e3o por meio da arte e da cultura, dentre outras) e ferramentas de resolu\u00e7\u00e3o e transforma\u00e7\u00e3o de conflitos (media\u00e7\u00e3o, justi\u00e7a restaurativa), por meio de projetos, simula\u00e7\u00f5es e a\u00e7\u00f5es na comunidade.<\/p>\n<p>Ambas as iniciativas possibilitam a integra\u00e7\u00e3o entre os tr\u00eas pilares da universidade p\u00fablica: a promo\u00e7\u00e3o de ensino de qualidade, combinada com pesquisas acad\u00eamicas de impacto social e, a partir destes, a constru\u00e7\u00e3o do terceiro pilar: a extens\u00e3o que aproxima Universidade e sociedade possibilitando a atua\u00e7\u00e3o pr\u00e1ticas de uma ci\u00eancia libertadora.<\/p>\n<p><em><strong>Texto:<\/strong>\u00a0Juliana Marques<\/em><br \/>\n<em><strong>Fotos:<\/strong>\u00a0Divulga\u00e7\u00e3o<\/em><\/p>\n","protected":false},"excerpt":{"rendered":"<p>Com uma perspectiva que une as vertentes de ensino, pesquisa e extens\u00e3o, estudantes e docentes dos cursos de gradua\u00e7\u00e3o e p\u00f3s-gradua\u00e7\u00e3o em Rela\u00e7\u00f5es Internacionais da Universidade Estadual da Para\u00edba (UEPB) t\u00eam atuado com projetos e interven\u00e7\u00f5es que buscam disseminar a cultura de paz e a transforma\u00e7\u00e3o da viol\u00eancia estrutural como caminhos para enfrentamento de viol\u00eancias <a class=\"leiamais\" href=\"https:\/\/centros.uepb.edu.br\/ccbsa\/projetos-desenvolvidos-pela-uepb-promovem-cultura-de-paz-e-transformacao-da-violencia-estrutural-nas-comunidades\/\">Leia Mais&#8230;<\/a><\/p>\n","protected":false},"author":8,"featured_media":10405,"comment_status":"closed","ping_status":"closed","sticky":false,"template":"","format":"standard","meta":{"footnotes":""},"categories":[3,11],"tags":[],"class_list":["post-10404","post","type-post","status-publish","format-standard","has-post-thumbnail","hentry","category-noticias","category-noticias-destaque-img"],"jetpack_featured_media_url":"https:\/\/centros.uepb.edu.br\/ccbsa\/files\/2023\/10\/IMG_6403.png","_links":{"self":[{"href":"https:\/\/centros.uepb.edu.br\/ccbsa\/wp-json\/wp\/v2\/posts\/10404","targetHints":{"allow":["GET"]}}],"collection":[{"href":"https:\/\/centros.uepb.edu.br\/ccbsa\/wp-json\/wp\/v2\/posts"}],"about":[{"href":"https:\/\/centros.uepb.edu.br\/ccbsa\/wp-json\/wp\/v2\/types\/post"}],"author":[{"embeddable":true,"href":"https:\/\/centros.uepb.edu.br\/ccbsa\/wp-json\/wp\/v2\/users\/8"}],"replies":[{"embeddable":true,"href":"https:\/\/centros.uepb.edu.br\/ccbsa\/wp-json\/wp\/v2\/comments?post=10404"}],"version-history":[{"count":0,"href":"https:\/\/centros.uepb.edu.br\/ccbsa\/wp-json\/wp\/v2\/posts\/10404\/revisions"}],"wp:featuredmedia":[{"embeddable":true,"href":"https:\/\/centros.uepb.edu.br\/ccbsa\/wp-json\/wp\/v2\/media\/10405"}],"wp:attachment":[{"href":"https:\/\/centros.uepb.edu.br\/ccbsa\/wp-json\/wp\/v2\/media?parent=10404"}],"wp:term":[{"taxonomy":"category","embeddable":true,"href":"https:\/\/centros.uepb.edu.br\/ccbsa\/wp-json\/wp\/v2\/categories?post=10404"},{"taxonomy":"post_tag","embeddable":true,"href":"https:\/\/centros.uepb.edu.br\/ccbsa\/wp-json\/wp\/v2\/tags?post=10404"}],"curies":[{"name":"wp","href":"https:\/\/api.w.org\/{rel}","templated":true}]}}