{"id":10395,"date":"2023-10-30T15:05:12","date_gmt":"2023-10-30T15:05:12","guid":{"rendered":"https:\/\/centros.uepb.edu.br\/ccbsa\/?p=10395"},"modified":"2023-10-30T15:05:12","modified_gmt":"2023-10-30T15:05:12","slug":"simposio-de-quimica-medicinal-promovido-pela-uepb-e-ufpb-e-realizado-na-paraiba-com-palestrantes-do-brasil-e-franca","status":"publish","type":"post","link":"https:\/\/centros.uepb.edu.br\/ccbsa\/simposio-de-quimica-medicinal-promovido-pela-uepb-e-ufpb-e-realizado-na-paraiba-com-palestrantes-do-brasil-e-franca\/","title":{"rendered":"Simp\u00f3sio de Qu\u00edmica Medicinal promovido pela UEPB e UFPB \u00e9 realizado na Para\u00edba com palestrantes do Brasil e Fran\u00e7a"},"content":{"rendered":"\n\t\t<style type=\"text\/css\">\n\t\t\t#gallery-1 {\n\t\t\t\tmargin: auto;\n\t\t\t}\n\t\t\t#gallery-1 .gallery-item {\n\t\t\t\tfloat: left;\n\t\t\t\tmargin-top: 10px;\n\t\t\t\ttext-align: center;\n\t\t\t\twidth: 33%;\n\t\t\t}\n\t\t\t#gallery-1 img {\n\t\t\t\tborder: 2px solid #cfcfcf;\n\t\t\t}\n\t\t\t#gallery-1 .gallery-caption {\n\t\t\t\tmargin-left: 0;\n\t\t\t}\n\t\t\t\/* see gallery_shortcode() in wp-includes\/media.php *\/\n\t\t<\/style>\n\t\t<div id='gallery-1' class='gallery galleryid-10395 gallery-columns-3 gallery-size-full'><dl class='gallery-item'>\n\t\t\t<dt class='gallery-icon landscape'>\n\t\t\t\t<a href='https:\/\/centros.uepb.edu.br\/ccbsa\/files\/2023\/10\/SIMPOSIO-3.png'><img loading=\"lazy\" decoding=\"async\" width=\"1200\" height=\"680\" src=\"https:\/\/centros.uepb.edu.br\/ccbsa\/files\/2023\/10\/SIMPOSIO-3.png\" class=\"attachment-full size-full\" alt=\"\" srcset=\"https:\/\/centros.uepb.edu.br\/ccbsa\/files\/2023\/10\/SIMPOSIO-3.png 1200w, https:\/\/centros.uepb.edu.br\/ccbsa\/files\/2023\/10\/SIMPOSIO-3-300x170.png 300w, https:\/\/centros.uepb.edu.br\/ccbsa\/files\/2023\/10\/SIMPOSIO-3-1120x635.png 1120w\" sizes=\"auto, (max-width: 1200px) 100vw, 1200px\" \/><\/a>\n\t\t\t<\/dt><\/dl><dl class='gallery-item'>\n\t\t\t<dt class='gallery-icon landscape'>\n\t\t\t\t<a href='https:\/\/centros.uepb.edu.br\/ccbsa\/files\/2023\/10\/SIMPOSIO-2.png'><img loading=\"lazy\" decoding=\"async\" width=\"1200\" height=\"680\" src=\"https:\/\/centros.uepb.edu.br\/ccbsa\/files\/2023\/10\/SIMPOSIO-2.png\" class=\"attachment-full size-full\" alt=\"\" srcset=\"https:\/\/centros.uepb.edu.br\/ccbsa\/files\/2023\/10\/SIMPOSIO-2.png 1200w, https:\/\/centros.uepb.edu.br\/ccbsa\/files\/2023\/10\/SIMPOSIO-2-300x170.png 300w, https:\/\/centros.uepb.edu.br\/ccbsa\/files\/2023\/10\/SIMPOSIO-2-1120x635.png 1120w\" sizes=\"auto, (max-width: 1200px) 100vw, 1200px\" \/><\/a>\n\t\t\t<\/dt><\/dl><dl class='gallery-item'>\n\t\t\t<dt class='gallery-icon landscape'>\n\t\t\t\t<a href='https:\/\/centros.uepb.edu.br\/ccbsa\/files\/2023\/10\/SIMPOSIO-1.png'><img loading=\"lazy\" decoding=\"async\" width=\"1200\" height=\"680\" src=\"https:\/\/centros.uepb.edu.br\/ccbsa\/files\/2023\/10\/SIMPOSIO-1.png\" class=\"attachment-full size-full\" alt=\"\" srcset=\"https:\/\/centros.uepb.edu.br\/ccbsa\/files\/2023\/10\/SIMPOSIO-1.png 1200w, https:\/\/centros.uepb.edu.br\/ccbsa\/files\/2023\/10\/SIMPOSIO-1-300x170.png 300w, https:\/\/centros.uepb.edu.br\/ccbsa\/files\/2023\/10\/SIMPOSIO-1-1120x635.png 1120w\" sizes=\"auto, (max-width: 1200px) 100vw, 1200px\" \/><\/a>\n\t\t\t<\/dt><\/dl><br style=\"clear: both\" \/>\n\t\t<\/div>\n\n<p>Uma oportunidade de troca de experi\u00eancias e de agregar novos conhecimentos sobre o desenvolvimento de f\u00e1rmacos para tratar doen\u00e7as negligenciadas, o 2\u00ba Simp\u00f3sio Brasil Fran\u00e7a de Qu\u00edmica Medicinal reuniu mais de 200 pessoas, entre profissionais e estudantes de gradua\u00e7\u00e3o, p\u00f3s-gradua\u00e7\u00e3o e de ensino m\u00e9dio da Rede P\u00fablica Estadual da Para\u00edba, que estiveram em Jo\u00e3o Pessoa entre os dias 26 e 28 de outubro para acompanhar as palestras, debates e apresenta\u00e7\u00f5es de trabalhos que integraram o evento.<\/p>\n<p>O evento reuniu os principais pesquisadores de doen\u00e7as negligenciadas do Brasil e Fran\u00e7a para dialogar sobre o desenvolvimento de novos medicamentos para patologias causadas por agentes infecciosos ou parasitas e s\u00e3o consideradas end\u00eamicas em popula\u00e7\u00f5es de baixa renda, tais como: leishmaniose, toxoplasmose, doen\u00e7a de chagas.<\/p>\n<p>De acordo com o Pro-reitor de P\u00f3s-gradua\u00e7\u00e3o e Pesquisa da UEPB e um dos organizadores do evento, professor Francisco Jaime Mendon\u00e7a J\u00fanior, o Evento buscou as possibilidades de intera\u00e7\u00e3o e colabora\u00e7\u00e3o entre universidades brasileiras e francesas, contribuindo para a internacionaliza\u00e7\u00e3o em particular dos Programas de P\u00f3s-Gradua\u00e7\u00e3o, e permitindo o estabelecimento de novos projetos em parceria, que permitam a troca de experi\u00eancias e a futura mobilidade internacional de estudantes e pesquisadores.<\/p>\n<p>A parceria intermediada pelo professor Francisco Jaime entre a UEPB, por meio do trabalho desenvolvido no \u00e2mbito do Laborat\u00f3rio de S\u00edntese e Vetoriza\u00e7\u00e3o de Mol\u00e9culas (LSVM) do Campus V, Universidade Federal de Pernambuco e Universidade de Nantes, na Fran\u00e7a, tem possibilitado a troca de saberes e a realiza\u00e7\u00e3o de interc\u00e2mbio de docentes e discentes. A professora da Universidade de Nantes, Isabelle Ourliac-Garnier, afirma que essa parceria entre pesquisadores do Brasil e Fran\u00e7a \u00e9 uma \u00f3tima oportunidade para socializar o conhecimento sobre doen\u00e7as negligenciadas nestes locais. \u00c9 o que atesta o professor da Universidade de Nantes, Pascal Marchand, conferencista de abertura do evento.<\/p>\n<p>\u201cEm 2015 iniciamos a colabora\u00e7\u00e3o com o Brasil quando come\u00e7amos a trabalhar com doen\u00e7as negligenciadas em Nantes, na Fran\u00e7a, com estudos de Leishmaniose. E houve interesse aqui para trabalhar com parasitas, n\u00e3o s\u00f3 com leishmanioses mas com doen\u00e7a de chagas e foi a primeira conex\u00e3o entre os dois grupos, n\u00f3s trabalhamos muito bem juntos. N\u00f3s fizemos um programa de aperfei\u00e7oamento, foi um sucesso e a\u00ed depois da pandemia n\u00f3s obtivemos uma segunda atualiza\u00e7\u00e3o, porque acredito que \u00e9 importante misturar as expertises de \u00e1reas como as ci\u00eancias biol\u00f3gicas e a qu\u00edmica. Al\u00e9m disso, permite que estudantes de doutorado e p\u00f3s-doutorado viajem at\u00e9 a Fran\u00e7a e possamos fazer essas conex\u00f5es que s\u00e3o importantes, assim como estar nesse evento \u00e9 importante n\u00e3o somente para a ci\u00eancia, mas, para a fraternidade, o interc\u00e2mbio entre as culturas, com certeza \u00e9 muito mais que a ci\u00eancia e isso \u00e9 muito importante para n\u00f3s\u201d, avalia Pascal.<\/p>\n<p>Realizado de forma presencial o Simp\u00f3sio foi organizado pelos coordenadores do projeto do Centro de Excel\u00eancia em Design de Mol\u00e9culas de Interesse Farmacol\u00f3gico para Doen\u00e7as Negligenciadas, vinculado ao Programa de Apoio aos N\u00facleos de Excel\u00eancia (Pronex) da Funda\u00e7\u00e3o de Apoio \u00e0 Pesquisa do Estado da Para\u00edba, e Desenvolvimento de novas mol\u00e9culas com potencial anti-leishmania, que integra o Comit\u00ea Franc\u00eas de Avalia\u00e7\u00e3o da Coopera\u00e7\u00e3o Universit\u00e1ria com o Brasil da Coordena\u00e7\u00e3o de Aperfei\u00e7oamento de Pessoal de N\u00edvel Superior.<\/p>\n<p>Essa iniciativa tamb\u00e9m contou com o apoio de quatro Programas de P\u00f3s-Gradua\u00e7\u00e3o em: Ci\u00eancias Farmac\u00eauticas (PPGCF\/UEPB) e Qu\u00edmica (PPGQ\/UEPB), da Universidade Estadual da Para\u00edba; Produtos Bioativos Naturais e Sint\u00e9ticos (PPGPNSB\/UFPB) e Qu\u00edmica (PPGQ\/UFPB) da Universidade Federal da Para\u00edba e patroc\u00ednio da Cooperativa de Cr\u00e9dito Sicredi Creduni, Cacha\u00e7a Vol\u00fapia, Grupo Biotec e Ficol, produtos para laborat\u00f3rios.<\/p>\n<p><strong>Texto e fotos:<\/strong><em> Juliana Marques.<\/em><\/p>\n","protected":false},"excerpt":{"rendered":"<p>Uma oportunidade de troca de experi\u00eancias e de agregar novos conhecimentos sobre o desenvolvimento de f\u00e1rmacos para tratar doen\u00e7as negligenciadas, o 2\u00ba Simp\u00f3sio Brasil Fran\u00e7a de Qu\u00edmica Medicinal reuniu mais de 200 pessoas, entre profissionais e estudantes de gradua\u00e7\u00e3o, p\u00f3s-gradua\u00e7\u00e3o e de ensino m\u00e9dio da Rede P\u00fablica Estadual da Para\u00edba, que estiveram em Jo\u00e3o Pessoa <a class=\"leiamais\" href=\"https:\/\/centros.uepb.edu.br\/ccbsa\/simposio-de-quimica-medicinal-promovido-pela-uepb-e-ufpb-e-realizado-na-paraiba-com-palestrantes-do-brasil-e-franca\/\">Leia Mais&#8230;<\/a><\/p>\n","protected":false},"author":8,"featured_media":10398,"comment_status":"closed","ping_status":"closed","sticky":false,"template":"","format":"standard","meta":{"footnotes":""},"categories":[3,11],"tags":[],"class_list":["post-10395","post","type-post","status-publish","format-standard","has-post-thumbnail","hentry","category-noticias","category-noticias-destaque-img"],"jetpack_featured_media_url":"https:\/\/centros.uepb.edu.br\/ccbsa\/files\/2023\/10\/SIMPOSIO-1.png","_links":{"self":[{"href":"https:\/\/centros.uepb.edu.br\/ccbsa\/wp-json\/wp\/v2\/posts\/10395","targetHints":{"allow":["GET"]}}],"collection":[{"href":"https:\/\/centros.uepb.edu.br\/ccbsa\/wp-json\/wp\/v2\/posts"}],"about":[{"href":"https:\/\/centros.uepb.edu.br\/ccbsa\/wp-json\/wp\/v2\/types\/post"}],"author":[{"embeddable":true,"href":"https:\/\/centros.uepb.edu.br\/ccbsa\/wp-json\/wp\/v2\/users\/8"}],"replies":[{"embeddable":true,"href":"https:\/\/centros.uepb.edu.br\/ccbsa\/wp-json\/wp\/v2\/comments?post=10395"}],"version-history":[{"count":0,"href":"https:\/\/centros.uepb.edu.br\/ccbsa\/wp-json\/wp\/v2\/posts\/10395\/revisions"}],"wp:featuredmedia":[{"embeddable":true,"href":"https:\/\/centros.uepb.edu.br\/ccbsa\/wp-json\/wp\/v2\/media\/10398"}],"wp:attachment":[{"href":"https:\/\/centros.uepb.edu.br\/ccbsa\/wp-json\/wp\/v2\/media?parent=10395"}],"wp:term":[{"taxonomy":"category","embeddable":true,"href":"https:\/\/centros.uepb.edu.br\/ccbsa\/wp-json\/wp\/v2\/categories?post=10395"},{"taxonomy":"post_tag","embeddable":true,"href":"https:\/\/centros.uepb.edu.br\/ccbsa\/wp-json\/wp\/v2\/tags?post=10395"}],"curies":[{"name":"wp","href":"https:\/\/api.w.org\/{rel}","templated":true}]}}