{"id":10390,"date":"2023-10-30T13:17:36","date_gmt":"2023-10-30T13:17:36","guid":{"rendered":"https:\/\/centros.uepb.edu.br\/ccbsa\/?p=10390"},"modified":"2023-11-01T15:28:08","modified_gmt":"2023-11-01T15:28:08","slug":"proest-e-direcao-de-centro-inscrevem-estudantes-para-projeto-piloto-de-restaurante-universitario-do-ccbsa","status":"publish","type":"post","link":"https:\/\/centros.uepb.edu.br\/ccbsa\/proest-e-direcao-de-centro-inscrevem-estudantes-para-projeto-piloto-de-restaurante-universitario-do-ccbsa\/","title":{"rendered":"PROEST e Dire\u00e7\u00e3o de Centro inscrevem estudantes para projeto piloto de restaurante universit\u00e1rio do CCBSA"},"content":{"rendered":"<p><a href=\"https:\/\/centros.uepb.edu.br\/ccbsa\/files\/2023\/10\/IMG_8864-1.png\"><img loading=\"lazy\" decoding=\"async\" class=\"aligncenter size-full wp-image-10393 img-responsive\" src=\"https:\/\/centros.uepb.edu.br\/ccbsa\/files\/2023\/10\/IMG_8864-1.png\" alt=\"\" width=\"1200\" height=\"680\" srcset=\"https:\/\/centros.uepb.edu.br\/ccbsa\/files\/2023\/10\/IMG_8864-1.png 1200w, https:\/\/centros.uepb.edu.br\/ccbsa\/files\/2023\/10\/IMG_8864-1-300x170.png 300w, https:\/\/centros.uepb.edu.br\/ccbsa\/files\/2023\/10\/IMG_8864-1-1120x635.png 1120w\" sizes=\"auto, (max-width: 1200px) 100vw, 1200px\" \/><\/a><\/p>\n<p>A Pro-reitoria Estudantil (PROEST) da Universidade Estadual da Para\u00edba (UEPB) e dire\u00e7\u00e3o do Centro de Ci\u00eancias Biol\u00f3gicas e Sociais Aplicadas (CCBSA) da UEPB inscrevem at\u00e9 o dia 6 de novembro, ou enquanto durarem as vagas, os estudantes interessados em se inscrever no Projeto Piloto de Restaurante Universit\u00e1rio que ser\u00e1 implantado no C\u00e2mpus V da UEPB. Os interessados devem preencher a <a href=\"https:\/\/centros.uepb.edu.br\/ccbsa\/download\/ficha-projeto-piloto-ru-ccbsa\/\">ficha de inscri\u00e7\u00e3o<\/a> e entregar presencialmente na Dire\u00e7\u00e3o de Centro.<\/p>\n<p>Na segunda-feira (30), a pro-reitora da PROEST, professora N\u00fabia Martins, o diretor do CCBSA, professor Cleber Salimon e a nutricionista do C\u00e2mpus V, Nayara Massa, realizaram uma reuni\u00e3o para ajustar os tr\u00e2mites para in\u00edcio das atividades do RU no C\u00e2mpus V, que funcionar\u00e1 como um projeto piloto para servir de modelo para outros c\u00e2mpus localizados nos centros que n\u00e3o contam com restaurante universit\u00e1rio. J\u00e1 foram adquiridos mobili\u00e1rio, equipamentos e alimentos e a perspectiva \u00e9 que o funcionamento seja iniciado ainda em novembro.<\/p>\n<p>De acordo com a professora N\u00fabia, essa sele\u00e7\u00e3o inicial de estudantes disponibilizar\u00e1 100 vagas e \u00e9 v\u00e1lida apenas para esse semestre. Em 2024 ser\u00e1 feita uma nova sele\u00e7\u00e3o e os estudantes selecionados podem permanecer vinculados ao programa at\u00e9 que finalizem o curso.<\/p>\n<p>Acesse a ficha de inscri\u00e7\u00e3o <a href=\"https:\/\/centros.uepb.edu.br\/ccbsa\/download\/ficha-projeto-piloto-ru-ccbsa\/\">aqui<\/a>.<\/p>\n<p>&nbsp;<\/p>\n","protected":false},"excerpt":{"rendered":"<p>A Pro-reitoria Estudantil (PROEST) da Universidade Estadual da Para\u00edba (UEPB) e dire\u00e7\u00e3o do Centro de Ci\u00eancias Biol\u00f3gicas e Sociais Aplicadas (CCBSA) da UEPB inscrevem at\u00e9 o dia 6 de novembro, ou enquanto durarem as vagas, os estudantes interessados em se inscrever no Projeto Piloto de Restaurante Universit\u00e1rio que ser\u00e1 implantado no C\u00e2mpus V da UEPB. <a class=\"leiamais\" href=\"https:\/\/centros.uepb.edu.br\/ccbsa\/proest-e-direcao-de-centro-inscrevem-estudantes-para-projeto-piloto-de-restaurante-universitario-do-ccbsa\/\">Leia Mais&#8230;<\/a><\/p>\n","protected":false},"author":8,"featured_media":10391,"comment_status":"closed","ping_status":"closed","sticky":false,"template":"","format":"standard","meta":{"footnotes":""},"categories":[3,11],"tags":[],"class_list":["post-10390","post","type-post","status-publish","format-standard","has-post-thumbnail","hentry","category-noticias","category-noticias-destaque-img"],"jetpack_featured_media_url":"https:\/\/centros.uepb.edu.br\/ccbsa\/files\/2023\/10\/IMG_8864.png","_links":{"self":[{"href":"https:\/\/centros.uepb.edu.br\/ccbsa\/wp-json\/wp\/v2\/posts\/10390","targetHints":{"allow":["GET"]}}],"collection":[{"href":"https:\/\/centros.uepb.edu.br\/ccbsa\/wp-json\/wp\/v2\/posts"}],"about":[{"href":"https:\/\/centros.uepb.edu.br\/ccbsa\/wp-json\/wp\/v2\/types\/post"}],"author":[{"embeddable":true,"href":"https:\/\/centros.uepb.edu.br\/ccbsa\/wp-json\/wp\/v2\/users\/8"}],"replies":[{"embeddable":true,"href":"https:\/\/centros.uepb.edu.br\/ccbsa\/wp-json\/wp\/v2\/comments?post=10390"}],"version-history":[{"count":0,"href":"https:\/\/centros.uepb.edu.br\/ccbsa\/wp-json\/wp\/v2\/posts\/10390\/revisions"}],"wp:featuredmedia":[{"embeddable":true,"href":"https:\/\/centros.uepb.edu.br\/ccbsa\/wp-json\/wp\/v2\/media\/10391"}],"wp:attachment":[{"href":"https:\/\/centros.uepb.edu.br\/ccbsa\/wp-json\/wp\/v2\/media?parent=10390"}],"wp:term":[{"taxonomy":"category","embeddable":true,"href":"https:\/\/centros.uepb.edu.br\/ccbsa\/wp-json\/wp\/v2\/categories?post=10390"},{"taxonomy":"post_tag","embeddable":true,"href":"https:\/\/centros.uepb.edu.br\/ccbsa\/wp-json\/wp\/v2\/tags?post=10390"}],"curies":[{"name":"wp","href":"https:\/\/api.w.org\/{rel}","templated":true}]}}