{"id":10383,"date":"2023-10-27T19:22:15","date_gmt":"2023-10-27T19:22:15","guid":{"rendered":"https:\/\/centros.uepb.edu.br\/ccbsa\/?p=10383"},"modified":"2023-10-27T19:22:15","modified_gmt":"2023-10-27T19:22:15","slug":"semana-brasileira-de-educacao-midiatica-projeto-de-extensao-da-uepb-realiza-acoes-em-escolas-da-paraiba","status":"publish","type":"post","link":"https:\/\/centros.uepb.edu.br\/ccbsa\/semana-brasileira-de-educacao-midiatica-projeto-de-extensao-da-uepb-realiza-acoes-em-escolas-da-paraiba\/","title":{"rendered":"Semana Brasileira de Educa\u00e7\u00e3o Midi\u00e1tica: projeto de extens\u00e3o da UEPB realiza a\u00e7\u00f5es em escolas da Para\u00edba"},"content":{"rendered":"\n\t\t<style type=\"text\/css\">\n\t\t\t#gallery-1 {\n\t\t\t\tmargin: auto;\n\t\t\t}\n\t\t\t#gallery-1 .gallery-item {\n\t\t\t\tfloat: left;\n\t\t\t\tmargin-top: 10px;\n\t\t\t\ttext-align: center;\n\t\t\t\twidth: 33%;\n\t\t\t}\n\t\t\t#gallery-1 img {\n\t\t\t\tborder: 2px solid #cfcfcf;\n\t\t\t}\n\t\t\t#gallery-1 .gallery-caption {\n\t\t\t\tmargin-left: 0;\n\t\t\t}\n\t\t\t\/* see gallery_shortcode() in wp-includes\/media.php *\/\n\t\t<\/style>\n\t\t<div id='gallery-1' class='gallery galleryid-10383 gallery-columns-3 gallery-size-full'><dl class='gallery-item'>\n\t\t\t<dt class='gallery-icon landscape'>\n\t\t\t\t<a href='https:\/\/centros.uepb.edu.br\/ccbsa\/files\/2023\/10\/COMUNICA-UEPB-2.png'><img loading=\"lazy\" decoding=\"async\" width=\"1200\" height=\"778\" src=\"https:\/\/centros.uepb.edu.br\/ccbsa\/files\/2023\/10\/COMUNICA-UEPB-2.png\" class=\"attachment-full size-full\" alt=\"\" srcset=\"https:\/\/centros.uepb.edu.br\/ccbsa\/files\/2023\/10\/COMUNICA-UEPB-2.png 1200w, https:\/\/centros.uepb.edu.br\/ccbsa\/files\/2023\/10\/COMUNICA-UEPB-2-300x195.png 300w, https:\/\/centros.uepb.edu.br\/ccbsa\/files\/2023\/10\/COMUNICA-UEPB-2-1120x726.png 1120w\" sizes=\"auto, (max-width: 1200px) 100vw, 1200px\" \/><\/a>\n\t\t\t<\/dt><\/dl><dl class='gallery-item'>\n\t\t\t<dt class='gallery-icon landscape'>\n\t\t\t\t<a href='https:\/\/centros.uepb.edu.br\/ccbsa\/files\/2023\/10\/COMUNICA-UEPB-1.png'><img loading=\"lazy\" decoding=\"async\" width=\"1200\" height=\"680\" src=\"https:\/\/centros.uepb.edu.br\/ccbsa\/files\/2023\/10\/COMUNICA-UEPB-1.png\" class=\"attachment-full size-full\" alt=\"\" srcset=\"https:\/\/centros.uepb.edu.br\/ccbsa\/files\/2023\/10\/COMUNICA-UEPB-1.png 1200w, https:\/\/centros.uepb.edu.br\/ccbsa\/files\/2023\/10\/COMUNICA-UEPB-1-300x170.png 300w, https:\/\/centros.uepb.edu.br\/ccbsa\/files\/2023\/10\/COMUNICA-UEPB-1-1120x635.png 1120w\" sizes=\"auto, (max-width: 1200px) 100vw, 1200px\" \/><\/a>\n\t\t\t<\/dt><\/dl><dl class='gallery-item'>\n\t\t\t<dt class='gallery-icon landscape'>\n\t\t\t\t<a href='https:\/\/centros.uepb.edu.br\/ccbsa\/files\/2023\/10\/COMUNICA-3.png'><img loading=\"lazy\" decoding=\"async\" width=\"1200\" height=\"764\" src=\"https:\/\/centros.uepb.edu.br\/ccbsa\/files\/2023\/10\/COMUNICA-3.png\" class=\"attachment-full size-full\" alt=\"\" srcset=\"https:\/\/centros.uepb.edu.br\/ccbsa\/files\/2023\/10\/COMUNICA-3.png 1200w, https:\/\/centros.uepb.edu.br\/ccbsa\/files\/2023\/10\/COMUNICA-3-300x191.png 300w, https:\/\/centros.uepb.edu.br\/ccbsa\/files\/2023\/10\/COMUNICA-3-1120x713.png 1120w\" sizes=\"auto, (max-width: 1200px) 100vw, 1200px\" \/><\/a>\n\t\t\t<\/dt><\/dl><br style=\"clear: both\" \/><dl class='gallery-item'>\n\t\t\t<dt class='gallery-icon landscape'>\n\t\t\t\t<a href='https:\/\/centros.uepb.edu.br\/ccbsa\/files\/2023\/10\/WhatsApp-Image-2023-10-25-at-12.28.35.jpeg'><img loading=\"lazy\" decoding=\"async\" width=\"1600\" height=\"797\" src=\"https:\/\/centros.uepb.edu.br\/ccbsa\/files\/2023\/10\/WhatsApp-Image-2023-10-25-at-12.28.35.jpeg\" class=\"attachment-full size-full\" alt=\"\" srcset=\"https:\/\/centros.uepb.edu.br\/ccbsa\/files\/2023\/10\/WhatsApp-Image-2023-10-25-at-12.28.35.jpeg 1600w, https:\/\/centros.uepb.edu.br\/ccbsa\/files\/2023\/10\/WhatsApp-Image-2023-10-25-at-12.28.35-300x149.jpeg 300w, https:\/\/centros.uepb.edu.br\/ccbsa\/files\/2023\/10\/WhatsApp-Image-2023-10-25-at-12.28.35-1536x765.jpeg 1536w, https:\/\/centros.uepb.edu.br\/ccbsa\/files\/2023\/10\/WhatsApp-Image-2023-10-25-at-12.28.35-1120x558.jpeg 1120w\" sizes=\"auto, (max-width: 1600px) 100vw, 1600px\" \/><\/a>\n\t\t\t<\/dt><\/dl>\n\t\t\t<br style='clear: both' \/>\n\t\t<\/div>\n\n<p>Com atividades realizadas em escolas estaduais de ensino m\u00e9dio de Jo\u00e3o Pessoa, Campina Grande, Guarabira, Araruna, Monteiro e Patos, o projeto de extens\u00e3o \u201cComunica UEPB: o despertar da consci\u00eancia cr\u00edtica e o combate \u00e0 desinforma\u00e7\u00e3o na educa\u00e7\u00e3o paraibana\u201d encerrou nesta semana as oficinas promovidas com discentes e docentes, como parte da programa\u00e7\u00e3o da agenda nacional Semana Brasileira de Educa\u00e7\u00e3o Midi\u00e1tica, realizada entre os dias 23 e 27 de outubro.<\/p>\n<p>A Semana Brasileira de Educa\u00e7\u00e3o Midi\u00e1tica \u00e9 promovida pelo Minist\u00e9rio da Educa\u00e7\u00e3o (MEC) em parceria com a Secretaria de Comunica\u00e7\u00e3o Social (Secom) da Presid\u00eancia da Rep\u00fablica e organiza\u00e7\u00f5es da sociedade civil que atuam na tem\u00e1tica, como o Instituto Vero, o Instituto Palavra Aberta, a Safernet Brasil, o Redes Cordiais e a Intervozes. A UEPB, que est\u00e1 inserida em diversas iniciativas nacionais de combate \u00e0 desinforma\u00e7\u00e3o, integra a programa\u00e7\u00e3o desse evento.<\/p>\n<p>As oficinas realizadas pelo Projeto Comunica UEPB atenderam estudantes da Escola Cidad\u00e3 Integral Monsenhor Manoel Vieira, em Patos, e docentes da Escola Cidad\u00e3 Integral Benjamin Maranh\u00e3o, em Araruna. Na oportunidade, junto aos estudantes foram apresentados os diversos tipos de desinforma\u00e7\u00e3o, como checar um conte\u00fado para identificar fake news, qual o papel de cada pessoa no combate \u00e0 desinforma\u00e7\u00e3o. Com os docentes, foram promovidos dois encontros remotos para atualiza\u00e7\u00f5es voltadas ao desenvolvimento de a\u00e7\u00f5es que poderiam promover a Compet\u00eancia Cr\u00edtica em Informa\u00e7\u00e3o (CCI) nos estudantes, atividades para idealizar planos de aula que desenvolvem essa perspectiva cr\u00edtica informacional articulada aos componentes curriculares.<\/p>\n<p>Ap\u00f3s o encerramento das oficinas extensionistas, o projeto \u201cComunica UEPB\u201d alcan\u00e7a uma nova fase de prepara\u00e7\u00e3o de relat\u00f3rios e continuidade das atividades relacionadas ao Projeto de Pesquisa, de mesmo nome da iniciativa de extens\u00e3o, que deve apresentar um panorama das escolas estaduais, no que concerne \u00e0s possibilidades de desenvolvimento do pensamento cr\u00edtico sobre as informa\u00e7\u00f5es, e um perfil de gestores, estudantes e docentes atendidos pelas iniciativas destes Projetos.<\/p>\n<p>O projeto \u201cComunica UEPB\u201d \u00e9 vinculado ao Programa de Combate \u00e0 Desinforma\u00e7\u00e3o do Supremo Tribunal Federal, e conta com o apoio da Assembleia Legislativa da Para\u00edba, Programa e Educa\u00e7\u00e3o Midi\u00e1tica (Educam\u00eddia) do Instituto Palavra Aberta, Governo do Estado da Para\u00edba e Rede Nacional de Combate \u00e0 Desinforma\u00e7\u00e3o.<\/p>\n<p><em><strong>Texto:<\/strong>\u00a0Juliana Marques<\/em><br \/>\n<em><strong>Foto:<\/strong>\u00a0Claudiano Brito (C\u00e2mpus VII)<\/em><\/p>\n","protected":false},"excerpt":{"rendered":"<p>Com atividades realizadas em escolas estaduais de ensino m\u00e9dio de Jo\u00e3o Pessoa, Campina Grande, Guarabira, Araruna, Monteiro e Patos, o projeto de extens\u00e3o \u201cComunica UEPB: o despertar da consci\u00eancia cr\u00edtica e o combate \u00e0 desinforma\u00e7\u00e3o na educa\u00e7\u00e3o paraibana\u201d encerrou nesta semana as oficinas promovidas com discentes e docentes, como parte da programa\u00e7\u00e3o da agenda nacional <a class=\"leiamais\" href=\"https:\/\/centros.uepb.edu.br\/ccbsa\/semana-brasileira-de-educacao-midiatica-projeto-de-extensao-da-uepb-realiza-acoes-em-escolas-da-paraiba\/\">Leia Mais&#8230;<\/a><\/p>\n","protected":false},"author":8,"featured_media":10384,"comment_status":"closed","ping_status":"closed","sticky":false,"template":"","format":"standard","meta":{"footnotes":""},"categories":[3,11],"tags":[],"class_list":["post-10383","post","type-post","status-publish","format-standard","has-post-thumbnail","hentry","category-noticias","category-noticias-destaque-img"],"jetpack_featured_media_url":"https:\/\/centros.uepb.edu.br\/ccbsa\/files\/2023\/10\/COMUNICA-UEPB-1.png","_links":{"self":[{"href":"https:\/\/centros.uepb.edu.br\/ccbsa\/wp-json\/wp\/v2\/posts\/10383","targetHints":{"allow":["GET"]}}],"collection":[{"href":"https:\/\/centros.uepb.edu.br\/ccbsa\/wp-json\/wp\/v2\/posts"}],"about":[{"href":"https:\/\/centros.uepb.edu.br\/ccbsa\/wp-json\/wp\/v2\/types\/post"}],"author":[{"embeddable":true,"href":"https:\/\/centros.uepb.edu.br\/ccbsa\/wp-json\/wp\/v2\/users\/8"}],"replies":[{"embeddable":true,"href":"https:\/\/centros.uepb.edu.br\/ccbsa\/wp-json\/wp\/v2\/comments?post=10383"}],"version-history":[{"count":0,"href":"https:\/\/centros.uepb.edu.br\/ccbsa\/wp-json\/wp\/v2\/posts\/10383\/revisions"}],"wp:featuredmedia":[{"embeddable":true,"href":"https:\/\/centros.uepb.edu.br\/ccbsa\/wp-json\/wp\/v2\/media\/10384"}],"wp:attachment":[{"href":"https:\/\/centros.uepb.edu.br\/ccbsa\/wp-json\/wp\/v2\/media?parent=10383"}],"wp:term":[{"taxonomy":"category","embeddable":true,"href":"https:\/\/centros.uepb.edu.br\/ccbsa\/wp-json\/wp\/v2\/categories?post=10383"},{"taxonomy":"post_tag","embeddable":true,"href":"https:\/\/centros.uepb.edu.br\/ccbsa\/wp-json\/wp\/v2\/tags?post=10383"}],"curies":[{"name":"wp","href":"https:\/\/api.w.org\/{rel}","templated":true}]}}