{"id":10353,"date":"2023-10-25T20:14:42","date_gmt":"2023-10-25T20:14:42","guid":{"rendered":"https:\/\/centros.uepb.edu.br\/ccbsa\/?p=10353"},"modified":"2023-10-26T17:33:17","modified_gmt":"2023-10-26T17:33:17","slug":"programa-limite-do-visivel-realiza-solenidade-de-abertura-das-aulas-presenciais-de-cursos-na-area-de-tecnologia","status":"publish","type":"post","link":"https:\/\/centros.uepb.edu.br\/ccbsa\/programa-limite-do-visivel-realiza-solenidade-de-abertura-das-aulas-presenciais-de-cursos-na-area-de-tecnologia\/","title":{"rendered":"Programa Limite do Vis\u00edvel realiza solenidade de abertura das aulas presenciais de cursos na \u00e1rea de tecnologia"},"content":{"rendered":"\n\t\t<style type=\"text\/css\">\n\t\t\t#gallery-1 {\n\t\t\t\tmargin: auto;\n\t\t\t}\n\t\t\t#gallery-1 .gallery-item {\n\t\t\t\tfloat: left;\n\t\t\t\tmargin-top: 10px;\n\t\t\t\ttext-align: center;\n\t\t\t\twidth: 33%;\n\t\t\t}\n\t\t\t#gallery-1 img {\n\t\t\t\tborder: 2px solid #cfcfcf;\n\t\t\t}\n\t\t\t#gallery-1 .gallery-caption {\n\t\t\t\tmargin-left: 0;\n\t\t\t}\n\t\t\t\/* see gallery_shortcode() in wp-includes\/media.php *\/\n\t\t<\/style>\n\t\t<div id='gallery-1' class='gallery galleryid-10353 gallery-columns-3 gallery-size-full'><dl class='gallery-item'>\n\t\t\t<dt class='gallery-icon landscape'>\n\t\t\t\t<a href='https:\/\/centros.uepb.edu.br\/ccbsa\/files\/2023\/10\/23.10.2023-Abertura-das-aulas-presenciais-Limite-do-Visivel-Mateus-de-Medeiros-11.png'><img loading=\"lazy\" decoding=\"async\" width=\"1200\" height=\"680\" src=\"https:\/\/centros.uepb.edu.br\/ccbsa\/files\/2023\/10\/23.10.2023-Abertura-das-aulas-presenciais-Limite-do-Visivel-Mateus-de-Medeiros-11.png\" class=\"attachment-full size-full\" alt=\"\" srcset=\"https:\/\/centros.uepb.edu.br\/ccbsa\/files\/2023\/10\/23.10.2023-Abertura-das-aulas-presenciais-Limite-do-Visivel-Mateus-de-Medeiros-11.png 1200w, https:\/\/centros.uepb.edu.br\/ccbsa\/files\/2023\/10\/23.10.2023-Abertura-das-aulas-presenciais-Limite-do-Visivel-Mateus-de-Medeiros-11-300x170.png 300w, https:\/\/centros.uepb.edu.br\/ccbsa\/files\/2023\/10\/23.10.2023-Abertura-das-aulas-presenciais-Limite-do-Visivel-Mateus-de-Medeiros-11-1120x635.png 1120w\" sizes=\"auto, (max-width: 1200px) 100vw, 1200px\" \/><\/a>\n\t\t\t<\/dt><\/dl><dl class='gallery-item'>\n\t\t\t<dt class='gallery-icon landscape'>\n\t\t\t\t<a href='https:\/\/centros.uepb.edu.br\/ccbsa\/files\/2023\/10\/23.10.2023-Abertura-das-aulas-presenciais-Limite-do-Visivel-Mateus-de-Medeiros-13.png'><img loading=\"lazy\" decoding=\"async\" width=\"1200\" height=\"680\" src=\"https:\/\/centros.uepb.edu.br\/ccbsa\/files\/2023\/10\/23.10.2023-Abertura-das-aulas-presenciais-Limite-do-Visivel-Mateus-de-Medeiros-13.png\" class=\"attachment-full size-full\" alt=\"\" srcset=\"https:\/\/centros.uepb.edu.br\/ccbsa\/files\/2023\/10\/23.10.2023-Abertura-das-aulas-presenciais-Limite-do-Visivel-Mateus-de-Medeiros-13.png 1200w, https:\/\/centros.uepb.edu.br\/ccbsa\/files\/2023\/10\/23.10.2023-Abertura-das-aulas-presenciais-Limite-do-Visivel-Mateus-de-Medeiros-13-300x170.png 300w, https:\/\/centros.uepb.edu.br\/ccbsa\/files\/2023\/10\/23.10.2023-Abertura-das-aulas-presenciais-Limite-do-Visivel-Mateus-de-Medeiros-13-1120x635.png 1120w\" sizes=\"auto, (max-width: 1200px) 100vw, 1200px\" \/><\/a>\n\t\t\t<\/dt><\/dl><dl class='gallery-item'>\n\t\t\t<dt class='gallery-icon landscape'>\n\t\t\t\t<a href='https:\/\/centros.uepb.edu.br\/ccbsa\/files\/2023\/10\/23.10.2023-Abertura-das-aulas-presenciais-Limite-do-Visivel-Mateus-de-Medeiros-18.png'><img loading=\"lazy\" decoding=\"async\" width=\"1200\" height=\"680\" src=\"https:\/\/centros.uepb.edu.br\/ccbsa\/files\/2023\/10\/23.10.2023-Abertura-das-aulas-presenciais-Limite-do-Visivel-Mateus-de-Medeiros-18.png\" class=\"attachment-full size-full\" alt=\"\" srcset=\"https:\/\/centros.uepb.edu.br\/ccbsa\/files\/2023\/10\/23.10.2023-Abertura-das-aulas-presenciais-Limite-do-Visivel-Mateus-de-Medeiros-18.png 1200w, https:\/\/centros.uepb.edu.br\/ccbsa\/files\/2023\/10\/23.10.2023-Abertura-das-aulas-presenciais-Limite-do-Visivel-Mateus-de-Medeiros-18-300x170.png 300w, https:\/\/centros.uepb.edu.br\/ccbsa\/files\/2023\/10\/23.10.2023-Abertura-das-aulas-presenciais-Limite-do-Visivel-Mateus-de-Medeiros-18-1120x635.png 1120w\" sizes=\"auto, (max-width: 1200px) 100vw, 1200px\" \/><\/a>\n\t\t\t<\/dt><\/dl><br style=\"clear: both\" \/>\n\t\t<\/div>\n\n<p>A coordena\u00e7\u00e3o dos cursos de Ci\u00eancia de Dados e An\u00e1lise e Desenvolvimento de Sistemas, vinculados ao Programa Limite do Vis\u00edvel, que \u00e9 desenvolvido por meio de uma parceria entre o Governo da Para\u00edba, por meio da Secretaria de Estado da Ci\u00eancia, Tecnologia, Inova\u00e7\u00e3o e Ensino Superior (SECTIES) e a Universidade Estadual da Para\u00edba, realizou nesta segunda-feira (23), na Escola de Servi\u00e7o P\u00fablico do Estado da Para\u00edba (Espep), uma solenidade de abertura das aulas presenciais.<\/p>\n<p>Estiveram presentes na solenidade de in\u00edcio das aulas presenciais, o secret\u00e1rio de Estado de Ci\u00eancia, Tecnologia, Inova\u00e7\u00e3o e Ensino Superior da Para\u00edba, professor Cl\u00e1udio Furtado; a reitora da UEPB, professora C\u00e9lia Regina Diniz; a superintendente da ESPEP, professora Ivanilda Matias Gentle; o diretor do Centro de Ci\u00eancias Biol\u00f3gicas e Sociais Aplicadas (CCBSA) da UEPB, professor Cleber Salimon; a assessora de inova\u00e7\u00e3o da Secretaria Executiva de Inova\u00e7\u00e3o da SECTIES e coordenadora do programa &#8220;Limite do Vis\u00edvel&#8221;, Luiza Iolanda Cortes; o coordenador e coordenador ajunto do curso de An\u00e1lise e Desenvolvimento de Sistemas, respectivamente, professores Elder Oliveira e Jos\u00e9 Wilker; o coordenador e coordenador adjunto do curso de Ci\u00eancia de Dados, respectivamente, Jos\u00e9 Augusto e Tiago Almeida, docentes e estudantes que possuem v\u00ednculo com os referidos Cursos.<\/p>\n<p>O Programa tem como objetivo promover a forma\u00e7\u00e3o de egressos e egressas da rede estadual de ensino no n\u00edvel superior, com foco em cursos voltados para o desenvolvimento tecnol\u00f3gico e inova\u00e7\u00e3o do Estado. A perspectiva \u00e9 que at\u00e9 2026 cerca de 2 mil profissionais passem obtenham a forma\u00e7\u00e3o. Para tanto, nessa primeira oferta houve a sele\u00e7\u00e3o de 160 estudantes que conclu\u00edram o Ensino M\u00e9dio em escolas estaduais entre 2017 e 2021. A qualifica\u00e7\u00e3o dessa parcela de estudantes est\u00e1 sendo financiada pela Funda\u00e7\u00e3o de Apoio \u00e0 Pesquisa da Para\u00edba (FAPESQ), que oferecer\u00e1 uma bolsa no valor de R$1.000,00 para auxili\u00e1-los na aquisi\u00e7\u00e3o de materiais necess\u00e1rios ao longo do curso.<\/p>\n<p>O curso superior em An\u00e1lise e Desenvolvimento de Sistemas tem como objetivo principal graduar profissionais que projetam, implementam e coordenam infraestruturas de tecnologia da informa\u00e7\u00e3o, atendendo \u00e0 necessidade de mudan\u00e7as provocadas pelas inova\u00e7\u00f5es tecnol\u00f3gicas no mercado e sociedade. J\u00e1 o curso superior em Ci\u00eancia de Dados tem como objetivo principal formar profissionais para atuar na \u00e1rea de ci\u00eancia de dados, atendendo demandas por m\u00e3o de obra qualificada, do setor de tecnologia da informa\u00e7\u00e3o nacional, promovendo o desenvolvimento sustent\u00e1vel, a inova\u00e7\u00e3o tecnol\u00f3gica e o desenvolvimento de novos neg\u00f3cios com potencial inovador. Ambos os cursos s\u00e3o tecn\u00f3logos e t\u00eam a dura\u00e7\u00e3o de dois anos, divididos em quatro semestres.<\/p>\n<p>Al\u00e9m da parceria para a estrutura\u00e7\u00e3o curricular e pedag\u00f3gica dos referidos cursos, e a disponibiliza\u00e7\u00e3o de docentes e profissionais para coordenar e executar tais forma\u00e7\u00f5es, a UEPB deve sediar as atividades presenciais no pr\u00e9dio do C\u00e2mpus de Jo\u00e3o Pessoa quando forem realizadas adequa\u00e7\u00f5es estruturais nos espa\u00e7os j\u00e1 existentes e constru\u00e7\u00f5es de novas salas destinadas ao Programa.<\/p>\n<p><strong>Texto:<\/strong> <em>Juliana Marques<\/em><br \/>\n<strong>Fotos:<\/strong> M<em>ateus de Medeiros<\/em><\/p>\n","protected":false},"excerpt":{"rendered":"<p>A coordena\u00e7\u00e3o dos cursos de Ci\u00eancia de Dados e An\u00e1lise e Desenvolvimento de Sistemas, vinculados ao Programa Limite do Vis\u00edvel, que \u00e9 desenvolvido por meio de uma parceria entre o Governo da Para\u00edba, por meio da Secretaria de Estado da Ci\u00eancia, Tecnologia, Inova\u00e7\u00e3o e Ensino Superior (SECTIES) e a Universidade Estadual da Para\u00edba, realizou nesta <a class=\"leiamais\" href=\"https:\/\/centros.uepb.edu.br\/ccbsa\/programa-limite-do-visivel-realiza-solenidade-de-abertura-das-aulas-presenciais-de-cursos-na-area-de-tecnologia\/\">Leia Mais&#8230;<\/a><\/p>\n","protected":false},"author":8,"featured_media":10354,"comment_status":"closed","ping_status":"closed","sticky":false,"template":"","format":"standard","meta":{"footnotes":""},"categories":[3,11],"tags":[],"class_list":["post-10353","post","type-post","status-publish","format-standard","has-post-thumbnail","hentry","category-noticias","category-noticias-destaque-img"],"jetpack_featured_media_url":"https:\/\/centros.uepb.edu.br\/ccbsa\/files\/2023\/10\/23.10.2023-Abertura-das-aulas-presenciais-Limite-do-Visivel-Mateus-de-Medeiros-11.png","_links":{"self":[{"href":"https:\/\/centros.uepb.edu.br\/ccbsa\/wp-json\/wp\/v2\/posts\/10353","targetHints":{"allow":["GET"]}}],"collection":[{"href":"https:\/\/centros.uepb.edu.br\/ccbsa\/wp-json\/wp\/v2\/posts"}],"about":[{"href":"https:\/\/centros.uepb.edu.br\/ccbsa\/wp-json\/wp\/v2\/types\/post"}],"author":[{"embeddable":true,"href":"https:\/\/centros.uepb.edu.br\/ccbsa\/wp-json\/wp\/v2\/users\/8"}],"replies":[{"embeddable":true,"href":"https:\/\/centros.uepb.edu.br\/ccbsa\/wp-json\/wp\/v2\/comments?post=10353"}],"version-history":[{"count":0,"href":"https:\/\/centros.uepb.edu.br\/ccbsa\/wp-json\/wp\/v2\/posts\/10353\/revisions"}],"wp:featuredmedia":[{"embeddable":true,"href":"https:\/\/centros.uepb.edu.br\/ccbsa\/wp-json\/wp\/v2\/media\/10354"}],"wp:attachment":[{"href":"https:\/\/centros.uepb.edu.br\/ccbsa\/wp-json\/wp\/v2\/media?parent=10353"}],"wp:term":[{"taxonomy":"category","embeddable":true,"href":"https:\/\/centros.uepb.edu.br\/ccbsa\/wp-json\/wp\/v2\/categories?post=10353"},{"taxonomy":"post_tag","embeddable":true,"href":"https:\/\/centros.uepb.edu.br\/ccbsa\/wp-json\/wp\/v2\/tags?post=10353"}],"curies":[{"name":"wp","href":"https:\/\/api.w.org\/{rel}","templated":true}]}}