{"id":10331,"date":"2023-10-18T16:29:55","date_gmt":"2023-10-18T16:29:55","guid":{"rendered":"https:\/\/centros.uepb.edu.br\/ccbsa\/?p=10331"},"modified":"2023-10-19T16:18:09","modified_gmt":"2023-10-19T16:18:09","slug":"pos-graduacao-em-relacoes-internacionais-promove-seminario-sobre-china-e-america-latina-na-contemporaneidade","status":"publish","type":"post","link":"https:\/\/centros.uepb.edu.br\/ccbsa\/pos-graduacao-em-relacoes-internacionais-promove-seminario-sobre-china-e-america-latina-na-contemporaneidade\/","title":{"rendered":"P\u00f3s-gradua\u00e7\u00e3o em Rela\u00e7\u00f5es Internacionais promove Semin\u00e1rio sobre China e Am\u00e9rica Latina na contemporaneidade"},"content":{"rendered":"<p><a href=\"https:\/\/centros.uepb.edu.br\/ccbsa\/files\/2023\/10\/SEMINARIO-CHINA-AMERICA-LATINA.png\"><img loading=\"lazy\" decoding=\"async\" class=\"aligncenter size-full wp-image-10332 img-responsive\" src=\"https:\/\/centros.uepb.edu.br\/ccbsa\/files\/2023\/10\/SEMINARIO-CHINA-AMERICA-LATINA.png\" alt=\"\" width=\"1200\" height=\"680\" srcset=\"https:\/\/centros.uepb.edu.br\/ccbsa\/files\/2023\/10\/SEMINARIO-CHINA-AMERICA-LATINA.png 1200w, https:\/\/centros.uepb.edu.br\/ccbsa\/files\/2023\/10\/SEMINARIO-CHINA-AMERICA-LATINA-300x170.png 300w, https:\/\/centros.uepb.edu.br\/ccbsa\/files\/2023\/10\/SEMINARIO-CHINA-AMERICA-LATINA-1120x635.png 1120w\" sizes=\"auto, (max-width: 1200px) 100vw, 1200px\" \/><\/a><\/p>\n<p>O Programa de P\u00f3s-Gradua\u00e7\u00e3o em Rela\u00e7\u00f5es Internacionais (PPGRI) da Universidade Estadual da Para\u00edba (PPGRI\/UEPB), em parceria com a coordena\u00e7\u00e3o do Grupo de Trabalho \u201cChina y el mapa del poder mundial\u201d do Conselho Latino-americano de Ci\u00eancias Sociais (CLACSO), promove, nos dias 20 e 27 de outubro e 10 e 17 de novembro, o \u201cSemin\u00e1rio sobre China e Am\u00e9rica Latina na contemporaneidade\u201d, que ser\u00e1 realizado de forma remota via Google Meet.<\/p>\n<p>De acordo com o professor do PPGRI, Bernardo Salgado Rodrigues, que coordena o Semin\u00e1rio, o Evento foi idealizado com o objetivo de apresentar pesquisas, debates e experi\u00eancias relacionadas \u00e0 China e Am\u00e9rica Latina, mais especificamente relacionadas ao primeiro livro do Grupo de Trabalho do CLACSO \u201cChina y el mapa del poder mundial\u201d. As atividades ser\u00e3o conduzidas virtualmente com a participa\u00e7\u00e3o dos pesquisadores do GT em palestras s\u00edncronas de quatro encontros. Cada encontro ter\u00e1 dura\u00e7\u00e3o total de duas horas.<\/p>\n<p>Entre os temas que s\u00e3o analisados est\u00e3o: as principais tend\u00eancias estruturais da reconfigura\u00e7\u00e3o do atual sistema mundial e os imensos conflitos geopol\u00edticos e de classe; o papel da pandemia em sua acelera\u00e7\u00e3o; estrat\u00e9gias dos EUA para conter a China promovidas por Think Tanks, intelectuais e funcion\u00e1rios dos governos Trump e Biden; o projeto civilizador apresentado por Xi Jinping; o lugar do socialismo de mercado nas lutas pela redefini\u00e7\u00e3o do poder mundial; as vastas possibilidades que se abrem para Nossa Am\u00e9rica com a renova\u00e7\u00e3o do esp\u00edrito de Bandung e da coopera\u00e7\u00e3o Sul-Sul; e o equil\u00edbrio das rela\u00e7\u00f5es entre a China e a Am\u00e9rica Latina e o Caribe por meio dos fluxos comerciais e de investimentos na nova Rota da Seda, no F\u00f3rum China-CELAC e nos v\u00ednculos entre Brasil e China.<\/p>\n<p>Voltado a estudantes, professores e pesquisadores que atuam com Rela\u00e7\u00f5es Internacionais, Ci\u00eancias Sociais, Economia, Geopol\u00edtica, Estudos Estrat\u00e9gicos e \u00e1reas correlatas, o Semin\u00e1rio destaca-se como importante espa\u00e7o de debate sobre a China no s\u00e9culo XXI, sobretudo diante da participa\u00e7\u00e3o cada vez maior das rela\u00e7\u00f5es entre China e Am\u00e9rica Latina, e configura-se como uma oportunidade de entrar em contato com maiores especialistas em China da Am\u00e9rica Latina.<\/p>\n<p>As inscri\u00e7\u00f5es para o Evento devem ser realizadas via <a href=\"https:\/\/forms.gle\/8tt5Ey6TgwrnUmdW6\">formul\u00e1rio eletr\u00f4nico.<\/a><\/p>\n<p>Para mais informa\u00e7\u00f5es: <a href=\"https:\/\/drive.google.com\/drive\/folders\/1nofaFWoMoYYlJgIQ3qA\">https:\/\/drive.google.com\/drive\/folders\/1nofaFWoMoYYlJgIQ3qA<\/a>.<\/p>\n<p><em><strong>Texto:<\/strong> Juliana Marques<\/em><\/p>\n<p>&nbsp;<\/p>\n","protected":false},"excerpt":{"rendered":"<p>O Programa de P\u00f3s-Gradua\u00e7\u00e3o em Rela\u00e7\u00f5es Internacionais (PPGRI) da Universidade Estadual da Para\u00edba (PPGRI\/UEPB), em parceria com a coordena\u00e7\u00e3o do Grupo de Trabalho \u201cChina y el mapa del poder mundial\u201d do Conselho Latino-americano de Ci\u00eancias Sociais (CLACSO), promove, nos dias 20 e 27 de outubro e 10 e 17 de novembro, o \u201cSemin\u00e1rio sobre China <a class=\"leiamais\" href=\"https:\/\/centros.uepb.edu.br\/ccbsa\/pos-graduacao-em-relacoes-internacionais-promove-seminario-sobre-china-e-america-latina-na-contemporaneidade\/\">Leia Mais&#8230;<\/a><\/p>\n","protected":false},"author":8,"featured_media":10332,"comment_status":"closed","ping_status":"closed","sticky":false,"template":"","format":"standard","meta":{"footnotes":""},"categories":[3,11],"tags":[],"class_list":["post-10331","post","type-post","status-publish","format-standard","has-post-thumbnail","hentry","category-noticias","category-noticias-destaque-img"],"jetpack_featured_media_url":"https:\/\/centros.uepb.edu.br\/ccbsa\/files\/2023\/10\/SEMINARIO-CHINA-AMERICA-LATINA.png","_links":{"self":[{"href":"https:\/\/centros.uepb.edu.br\/ccbsa\/wp-json\/wp\/v2\/posts\/10331","targetHints":{"allow":["GET"]}}],"collection":[{"href":"https:\/\/centros.uepb.edu.br\/ccbsa\/wp-json\/wp\/v2\/posts"}],"about":[{"href":"https:\/\/centros.uepb.edu.br\/ccbsa\/wp-json\/wp\/v2\/types\/post"}],"author":[{"embeddable":true,"href":"https:\/\/centros.uepb.edu.br\/ccbsa\/wp-json\/wp\/v2\/users\/8"}],"replies":[{"embeddable":true,"href":"https:\/\/centros.uepb.edu.br\/ccbsa\/wp-json\/wp\/v2\/comments?post=10331"}],"version-history":[{"count":0,"href":"https:\/\/centros.uepb.edu.br\/ccbsa\/wp-json\/wp\/v2\/posts\/10331\/revisions"}],"wp:featuredmedia":[{"embeddable":true,"href":"https:\/\/centros.uepb.edu.br\/ccbsa\/wp-json\/wp\/v2\/media\/10332"}],"wp:attachment":[{"href":"https:\/\/centros.uepb.edu.br\/ccbsa\/wp-json\/wp\/v2\/media?parent=10331"}],"wp:term":[{"taxonomy":"category","embeddable":true,"href":"https:\/\/centros.uepb.edu.br\/ccbsa\/wp-json\/wp\/v2\/categories?post=10331"},{"taxonomy":"post_tag","embeddable":true,"href":"https:\/\/centros.uepb.edu.br\/ccbsa\/wp-json\/wp\/v2\/tags?post=10331"}],"curies":[{"name":"wp","href":"https:\/\/api.w.org\/{rel}","templated":true}]}}