{"id":10295,"date":"2023-10-10T12:54:29","date_gmt":"2023-10-10T12:54:29","guid":{"rendered":"https:\/\/centros.uepb.edu.br\/ccbsa\/?p=10295"},"modified":"2023-10-10T13:34:17","modified_gmt":"2023-10-10T13:34:17","slug":"coordenador-da-area-de-ciencia-politica-e-relacoes-internacionais-do-cnpq-participa-de-reuniao-e-palestra-promovidas-pelo-ppgri","status":"publish","type":"post","link":"https:\/\/centros.uepb.edu.br\/ccbsa\/coordenador-da-area-de-ciencia-politica-e-relacoes-internacionais-do-cnpq-participa-de-reuniao-e-palestra-promovidas-pelo-ppgri\/","title":{"rendered":"Coordenador da \u00e1rea de ci\u00eancia pol\u00edtica e rela\u00e7\u00f5es internacionais do CNPq participa de reuni\u00e3o e palestra promovidas pelo PPGRI"},"content":{"rendered":"\n\t\t<style type=\"text\/css\">\n\t\t\t#gallery-1 {\n\t\t\t\tmargin: auto;\n\t\t\t}\n\t\t\t#gallery-1 .gallery-item {\n\t\t\t\tfloat: left;\n\t\t\t\tmargin-top: 10px;\n\t\t\t\ttext-align: center;\n\t\t\t\twidth: 33%;\n\t\t\t}\n\t\t\t#gallery-1 img {\n\t\t\t\tborder: 2px solid #cfcfcf;\n\t\t\t}\n\t\t\t#gallery-1 .gallery-caption {\n\t\t\t\tmargin-left: 0;\n\t\t\t}\n\t\t\t\/* see gallery_shortcode() in wp-includes\/media.php *\/\n\t\t<\/style>\n\t\t<div id='gallery-1' class='gallery galleryid-10295 gallery-columns-3 gallery-size-full'><dl class='gallery-item'>\n\t\t\t<dt class='gallery-icon landscape'>\n\t\t\t\t<a href='https:\/\/centros.uepb.edu.br\/ccbsa\/files\/2023\/10\/IMG_8761.png'><img loading=\"lazy\" decoding=\"async\" width=\"1200\" height=\"680\" src=\"https:\/\/centros.uepb.edu.br\/ccbsa\/files\/2023\/10\/IMG_8761.png\" class=\"attachment-full size-full\" alt=\"\" srcset=\"https:\/\/centros.uepb.edu.br\/ccbsa\/files\/2023\/10\/IMG_8761.png 1200w, https:\/\/centros.uepb.edu.br\/ccbsa\/files\/2023\/10\/IMG_8761-300x170.png 300w, https:\/\/centros.uepb.edu.br\/ccbsa\/files\/2023\/10\/IMG_8761-1120x635.png 1120w\" sizes=\"auto, (max-width: 1200px) 100vw, 1200px\" \/><\/a>\n\t\t\t<\/dt><\/dl><dl class='gallery-item'>\n\t\t\t<dt class='gallery-icon landscape'>\n\t\t\t\t<a href='https:\/\/centros.uepb.edu.br\/ccbsa\/files\/2023\/10\/IMG_8759.png'><img loading=\"lazy\" decoding=\"async\" width=\"1200\" height=\"680\" src=\"https:\/\/centros.uepb.edu.br\/ccbsa\/files\/2023\/10\/IMG_8759.png\" class=\"attachment-full size-full\" alt=\"\" srcset=\"https:\/\/centros.uepb.edu.br\/ccbsa\/files\/2023\/10\/IMG_8759.png 1200w, https:\/\/centros.uepb.edu.br\/ccbsa\/files\/2023\/10\/IMG_8759-300x170.png 300w, https:\/\/centros.uepb.edu.br\/ccbsa\/files\/2023\/10\/IMG_8759-1120x635.png 1120w\" sizes=\"auto, (max-width: 1200px) 100vw, 1200px\" \/><\/a>\n\t\t\t<\/dt><\/dl>\n\t\t\t<br style='clear: both' \/>\n\t\t<\/div>\n\n<p>Com o objetivo de apontar caminhos que possam contribuir com o aprimoramento do Programa de P\u00f3s-gradua\u00e7\u00e3o em Rela\u00e7\u00f5es Internacionais (PPGRI) da Universidade Estadual da Para\u00edba (UEPB) e dialogar sobre as vis\u00f5es de futuro do sul global e outras pautas relevantes na \u00e1rea, como a guerra na Ucr\u00e2nia, o professor da Universidade Estadual Paulista, Samuel Soares, esteve presente no C\u00e2mpus V na quinta e sexta-feira (6).<\/p>\n<p>De acordo com a coordenadora do PPGRI, professora Cristina Pacheco, a vinda do professor Samuel j\u00e1 era idealizada h\u00e1 meses para possibilitar a reflex\u00e3o da coordena\u00e7\u00e3o e equipe de docentes do referido Programa sobre os rumos estabelecidos e poss\u00edveis melhorias nos processos para que as avalia\u00e7\u00f5es possam refletir a realidade observada e o Mestrado possa melhorar seus \u00edndices. \u201cNossa preocupa\u00e7\u00e3o \u00e9 saber o quanto est\u00e1vamos no caminho correto de preenchimento da plataforma Sucupira porque, mesmo sendo uma universidade perif\u00e9rica temos conseguido publicar bem, conquistar espa\u00e7os, ganhamos um pr\u00eamio de disserta\u00e7\u00f5es competindo com outras universidades. Ent\u00e3o queremos refletir sobre o que estamos fazendo e verificar se estamos fazendo as costuras corretas para melhorar nossa nota de avalia\u00e7\u00e3o\u201d, avalia.<\/p>\n<p>Para o professor Samuel, o PPGRI apresenta-se como um curso organizado e com clareza do que est\u00e1 sendo feito. \u201cFiquei bem impressionado com a maturidade do Programa e apenas apontei alguns caminhos para que seja poss\u00edvel expor tudo que o Curso disp\u00f5e para que a avalia\u00e7\u00e3o possa corresponder a essa situa\u00e7\u00e3o concreta\u201d, declara.<\/p>\n<p>Durante a palestra \u201cUsurpa\u00e7\u00e3o do futuro como pr\u00e1ticas securit\u00e1rias\u201d, realizada na sexta-feira (6) no audit\u00f3rio Pioneiros, o professor Samuel Soares apresentou uma reflex\u00e3o sobre a vis\u00e3o de futuro presente no sul global que seria orientada a partir de alternativas apresentadas por metr\u00f3poles. \u201cSe considerarmos que toda a\u00e7\u00e3o humana \u00e9 orientada por nossa vis\u00e3o de futuro, o nosso imagin\u00e1rio fica muito colonizado a partir dessas vis\u00f5es de mundo que s\u00e3o apresentadas por esses pa\u00edses. Ficamos presos num c\u00edrculo que n\u00e3o nos permite imaginar outras alternativas de futuro, a esse tipo de processo chama-se desfuturiza\u00e7\u00e3o. O fato de que nos dizem que h\u00e1 apenas uma alternativa de futuro e n\u00e3o outras, \u00e9 tamb\u00e9m uma pr\u00e1tica violenta, securit\u00e1ria, nos impede, ou cria um conjunto de obst\u00e1culos, para considerarmos possibilidades distintas de futuro\u201d, explica.<\/p>\n<p><strong>Guerra na Ucr\u00e2nia<\/strong><\/p>\n<p>Durante a palestra o professor Samuel Soares foi questionado pelos presentes a respeito da Guerra na Ucr\u00e2nia. Na oportunidade, o pesquisador enfatizou que a dura\u00e7\u00e3o do conflito tem surpreendido especialistas que acompanham esse confronto j\u00e1 que, conforme enfatiza o docente, a R\u00fassia apresente poder b\u00e9lico superior \u00e0 Ucr\u00e2nia, por\u00e9m, a interven\u00e7\u00e3o de outras na\u00e7\u00f5es contribui para que o conflito se prolongue por tanto tempo.<\/p>\n<p>\u201cOs interesses s\u00e3o maiores nesta guerra que n\u00e3o \u00e9 \u2018da\u2019 Ucr\u00e2nia, e sim \u2018na\u2019 Ucr\u00e2nia. H\u00e1 um quadro de conflito entre Estados Unidos e China. Tamb\u00e9m temos a interven\u00e7\u00e3o da OTAN. E uma das repercuss\u00f5es desse conflito est\u00e1 relacionada ao emprego cada vez maior de tecnologias de intelig\u00eancia artificial, como drones n\u00e3o tripulados armados, chamados drones kamizazes, que provavelmente, em breve, estar\u00e3o dispon\u00edveis para uso em outros pa\u00edses, como o Brasil. Al\u00e9m disso, h\u00e1 uma perspectiva de aumento do investimento em defesa, que chega a 2% do Produto Interno Bruto nos pa\u00edses da OTAN. Nos Estados Unidos, estamos falando em algo em torno de 200 bilh\u00f5es de d\u00f3lares anualmente. No Brasil j\u00e1 gastamos em torno de 1.4% do PIB com defesa e h\u00e1 uma press\u00e3o para chegarmos a 2%. Ent\u00e3o nos cabe questionar: por que teremos que empregar 2%? Que tipo de amea\u00e7a exige isso? Se a resposta for que precisa, de onde vai tirar? \u00c9 muito dinheiro. O atual PAC concedeu ao Minist\u00e9rio da Defesa uma fatia maior que educa\u00e7\u00e3o e sa\u00fade\u201d, avalia o professor Samuel.<\/p>\n<p>P\u00f3s-doutor pela Georgetown University, doutor em Ci\u00eancia Pol\u00edtica pela Universidade de S\u00e3o Paulo, Samuel Soares foi presidente da Associa\u00e7\u00e3o Brasileira de Estudos de Defesa (Abed), e atualmente \u00e9 bolsista produtividade 2 do Conselho Nacional de Desenvolvimento Cient\u00edfico e Tecnol\u00f3gico (CNPq), pesquisador do Grupo de Estudos de Defesa e Seguran\u00e7a Internacional (Gedes) e coordenador do Grupo de Elabora\u00e7\u00e3o de Cen\u00e1rios Prospectivos.<\/p>\n<p><strong>Texto e fotos:<\/strong><em> Juliana Marques<\/em><\/p>\n","protected":false},"excerpt":{"rendered":"<p>Com o objetivo de apontar caminhos que possam contribuir com o aprimoramento do Programa de P\u00f3s-gradua\u00e7\u00e3o em Rela\u00e7\u00f5es Internacionais (PPGRI) da Universidade Estadual da Para\u00edba (UEPB) e dialogar sobre as vis\u00f5es de futuro do sul global e outras pautas relevantes na \u00e1rea, como a guerra na Ucr\u00e2nia, o professor da Universidade Estadual Paulista, Samuel Soares, <a class=\"leiamais\" href=\"https:\/\/centros.uepb.edu.br\/ccbsa\/coordenador-da-area-de-ciencia-politica-e-relacoes-internacionais-do-cnpq-participa-de-reuniao-e-palestra-promovidas-pelo-ppgri\/\">Leia Mais&#8230;<\/a><\/p>\n","protected":false},"author":8,"featured_media":10296,"comment_status":"closed","ping_status":"closed","sticky":false,"template":"","format":"standard","meta":{"footnotes":""},"categories":[3,11],"tags":[],"class_list":["post-10295","post","type-post","status-publish","format-standard","has-post-thumbnail","hentry","category-noticias","category-noticias-destaque-img"],"jetpack_featured_media_url":"https:\/\/centros.uepb.edu.br\/ccbsa\/files\/2023\/10\/IMG_8759.png","_links":{"self":[{"href":"https:\/\/centros.uepb.edu.br\/ccbsa\/wp-json\/wp\/v2\/posts\/10295","targetHints":{"allow":["GET"]}}],"collection":[{"href":"https:\/\/centros.uepb.edu.br\/ccbsa\/wp-json\/wp\/v2\/posts"}],"about":[{"href":"https:\/\/centros.uepb.edu.br\/ccbsa\/wp-json\/wp\/v2\/types\/post"}],"author":[{"embeddable":true,"href":"https:\/\/centros.uepb.edu.br\/ccbsa\/wp-json\/wp\/v2\/users\/8"}],"replies":[{"embeddable":true,"href":"https:\/\/centros.uepb.edu.br\/ccbsa\/wp-json\/wp\/v2\/comments?post=10295"}],"version-history":[{"count":0,"href":"https:\/\/centros.uepb.edu.br\/ccbsa\/wp-json\/wp\/v2\/posts\/10295\/revisions"}],"wp:featuredmedia":[{"embeddable":true,"href":"https:\/\/centros.uepb.edu.br\/ccbsa\/wp-json\/wp\/v2\/media\/10296"}],"wp:attachment":[{"href":"https:\/\/centros.uepb.edu.br\/ccbsa\/wp-json\/wp\/v2\/media?parent=10295"}],"wp:term":[{"taxonomy":"category","embeddable":true,"href":"https:\/\/centros.uepb.edu.br\/ccbsa\/wp-json\/wp\/v2\/categories?post=10295"},{"taxonomy":"post_tag","embeddable":true,"href":"https:\/\/centros.uepb.edu.br\/ccbsa\/wp-json\/wp\/v2\/tags?post=10295"}],"curies":[{"name":"wp","href":"https:\/\/api.w.org\/{rel}","templated":true}]}}