{"id":10279,"date":"2023-09-28T17:09:17","date_gmt":"2023-09-28T17:09:17","guid":{"rendered":"https:\/\/centros.uepb.edu.br\/ccbsa\/?p=10279"},"modified":"2023-09-28T17:27:21","modified_gmt":"2023-09-28T17:27:21","slug":"uepb-e-uma-das-promotoras-do-encontro-de-genetica-do-nordeste-que-sera-realizado-em-novembro-e-esta-com-inscricoes-abertas","status":"publish","type":"post","link":"https:\/\/centros.uepb.edu.br\/ccbsa\/uepb-e-uma-das-promotoras-do-encontro-de-genetica-do-nordeste-que-sera-realizado-em-novembro-e-esta-com-inscricoes-abertas\/","title":{"rendered":"UEPB \u00e9 uma das promotoras do Encontro de Gen\u00e9tica do Nordeste que ser\u00e1 realizado em novembro e est\u00e1 com inscri\u00e7\u00f5es abertas"},"content":{"rendered":"<p><a href=\"https:\/\/centros.uepb.edu.br\/ccbsa\/files\/2023\/09\/ENGENE.png\"><img loading=\"lazy\" decoding=\"async\" class=\"aligncenter size-full wp-image-10280 img-responsive\" src=\"https:\/\/centros.uepb.edu.br\/ccbsa\/files\/2023\/09\/ENGENE.png\" alt=\"\" width=\"1200\" height=\"680\" srcset=\"https:\/\/centros.uepb.edu.br\/ccbsa\/files\/2023\/09\/ENGENE.png 1200w, https:\/\/centros.uepb.edu.br\/ccbsa\/files\/2023\/09\/ENGENE-300x170.png 300w, https:\/\/centros.uepb.edu.br\/ccbsa\/files\/2023\/09\/ENGENE-1120x635.png 1120w\" sizes=\"auto, (max-width: 1200px) 100vw, 1200px\" \/><\/a><\/p>\n<p>A Universidade Estadual da Para\u00edba (UEPB), em parceria com a Sociedade Brasileira de Gen\u00e9tica, regional Nordeste (SBG-NE), Universidade Federal da Para\u00edba (UFPB) e Universidade Federal do Rio Grande do Norte (UFRN), promovem, de 12 a 15 de novembro, no Espa\u00e7o Cultural Jos\u00e9 Lins do R\u00eago, em Jo\u00e3o Pessoa, o 24\u00aa Encontro de Gen\u00e9tica do Nordeste (ENGENE) &#8211; 70 anos da estrutura do DNA: Impactos na regi\u00e3o Nordeste.<\/p>\n<p>O ENGENE re\u00fane centenas de pesquisadores, professores e estudantes envolvidos com pesquisas na \u00e1rea de gen\u00e9tica e suas interfaces no \u00e2mbito das ci\u00eancias biol\u00f3gicas, da sa\u00fade, meio ambiente e da agropecu\u00e1ria. O p\u00fablico-alvo abrange profissionais, pesquisadores de institutos nacionais e regionais, docentes de institui\u00e7\u00f5es p\u00fablicas e privadas de ensino superior, estudantes de p\u00f3s-gradua\u00e7\u00e3o e gradua\u00e7\u00e3o, profissionais da \u00e1rea m\u00e9dica, reprodutiva e forense, fornecedores de equipamentos e insumos, bem como professores e alunos do ensino m\u00e9dio.<\/p>\n<p>A programa\u00e7\u00e3o desta edi\u00e7\u00e3o do Evento re\u00fane palestras, confer\u00eancias, mesas-redondas e minicursos, al\u00e9m de apresenta\u00e7\u00f5es de trabalhos orais e em sess\u00f5es de pain\u00e9is em sete \u00e1reas tem\u00e1ticas da gen\u00e9tica. Paralelamente \u00e0 programa\u00e7\u00e3o do 24\u00ba ENGENE, ocorrer\u00e3o reuni\u00f5es adicionais tradicionalmente abrigadas pelo evento, incluindo o &#8220;6\u00ba Simp\u00f3sio de Gen\u00e9tica Humana e M\u00e9dica do Nordeste&#8221;, o &#8220;5\u00ba Simp\u00f3sio de Gen\u00e9tica Forense do Nordeste&#8221; e o &#8220;4\u00ba F\u00f3rum de Pesquisa e P\u00f3s-gradua\u00e7\u00e3o em Gen\u00e9tica do Nordeste&#8221;.<\/p>\n<p>Durante o evento ser\u00e3o realizadas sess\u00f5es de comunica\u00e7\u00f5es orais e apresenta\u00e7\u00f5es de p\u00f4steres e os interessados em enviar trabalhos para serem apresentados em alguma dessas modalidades devem efetuar a submiss\u00e3o at\u00e9 6 de outubro por meio do endere\u00e7o eletr\u00f4nico do evento: <a href=\"https:\/\/sbg.org.br\/eventos\/engene2023\/inscricao\">https:\/\/sbg.org.br\/eventos\/engene2023\/inscricao<\/a>.<\/p>\n<p>Para mais informa\u00e7\u00f5es: <a href=\"https:\/\/sbg.org.br\/eventos\/engene2023\/index.php\">https:\/\/sbg.org.br\/eventos\/engene2023\/index.php<\/a>.<\/p>\n<p>Texto: Juliana Marques.<\/p>\n","protected":false},"excerpt":{"rendered":"<p>A Universidade Estadual da Para\u00edba (UEPB), em parceria com a Sociedade Brasileira de Gen\u00e9tica, regional Nordeste (SBG-NE), Universidade Federal da Para\u00edba (UFPB) e Universidade Federal do Rio Grande do Norte (UFRN), promovem, de 12 a 15 de novembro, no Espa\u00e7o Cultural Jos\u00e9 Lins do R\u00eago, em Jo\u00e3o Pessoa, o 24\u00aa Encontro de Gen\u00e9tica do Nordeste <a class=\"leiamais\" href=\"https:\/\/centros.uepb.edu.br\/ccbsa\/uepb-e-uma-das-promotoras-do-encontro-de-genetica-do-nordeste-que-sera-realizado-em-novembro-e-esta-com-inscricoes-abertas\/\">Leia Mais&#8230;<\/a><\/p>\n","protected":false},"author":8,"featured_media":10280,"comment_status":"closed","ping_status":"closed","sticky":false,"template":"","format":"standard","meta":{"footnotes":""},"categories":[3,11],"tags":[],"class_list":["post-10279","post","type-post","status-publish","format-standard","has-post-thumbnail","hentry","category-noticias","category-noticias-destaque-img"],"jetpack_featured_media_url":"https:\/\/centros.uepb.edu.br\/ccbsa\/files\/2023\/09\/ENGENE.png","_links":{"self":[{"href":"https:\/\/centros.uepb.edu.br\/ccbsa\/wp-json\/wp\/v2\/posts\/10279","targetHints":{"allow":["GET"]}}],"collection":[{"href":"https:\/\/centros.uepb.edu.br\/ccbsa\/wp-json\/wp\/v2\/posts"}],"about":[{"href":"https:\/\/centros.uepb.edu.br\/ccbsa\/wp-json\/wp\/v2\/types\/post"}],"author":[{"embeddable":true,"href":"https:\/\/centros.uepb.edu.br\/ccbsa\/wp-json\/wp\/v2\/users\/8"}],"replies":[{"embeddable":true,"href":"https:\/\/centros.uepb.edu.br\/ccbsa\/wp-json\/wp\/v2\/comments?post=10279"}],"version-history":[{"count":0,"href":"https:\/\/centros.uepb.edu.br\/ccbsa\/wp-json\/wp\/v2\/posts\/10279\/revisions"}],"wp:featuredmedia":[{"embeddable":true,"href":"https:\/\/centros.uepb.edu.br\/ccbsa\/wp-json\/wp\/v2\/media\/10280"}],"wp:attachment":[{"href":"https:\/\/centros.uepb.edu.br\/ccbsa\/wp-json\/wp\/v2\/media?parent=10279"}],"wp:term":[{"taxonomy":"category","embeddable":true,"href":"https:\/\/centros.uepb.edu.br\/ccbsa\/wp-json\/wp\/v2\/categories?post=10279"},{"taxonomy":"post_tag","embeddable":true,"href":"https:\/\/centros.uepb.edu.br\/ccbsa\/wp-json\/wp\/v2\/tags?post=10279"}],"curies":[{"name":"wp","href":"https:\/\/api.w.org\/{rel}","templated":true}]}}