{"id":10273,"date":"2023-09-28T15:38:38","date_gmt":"2023-09-28T15:38:38","guid":{"rendered":"https:\/\/centros.uepb.edu.br\/ccbsa\/?p=10273"},"modified":"2023-09-28T17:19:21","modified_gmt":"2023-09-28T17:19:21","slug":"projeto-mudde-promove-drops-farpas-com-circuito-de-dialogos-com-a-participacao-de-comunidade-academica-do-ccbsa","status":"publish","type":"post","link":"https:\/\/centros.uepb.edu.br\/ccbsa\/projeto-mudde-promove-drops-farpas-com-circuito-de-dialogos-com-a-participacao-de-comunidade-academica-do-ccbsa\/","title":{"rendered":"Projeto Mudde promove Drops Farpas com circuito de di\u00e1logos com a participa\u00e7\u00e3o de comunidade acad\u00eamica do CCBSA"},"content":{"rendered":"\n\t\t<style type=\"text\/css\">\n\t\t\t#gallery-1 {\n\t\t\t\tmargin: auto;\n\t\t\t}\n\t\t\t#gallery-1 .gallery-item {\n\t\t\t\tfloat: left;\n\t\t\t\tmargin-top: 10px;\n\t\t\t\ttext-align: center;\n\t\t\t\twidth: 33%;\n\t\t\t}\n\t\t\t#gallery-1 img {\n\t\t\t\tborder: 2px solid #cfcfcf;\n\t\t\t}\n\t\t\t#gallery-1 .gallery-caption {\n\t\t\t\tmargin-left: 0;\n\t\t\t}\n\t\t\t\/* see gallery_shortcode() in wp-includes\/media.php *\/\n\t\t<\/style>\n\t\t<div id='gallery-1' class='gallery galleryid-10273 gallery-columns-3 gallery-size-full'><dl class='gallery-item'>\n\t\t\t<dt class='gallery-icon landscape'>\n\t\t\t\t<a href='https:\/\/centros.uepb.edu.br\/ccbsa\/files\/2023\/09\/CONVERSAS-QUE-ABRACAM-3.png'><img loading=\"lazy\" decoding=\"async\" width=\"1200\" height=\"800\" src=\"https:\/\/centros.uepb.edu.br\/ccbsa\/files\/2023\/09\/CONVERSAS-QUE-ABRACAM-3.png\" class=\"attachment-full size-full\" alt=\"\" srcset=\"https:\/\/centros.uepb.edu.br\/ccbsa\/files\/2023\/09\/CONVERSAS-QUE-ABRACAM-3.png 1200w, https:\/\/centros.uepb.edu.br\/ccbsa\/files\/2023\/09\/CONVERSAS-QUE-ABRACAM-3-300x200.png 300w, https:\/\/centros.uepb.edu.br\/ccbsa\/files\/2023\/09\/CONVERSAS-QUE-ABRACAM-3-1120x747.png 1120w\" sizes=\"auto, (max-width: 1200px) 100vw, 1200px\" \/><\/a>\n\t\t\t<\/dt><\/dl><dl class='gallery-item'>\n\t\t\t<dt class='gallery-icon landscape'>\n\t\t\t\t<a href='https:\/\/centros.uepb.edu.br\/ccbsa\/files\/2023\/09\/CONVERSAS-QUE-ABRACAM-1-1.png'><img loading=\"lazy\" decoding=\"async\" width=\"1200\" height=\"680\" src=\"https:\/\/centros.uepb.edu.br\/ccbsa\/files\/2023\/09\/CONVERSAS-QUE-ABRACAM-1-1.png\" class=\"attachment-full size-full\" alt=\"\" srcset=\"https:\/\/centros.uepb.edu.br\/ccbsa\/files\/2023\/09\/CONVERSAS-QUE-ABRACAM-1-1.png 1200w, https:\/\/centros.uepb.edu.br\/ccbsa\/files\/2023\/09\/CONVERSAS-QUE-ABRACAM-1-1-300x170.png 300w, https:\/\/centros.uepb.edu.br\/ccbsa\/files\/2023\/09\/CONVERSAS-QUE-ABRACAM-1-1-1120x635.png 1120w\" sizes=\"auto, (max-width: 1200px) 100vw, 1200px\" \/><\/a>\n\t\t\t<\/dt><\/dl>\n\t\t\t<br style='clear: both' \/>\n\t\t<\/div>\n\n<p>&nbsp;<\/p>\n<p>Estudantes, docentes e t\u00e9cnicos-administrativos do C\u00e2mpus V da Universidade Estadual da Para\u00edba (UEPB) foram convidados a participar de um momento de di\u00e1logo e acolhimento realizado nesta na manh\u00e3 desta quinta-feira, 28 de setembro, no hall da Central de Aulas do C\u00e2mpus V. Trata-se do Drops Farpas intitulado \u201cConversas que Abra\u00e7am\u201d, promovido pelo projeto de extens\u00e3o Mem\u00f3ria, sociedade e cidadania (MUDDE): reflex\u00f5es para al\u00e9m dos muros acad\u00eamicos.<\/p>\n<p>O momento, que tamb\u00e9m ocorre \u00e0s 19h, foi idealizado com foco naquelas pessoas com dificuldades de autoestima, ansiedade, estresse, e teve a participa\u00e7\u00e3o das psic\u00f3logas In\u00eas Cavalcanti, Karla Azevedo e Teresa Crispim, al\u00e9m do psicanalista Thiago Lira.<\/p>\n<p>De acordo com o coordenador do MUDDE, professor Henrique Fran\u00e7a, a din\u00e2mica implementada consiste na realiza\u00e7\u00e3o de v\u00e1rios circuitos de di\u00e1logos livres uma a um. \u201cTodas as pessoas que vierem ser\u00e3o convidadas a tomar um caf\u00e9, um ch\u00e1, uma \u00e1gua, e a participar de uma a\u00e7\u00e3o divertida e afetiva, horizontal, pensada para que todos possam ouvir e ser ouvidos\u201d, explica Henrique.<\/p>\n<p>De acordo com o site setembroamarelo.com, praticamente 100% dos casos de suic\u00eddios est\u00e3o relacionados a doen\u00e7as mentais, principalmente aquelas n\u00e3o tratadas ou tratadas incorretamente. Segundo a Organiza\u00e7\u00e3o Mundial da Sa\u00fade (OMS), s\u00f3 em 2019 foram registrados mais de 700 mil suic\u00eddios em todo o mundo. No Brasil, em m\u00e9dia 38 pessoas cometem suic\u00eddio por dia \u2013 e os n\u00fameros preocupam entre jovens entre 15 e 29 anos, sendo o suic\u00eddio a quarta causa de mortes nessa faixa et\u00e1ria. \u201cEsses dados t\u00eam forte liga\u00e7\u00e3o com quest\u00f5es b\u00e1sicas como ansiedade, estresse, depress\u00e3o, entre outras situa\u00e7\u00f5es. N\u00f3s queremos abra\u00e7ar esse assunto com responsabilidade e por isso convidamos a comunidade a participar desse evento\u201d, declara o coordenador do MUDDE.<\/p>\n<p>Essa edi\u00e7\u00e3o do Drops Farpas conta com o apoio dos Projetos Semin\u00e1rio de Saberes Arquiv\u00edsticos (SESA), Cineclube UEPB C\u00e2mpus V, Projeto Universidade em A\u00e7\u00e3o (PUA), Centro de Estudos Avan\u00e7ados em Pol\u00edticas P\u00fablicas e Governan\u00e7a (CEAPPG) e Dire\u00e7\u00e3o do CCBSA.<\/p>\n<p>Mais informa\u00e7\u00f5es: Instagram \u2013\u00a0<a href=\"https:\/\/www.instagram.com\/farpas.uepb\/\">https:\/\/www.instagram.com\/farpas.uepb\/<\/a><\/p>\n","protected":false},"excerpt":{"rendered":"<p>&nbsp; Estudantes, docentes e t\u00e9cnicos-administrativos do C\u00e2mpus V da Universidade Estadual da Para\u00edba (UEPB) foram convidados a participar de um momento de di\u00e1logo e acolhimento realizado nesta na manh\u00e3 desta quinta-feira, 28 de setembro, no hall da Central de Aulas do C\u00e2mpus V. Trata-se do Drops Farpas intitulado \u201cConversas que Abra\u00e7am\u201d, promovido pelo projeto de <a class=\"leiamais\" href=\"https:\/\/centros.uepb.edu.br\/ccbsa\/projeto-mudde-promove-drops-farpas-com-circuito-de-dialogos-com-a-participacao-de-comunidade-academica-do-ccbsa\/\">Leia Mais&#8230;<\/a><\/p>\n","protected":false},"author":8,"featured_media":10274,"comment_status":"closed","ping_status":"closed","sticky":false,"template":"","format":"standard","meta":{"footnotes":""},"categories":[3,11],"tags":[],"class_list":["post-10273","post","type-post","status-publish","format-standard","has-post-thumbnail","hentry","category-noticias","category-noticias-destaque-img"],"jetpack_featured_media_url":"https:\/\/centros.uepb.edu.br\/ccbsa\/files\/2023\/09\/CONVERSAS-QUE-ABRACAM-1.png","_links":{"self":[{"href":"https:\/\/centros.uepb.edu.br\/ccbsa\/wp-json\/wp\/v2\/posts\/10273","targetHints":{"allow":["GET"]}}],"collection":[{"href":"https:\/\/centros.uepb.edu.br\/ccbsa\/wp-json\/wp\/v2\/posts"}],"about":[{"href":"https:\/\/centros.uepb.edu.br\/ccbsa\/wp-json\/wp\/v2\/types\/post"}],"author":[{"embeddable":true,"href":"https:\/\/centros.uepb.edu.br\/ccbsa\/wp-json\/wp\/v2\/users\/8"}],"replies":[{"embeddable":true,"href":"https:\/\/centros.uepb.edu.br\/ccbsa\/wp-json\/wp\/v2\/comments?post=10273"}],"version-history":[{"count":0,"href":"https:\/\/centros.uepb.edu.br\/ccbsa\/wp-json\/wp\/v2\/posts\/10273\/revisions"}],"wp:featuredmedia":[{"embeddable":true,"href":"https:\/\/centros.uepb.edu.br\/ccbsa\/wp-json\/wp\/v2\/media\/10274"}],"wp:attachment":[{"href":"https:\/\/centros.uepb.edu.br\/ccbsa\/wp-json\/wp\/v2\/media?parent=10273"}],"wp:term":[{"taxonomy":"category","embeddable":true,"href":"https:\/\/centros.uepb.edu.br\/ccbsa\/wp-json\/wp\/v2\/categories?post=10273"},{"taxonomy":"post_tag","embeddable":true,"href":"https:\/\/centros.uepb.edu.br\/ccbsa\/wp-json\/wp\/v2\/tags?post=10273"}],"curies":[{"name":"wp","href":"https:\/\/api.w.org\/{rel}","templated":true}]}}