{"id":10262,"date":"2023-09-27T13:43:18","date_gmt":"2023-09-27T13:43:18","guid":{"rendered":"https:\/\/centros.uepb.edu.br\/ccbsa\/?p=10262"},"modified":"2023-09-27T13:43:18","modified_gmt":"2023-09-27T13:43:18","slug":"mestrado-em-relacoes-internacionais-da-uepb-promove-palestra-sobre-usurpacao-do-futuro-e-seguranca-internacional","status":"publish","type":"post","link":"https:\/\/centros.uepb.edu.br\/ccbsa\/mestrado-em-relacoes-internacionais-da-uepb-promove-palestra-sobre-usurpacao-do-futuro-e-seguranca-internacional\/","title":{"rendered":"Mestrado em Rela\u00e7\u00f5es Internacionais da UEPB promove palestra sobre usurpa\u00e7\u00e3o do futuro e seguran\u00e7a internacional"},"content":{"rendered":"<p><a href=\"https:\/\/centros.uepb.edu.br\/ccbsa\/files\/2023\/09\/IMG-20230925-WA0037-2.jpg\"><img loading=\"lazy\" decoding=\"async\" class=\"aligncenter size-full wp-image-10264 img-responsive\" src=\"https:\/\/centros.uepb.edu.br\/ccbsa\/files\/2023\/09\/IMG-20230925-WA0037-2.jpg\" alt=\"\" width=\"1080\" height=\"1080\" srcset=\"https:\/\/centros.uepb.edu.br\/ccbsa\/files\/2023\/09\/IMG-20230925-WA0037-2.jpg 1080w, https:\/\/centros.uepb.edu.br\/ccbsa\/files\/2023\/09\/IMG-20230925-WA0037-2-300x300.jpg 300w, https:\/\/centros.uepb.edu.br\/ccbsa\/files\/2023\/09\/IMG-20230925-WA0037-2-796x796.jpg 796w\" sizes=\"auto, (max-width: 1080px) 100vw, 1080px\" \/><\/a><\/p>\n<p>O Programa de P\u00f3s-Gradua\u00e7\u00e3o em Rela\u00e7\u00f5es Internacionais (PPGRI) da Universidade Estadual da Para\u00edba (UEPB) promove, no dia 6 de outubro, \u00e0s 10h, no audit\u00f3rio Pioneiros, a palestra \u201cUsurpa\u00e7\u00e3o dos Futuros Como Pr\u00e1ticas Securit\u00e1rias\u201d, que ser\u00e1 ministrada pelo professor da UNESP Samuel Alves Soares. Para participar do evento \u00e9 necess\u00e1rio realizar inscri\u00e7\u00f5es previamente por meio de formul\u00e1rio eletr\u00f4nico (https:\/\/forms.gle\/7uq9Etbx7P29nzyb9).<\/p>\n<p>P\u00f3s-doutor pela Georgetown University, doutor em Ci\u00eancia Pol\u00edtica pela Universidade de S\u00e3o Paulo, Samuel Soares foi presidente da Associa\u00e7\u00e3o Brasileira de Estudos de Defesa (Abed), e atualmente \u00e9 bolsista produtivi-dade 2 do Conselho Nacional de Desenvolvimento Cient\u00edfico e Tecnol\u00f3gico (CNPq), pesquisador do Grupo de Estudos de Defesa e Seguran\u00e7a Internacional (Gedes) e coordenador do Grupo de Elabora\u00e7\u00e3o de Cen\u00e1rios Pros-pectivos.<\/p>\n<p>De acordo com Samuel Soares, durante da palestra ser\u00e3o dialogadas quest\u00f5es sobre como um pa\u00eds como o Brasil, em conjunto com pa\u00edses latino-americanos, africanos e outros do Sul Global podem estabelecer par\u00e2metros minimamente democr\u00e1ticos para configurarem suas formas de emprego de meios de for\u00e7a no campo da Seguran\u00e7a Internacional e da Defesa.<\/p>\n<p>\u201cO campo de estudos sobre a Seguran\u00e7a Internacional diz respeito a uma \u00e9tica da morte. Tal \u00e9tica define quem morre, quem vive, como vive, como morre. E, mais ainda, trata de quem toma estas decis\u00f5es. O argumento central \u00e9 que as matrizes decis\u00f3rias sobre a \u00e9tica da morte est\u00e3o localizadas em outros lugares, impostas de variadas formas. Das matrizes, escolas, escolhas da Seguran\u00e7a Internacional decorrem pol\u00edticas, decorrem pr\u00e1ticas. Dentre as pr\u00e1ticas impostas est\u00e1 a restri\u00e7\u00e3o do futuro, a extra\u00e7\u00e3o do pensar e do sentir alternativos, em que as formas de viol\u00eancia e o uso da for\u00e7a devem ser enquadrar em modelos do Norte Global. A proposi\u00e7\u00e3o de um \u00fanico futuro, ou de poucos futuros, \u00e9 uma pr\u00e1tica securit\u00e1ria extremamente violenta. \u00c9 uma pr\u00e1tica de desfuturiza\u00e7\u00e3o. Para definirmos as a\u00e7\u00f5es que apontam para o futuro com base em nossa historicidade, com base em outras formas de viver, \u00e9 preciso decolonizar a Seguran\u00e7a\u201d, resume o pesquisador.<\/p>\n<p>Al\u00e9m da palestra, o pesquisador convidado participar\u00e1 de reuni\u00f5es no dia 5 de outubro com a coordena\u00e7\u00e3o e docentes do PPGRI com o objetivo de dialogar sobre estrat\u00e9gias para fortalecimento e o fortalecimento do Programa.<\/p>\n<p><em><strong>Texto:<\/strong><\/em> <em>Juliana Marques<\/em><\/p>\n","protected":false},"excerpt":{"rendered":"<p>O Programa de P\u00f3s-Gradua\u00e7\u00e3o em Rela\u00e7\u00f5es Internacionais (PPGRI) da Universidade Estadual da Para\u00edba (UEPB) promove, no dia 6 de outubro, \u00e0s 10h, no audit\u00f3rio Pioneiros, a palestra \u201cUsurpa\u00e7\u00e3o dos Futuros Como Pr\u00e1ticas Securit\u00e1rias\u201d, que ser\u00e1 ministrada pelo professor da UNESP Samuel Alves Soares. Para participar do evento \u00e9 necess\u00e1rio realizar inscri\u00e7\u00f5es previamente por meio de <a class=\"leiamais\" href=\"https:\/\/centros.uepb.edu.br\/ccbsa\/mestrado-em-relacoes-internacionais-da-uepb-promove-palestra-sobre-usurpacao-do-futuro-e-seguranca-internacional\/\">Leia Mais&#8230;<\/a><\/p>\n","protected":false},"author":8,"featured_media":10265,"comment_status":"closed","ping_status":"closed","sticky":false,"template":"","format":"standard","meta":{"footnotes":""},"categories":[3,11],"tags":[],"class_list":["post-10262","post","type-post","status-publish","format-standard","has-post-thumbnail","hentry","category-noticias","category-noticias-destaque-img"],"jetpack_featured_media_url":"https:\/\/centros.uepb.edu.br\/ccbsa\/files\/2023\/09\/PPGRI.png","_links":{"self":[{"href":"https:\/\/centros.uepb.edu.br\/ccbsa\/wp-json\/wp\/v2\/posts\/10262","targetHints":{"allow":["GET"]}}],"collection":[{"href":"https:\/\/centros.uepb.edu.br\/ccbsa\/wp-json\/wp\/v2\/posts"}],"about":[{"href":"https:\/\/centros.uepb.edu.br\/ccbsa\/wp-json\/wp\/v2\/types\/post"}],"author":[{"embeddable":true,"href":"https:\/\/centros.uepb.edu.br\/ccbsa\/wp-json\/wp\/v2\/users\/8"}],"replies":[{"embeddable":true,"href":"https:\/\/centros.uepb.edu.br\/ccbsa\/wp-json\/wp\/v2\/comments?post=10262"}],"version-history":[{"count":0,"href":"https:\/\/centros.uepb.edu.br\/ccbsa\/wp-json\/wp\/v2\/posts\/10262\/revisions"}],"wp:featuredmedia":[{"embeddable":true,"href":"https:\/\/centros.uepb.edu.br\/ccbsa\/wp-json\/wp\/v2\/media\/10265"}],"wp:attachment":[{"href":"https:\/\/centros.uepb.edu.br\/ccbsa\/wp-json\/wp\/v2\/media?parent=10262"}],"wp:term":[{"taxonomy":"category","embeddable":true,"href":"https:\/\/centros.uepb.edu.br\/ccbsa\/wp-json\/wp\/v2\/categories?post=10262"},{"taxonomy":"post_tag","embeddable":true,"href":"https:\/\/centros.uepb.edu.br\/ccbsa\/wp-json\/wp\/v2\/tags?post=10262"}],"curies":[{"name":"wp","href":"https:\/\/api.w.org\/{rel}","templated":true}]}}