{"id":10237,"date":"2023-09-21T15:25:12","date_gmt":"2023-09-21T15:25:12","guid":{"rendered":"https:\/\/centros.uepb.edu.br\/ccbsa\/?p=10237"},"modified":"2023-09-21T18:49:24","modified_gmt":"2023-09-21T18:49:24","slug":"reitoria-e-proest-participam-de-reunioes-no-ccbsa-para-dialogar-sobre-planejamento-do-fomerco-e-demandas-estudantis","status":"publish","type":"post","link":"https:\/\/centros.uepb.edu.br\/ccbsa\/reitoria-e-proest-participam-de-reunioes-no-ccbsa-para-dialogar-sobre-planejamento-do-fomerco-e-demandas-estudantis\/","title":{"rendered":"Reitoria e PROEST participam de reuni\u00f5es no CCBSA para dialogar sobre planejamento do FoMerco e demandas estudantis"},"content":{"rendered":"\n\t\t<style type=\"text\/css\">\n\t\t\t#gallery-1 {\n\t\t\t\tmargin: auto;\n\t\t\t}\n\t\t\t#gallery-1 .gallery-item {\n\t\t\t\tfloat: left;\n\t\t\t\tmargin-top: 10px;\n\t\t\t\ttext-align: center;\n\t\t\t\twidth: 33%;\n\t\t\t}\n\t\t\t#gallery-1 img {\n\t\t\t\tborder: 2px solid #cfcfcf;\n\t\t\t}\n\t\t\t#gallery-1 .gallery-caption {\n\t\t\t\tmargin-left: 0;\n\t\t\t}\n\t\t\t\/* see gallery_shortcode() in wp-includes\/media.php *\/\n\t\t<\/style>\n\t\t<div id='gallery-1' class='gallery galleryid-10237 gallery-columns-3 gallery-size-full'><dl class='gallery-item'>\n\t\t\t<dt class='gallery-icon landscape'>\n\t\t\t\t<a href='https:\/\/centros.uepb.edu.br\/ccbsa\/files\/2023\/09\/IMG_8723.png'><img loading=\"lazy\" decoding=\"async\" width=\"1200\" height=\"680\" src=\"https:\/\/centros.uepb.edu.br\/ccbsa\/files\/2023\/09\/IMG_8723.png\" class=\"attachment-full size-full\" alt=\"\" srcset=\"https:\/\/centros.uepb.edu.br\/ccbsa\/files\/2023\/09\/IMG_8723.png 1200w, https:\/\/centros.uepb.edu.br\/ccbsa\/files\/2023\/09\/IMG_8723-300x170.png 300w, https:\/\/centros.uepb.edu.br\/ccbsa\/files\/2023\/09\/IMG_8723-1120x635.png 1120w\" sizes=\"auto, (max-width: 1200px) 100vw, 1200px\" \/><\/a>\n\t\t\t<\/dt><\/dl><dl class='gallery-item'>\n\t\t\t<dt class='gallery-icon landscape'>\n\t\t\t\t<a href='https:\/\/centros.uepb.edu.br\/ccbsa\/files\/2023\/09\/IMG_8729.png'><img loading=\"lazy\" decoding=\"async\" width=\"1200\" height=\"814\" src=\"https:\/\/centros.uepb.edu.br\/ccbsa\/files\/2023\/09\/IMG_8729.png\" class=\"attachment-full size-full\" alt=\"\" srcset=\"https:\/\/centros.uepb.edu.br\/ccbsa\/files\/2023\/09\/IMG_8729.png 1200w, https:\/\/centros.uepb.edu.br\/ccbsa\/files\/2023\/09\/IMG_8729-300x204.png 300w, https:\/\/centros.uepb.edu.br\/ccbsa\/files\/2023\/09\/IMG_8729-1120x760.png 1120w\" sizes=\"auto, (max-width: 1200px) 100vw, 1200px\" \/><\/a>\n\t\t\t<\/dt><\/dl><dl class='gallery-item'>\n\t\t\t<dt class='gallery-icon landscape'>\n\t\t\t\t<a href='https:\/\/centros.uepb.edu.br\/ccbsa\/files\/2023\/09\/IMG_8735.png'><img loading=\"lazy\" decoding=\"async\" width=\"1190\" height=\"680\" src=\"https:\/\/centros.uepb.edu.br\/ccbsa\/files\/2023\/09\/IMG_8735.png\" class=\"attachment-full size-full\" alt=\"\" srcset=\"https:\/\/centros.uepb.edu.br\/ccbsa\/files\/2023\/09\/IMG_8735.png 1190w, https:\/\/centros.uepb.edu.br\/ccbsa\/files\/2023\/09\/IMG_8735-300x171.png 300w, https:\/\/centros.uepb.edu.br\/ccbsa\/files\/2023\/09\/IMG_8735-1120x640.png 1120w\" sizes=\"auto, (max-width: 1190px) 100vw, 1190px\" \/><\/a>\n\t\t\t<\/dt><\/dl><br style=\"clear: both\" \/>\n\t\t<\/div>\n\n<p>Com a presen\u00e7a da reitora da Universidade Estadual da Para\u00edba (UEPB), professora C\u00e9lia Regina Diniz, da vice-reitora da UEPB, professora Ivonildes Fonseca, da pro-reitora estudantil N\u00fabia Martins, do diretor do CCBSA, professor Cleber Salimon e do coordenador e coordenador adjunto da gradua\u00e7\u00e3o em Rela\u00e7\u00f5es Internacionais, respectivamente, professor Carlos Enrique Ruiz e Filipe Reis, foi realizada, nesta quinta-feira (21) uma reuni\u00e3o de planejamento para o 19\u00ba F\u00f3rum Universit\u00e1rio Mercosul (FoMerco).<\/p>\n<p>Na oportunidade, foram dialogadas alternativas para quest\u00f5es de infraestrutura e log\u00edstica para a realiza\u00e7\u00e3o do evento, que ser\u00e1 sediado em Jo\u00e3o Pessoa, pelo curso de Rela\u00e7\u00f5es Internacionais da UEPB, entre os dias 22 e 24 de novembro. O FoMerco \u00e9 uma rede de pesquisadores de distintas nacionalidades que se re\u00fanem a cada dois anos com o prop\u00f3sito de discutir e analisar as implica\u00e7\u00f5es, as trajet\u00f3rias, os problemas e os avan\u00e7os relativos ao processo de integra\u00e7\u00e3o latino-americana.<\/p>\n<p>O F\u00f3rum busca refletir sobre a integra\u00e7\u00e3o nestas primeiras d\u00e9cadas do s\u00e9culo XXI, que possa incidir sobre a continuidade, a corre\u00e7\u00e3o de rota e os ajustes das pol\u00edticas p\u00fablicas que promovam e consolidem a agenda da integra\u00e7\u00e3o como instrumento efetivo de autonomia e desenvolvimento da regi\u00e3o. Os pesquisadores no FoMerco perseguem o objetivo de entender o alcance de uma integra\u00e7\u00e3o ampliada, que associa os crit\u00e9rios diplom\u00e1ticos e econ\u00f4mico-comerciais a uma pretens\u00e3o simultaneamente pol\u00edtica, social e cultural, e que abrange m\u00faltiplos organismos regionais, dentre os quais somam-se ao Mercosul, a Comunidade de Estados Latino-Americanos e Caribenhos (Celac) e a Uni\u00e3o Sul-Americana das Na\u00e7\u00f5es (Unasul).<\/p>\n<p><strong>Demandas estudantis<\/strong><\/p>\n<p>A comitiva da reitoria, PROEST e dire\u00e7\u00e3o de centro reuniu-se com representantes dos centros acad\u00eamicos dos cursos de gradua\u00e7\u00e3o do C\u00e2mpus V e Diret\u00f3rio Central dos Estudantes (DCE), que apresentaram diversas demandas da categoria. Na sequ\u00eancia, tamb\u00e9m participaram da rodada de di\u00e1logo demais estudantes e docentes do C\u00e2mpus V.<\/p>\n<p>Dentre as pautas apresentadas esteve a quest\u00e3o da implementa\u00e7\u00e3o de medidas relacionadas \u00e0 alimenta\u00e7\u00e3o dos estudantes, o que est\u00e1 sendo mediado para que haja um aporte financeiro que permita \u00e0 UEPB atender tal demanda. Os estudantes expuseram algumas quest\u00f5es pontuais relacionadas a pedidos de transporte para eventos, o que est\u00e1 sendo providenciado de acordo com as condi\u00e7\u00f5es or\u00e7ament\u00e1rias da UEPB. Tamb\u00e9m foi solicitada a disponibiliza\u00e7\u00e3o de vagas para efetiva\u00e7\u00e3o de docentes efetivos, o que dever\u00e1 ser atendido nos pr\u00f3ximos concursos p\u00fablicos que devem contar com vagas para professores dos cursos de Arquivologia e Rela\u00e7\u00f5es Internacionais.<\/p>\n<p>Por fim, foi refor\u00e7ado o compromisso da gest\u00e3o da Institui\u00e7\u00e3o para que as reuni\u00f5es com estudantes do CCBSA prossigam sendo realizadas periodicamente com o objetivo de buscar acompanhar de perto as demandas que surgirem e atend\u00ea-las conforme for poss\u00edvel faz\u00ea-lo.<\/p>\n","protected":false},"excerpt":{"rendered":"<p>Com a presen\u00e7a da reitora da Universidade Estadual da Para\u00edba (UEPB), professora C\u00e9lia Regina Diniz, da vice-reitora da UEPB, professora Ivonildes Fonseca, da pro-reitora estudantil N\u00fabia Martins, do diretor do CCBSA, professor Cleber Salimon e do coordenador e coordenador adjunto da gradua\u00e7\u00e3o em Rela\u00e7\u00f5es Internacionais, respectivamente, professor Carlos Enrique Ruiz e Filipe Reis, foi realizada, <a class=\"leiamais\" href=\"https:\/\/centros.uepb.edu.br\/ccbsa\/reitoria-e-proest-participam-de-reunioes-no-ccbsa-para-dialogar-sobre-planejamento-do-fomerco-e-demandas-estudantis\/\">Leia Mais&#8230;<\/a><\/p>\n","protected":false},"author":8,"featured_media":10240,"comment_status":"closed","ping_status":"closed","sticky":false,"template":"","format":"standard","meta":{"footnotes":""},"categories":[3,11],"tags":[],"class_list":["post-10237","post","type-post","status-publish","format-standard","has-post-thumbnail","hentry","category-noticias","category-noticias-destaque-img"],"jetpack_featured_media_url":"https:\/\/centros.uepb.edu.br\/ccbsa\/files\/2023\/09\/IMG_8735.png","_links":{"self":[{"href":"https:\/\/centros.uepb.edu.br\/ccbsa\/wp-json\/wp\/v2\/posts\/10237","targetHints":{"allow":["GET"]}}],"collection":[{"href":"https:\/\/centros.uepb.edu.br\/ccbsa\/wp-json\/wp\/v2\/posts"}],"about":[{"href":"https:\/\/centros.uepb.edu.br\/ccbsa\/wp-json\/wp\/v2\/types\/post"}],"author":[{"embeddable":true,"href":"https:\/\/centros.uepb.edu.br\/ccbsa\/wp-json\/wp\/v2\/users\/8"}],"replies":[{"embeddable":true,"href":"https:\/\/centros.uepb.edu.br\/ccbsa\/wp-json\/wp\/v2\/comments?post=10237"}],"version-history":[{"count":0,"href":"https:\/\/centros.uepb.edu.br\/ccbsa\/wp-json\/wp\/v2\/posts\/10237\/revisions"}],"wp:featuredmedia":[{"embeddable":true,"href":"https:\/\/centros.uepb.edu.br\/ccbsa\/wp-json\/wp\/v2\/media\/10240"}],"wp:attachment":[{"href":"https:\/\/centros.uepb.edu.br\/ccbsa\/wp-json\/wp\/v2\/media?parent=10237"}],"wp:term":[{"taxonomy":"category","embeddable":true,"href":"https:\/\/centros.uepb.edu.br\/ccbsa\/wp-json\/wp\/v2\/categories?post=10237"},{"taxonomy":"post_tag","embeddable":true,"href":"https:\/\/centros.uepb.edu.br\/ccbsa\/wp-json\/wp\/v2\/tags?post=10237"}],"curies":[{"name":"wp","href":"https:\/\/api.w.org\/{rel}","templated":true}]}}