{"id":10222,"date":"2023-09-18T18:33:31","date_gmt":"2023-09-18T18:33:31","guid":{"rendered":"https:\/\/centros.uepb.edu.br\/ccbsa\/?p=10222"},"modified":"2023-09-18T18:33:31","modified_gmt":"2023-09-18T18:33:31","slug":"acoes-da-uepb-com-foco-no-combate-a-desinformacao-sao-apresentadas-em-seminario-realizado-na-sede-do-stf-em-brasilia","status":"publish","type":"post","link":"https:\/\/centros.uepb.edu.br\/ccbsa\/acoes-da-uepb-com-foco-no-combate-a-desinformacao-sao-apresentadas-em-seminario-realizado-na-sede-do-stf-em-brasilia\/","title":{"rendered":"A\u00e7\u00f5es da UEPB com foco no combate \u00e0 desinforma\u00e7\u00e3o s\u00e3o apresentadas em Semin\u00e1rio realizado na sede do STF em Bras\u00edlia"},"content":{"rendered":"\n\t\t<style type=\"text\/css\">\n\t\t\t#gallery-1 {\n\t\t\t\tmargin: auto;\n\t\t\t}\n\t\t\t#gallery-1 .gallery-item {\n\t\t\t\tfloat: left;\n\t\t\t\tmargin-top: 10px;\n\t\t\t\ttext-align: center;\n\t\t\t\twidth: 33%;\n\t\t\t}\n\t\t\t#gallery-1 img {\n\t\t\t\tborder: 2px solid #cfcfcf;\n\t\t\t}\n\t\t\t#gallery-1 .gallery-caption {\n\t\t\t\tmargin-left: 0;\n\t\t\t}\n\t\t\t\/* see gallery_shortcode() in wp-includes\/media.php *\/\n\t\t<\/style>\n\t\t<div id='gallery-1' class='gallery galleryid-10222 gallery-columns-3 gallery-size-full'><dl class='gallery-item'>\n\t\t\t<dt class='gallery-icon landscape'>\n\t\t\t\t<a href='https:\/\/centros.uepb.edu.br\/ccbsa\/files\/2023\/09\/mesa-evento-stf.png'><img loading=\"lazy\" decoding=\"async\" width=\"1200\" height=\"680\" src=\"https:\/\/centros.uepb.edu.br\/ccbsa\/files\/2023\/09\/mesa-evento-stf.png\" class=\"attachment-full size-full\" alt=\"\" srcset=\"https:\/\/centros.uepb.edu.br\/ccbsa\/files\/2023\/09\/mesa-evento-stf.png 1200w, https:\/\/centros.uepb.edu.br\/ccbsa\/files\/2023\/09\/mesa-evento-stf-300x170.png 300w, https:\/\/centros.uepb.edu.br\/ccbsa\/files\/2023\/09\/mesa-evento-stf-1120x635.png 1120w\" sizes=\"auto, (max-width: 1200px) 100vw, 1200px\" \/><\/a>\n\t\t\t<\/dt><\/dl><dl class='gallery-item'>\n\t\t\t<dt class='gallery-icon landscape'>\n\t\t\t\t<a href='https:\/\/centros.uepb.edu.br\/ccbsa\/files\/2023\/09\/MESA-STF.png'><img loading=\"lazy\" decoding=\"async\" width=\"1200\" height=\"890\" src=\"https:\/\/centros.uepb.edu.br\/ccbsa\/files\/2023\/09\/MESA-STF.png\" class=\"attachment-full size-full\" alt=\"\" srcset=\"https:\/\/centros.uepb.edu.br\/ccbsa\/files\/2023\/09\/MESA-STF.png 1200w, https:\/\/centros.uepb.edu.br\/ccbsa\/files\/2023\/09\/MESA-STF-300x223.png 300w, https:\/\/centros.uepb.edu.br\/ccbsa\/files\/2023\/09\/MESA-STF-1073x796.png 1073w\" sizes=\"auto, (max-width: 1200px) 100vw, 1200px\" \/><\/a>\n\t\t\t<\/dt><\/dl>\n\t\t\t<br style='clear: both' \/>\n\t\t<\/div>\n\n<p>Com o objetivo de contribuir com o debate nacional relacionado ao enfrentamento da desinforma\u00e7\u00e3o e defesa da democracia, a Universidade Estadual da Para\u00edba (UEPB) esteve representada pela servidora t\u00e9cnica-administrativa Juliana Marques, nos dias 14 e 15 de setembro, durante o semin\u00e1rio &#8220;Combate \u00e0 Desinforma\u00e7\u00e3o e Defesa da Democracia&#8221;, realizado na sala de sess\u00f5es da primeira turma do Supremo Tribunal Federal (STF), em Bras\u00edlia.<\/p>\n<p>Na oportunidade, a servidora da UEPB, que integrou o painel \u201cJornalismo e ag\u00eancias de checagem\u201d, e apresentou a tem\u00e1tica \u201cEntre saberes e a forma\u00e7\u00e3o jornal\u00edstica: o papel das universidades no combate \u00e0 desinforma\u00e7\u00e3o\u201d, dialogou sobre as possibilidades de desenvolvimento de compet\u00eancias durante o curso de jornalismo relacionadas ao combate \u00e0 desinforma\u00e7\u00e3o a partir dos tr\u00eas pilares das universidades: ensino, pesquisa e extens\u00e3o. Dentre as tem\u00e1ticas apresentadas, Juliana tamb\u00e9m apresentou um relato da experi\u00eancia do projeto de pesquisa e extens\u00e3o \u201cComunica UEPB: o despertar da consci\u00eancia e o combate \u00e0 desinforma\u00e7\u00e3o na educa\u00e7\u00e3o paraibana\u201d e enfatizou a import\u00e2ncia da exig\u00eancia de diploma de forma\u00e7\u00e3o de n\u00edvel superior para profissionais da \u00e1rea de Comunica\u00e7\u00e3o.<\/p>\n<p>\u201cDurante o curso de Jornalismo j\u00e1 s\u00e3o apresentados conte\u00fados sobre como produzir uma pauta, escrever um bom lead, como usar t\u00e9cnicas de entrevista, entre outras quest\u00f5es mais t\u00e9cnicas. Toda essa forma\u00e7\u00e3o \u00e9 imprescind\u00edvel, mas, a gente precisa oferecer para o estudante de jornalismo uma forma\u00e7\u00e3o cidad\u00e3, a fim de que eles possam enxergar o importante papel que exercem em nossa sociedade. E nessa mesma dire\u00e7\u00e3o, \u00e9 imprescind\u00edvel que seja revista essa decis\u00e3o tomada nessa corte [STF] sobre a extin\u00e7\u00e3o da exig\u00eancia do diploma de forma\u00e7\u00e3o de n\u00edvel superior para profissionais que atuam no Jornalismo. Precisamos voltar a pautar esse debate se quisermos ter, de fato, a contribui\u00e7\u00e3o de profissionais que desenvolvam um olhar cr\u00edtico, \u00e9tico e cidad\u00e3o, que \u00e9 suscitado, sobretudo, por meio dos di\u00e1logos estabelecidos no ambiente acad\u00eamico\u201d, avalia Juliana.<\/p>\n<p>Para a reitora da UEPB, professora C\u00e9lia Regina Diniz, a participa\u00e7\u00e3o da UEPB neste evento evidencia o papel da Institui\u00e7\u00e3o em defesa da democracia e no combate \u00e0 desinforma\u00e7\u00e3o, compromissos que s\u00e3o empreendidos nas diversas a\u00e7\u00f5es de ensino, pesquisa e extens\u00e3o. \u201cEm um momento t\u00e3o desafiador para a nossa sociedade, no qual \u00e9 preciso fomentar o desenvolvimento de informa\u00e7\u00f5es confi\u00e1veis e de um conhecimento cred\u00edvel e metodologicamente estruturado que possa contrapor essa conjuntura de desinforma\u00e7\u00e3o, as universidades t\u00eam um papel fundamental. E n\u00f3s da UEPB temos participado desse debate nacional, apresentando nosso olhar enquanto institui\u00e7\u00e3o nordestina que atua no enfrentamento dessa realidade do litoral ao sert\u00e3o do nosso Estado\u201d, avalia.<\/p>\n<p>De acordo com a ministra Rosa Weber a desinforma\u00e7\u00e3o \u00e9 um instrumento poderoso que pode destruir vidas e institui\u00e7\u00f5es. \u201cSeu lado mais sombrio mostrou sua face nos ataques covardes de 8 de janeiro \u00faltimo. Constru\u00e7\u00f5es de narrativas fantasiosas com o objetivo de desacreditar institui\u00e7\u00f5es foram as sementes do mal que transformaram aquele dia em uma das p\u00e1ginas mais tristes e lament\u00e1veis da hist\u00f3ria do nosso Pa\u00eds. Desejo que os debates que ter\u00e3o lugar neste semin\u00e1rio possam gerar frutos e trazer resultados concretos na luta contra a desinforma\u00e7\u00e3o. Em todos que se inscreveram para participar deste evento, mas principalmente nos universit\u00e1rios, deposito minha esperan\u00e7a, convicta de que contribuir\u00e3o muito e sempre para a preserva\u00e7\u00e3o da nossa democracia constitucional\u201d, declarou.<\/p>\n<p>O Semin\u00e1rio promovido pelo STF \u00e9 resultado do encontro entre a presidente do Supremo Tribunal Federal, Ministra Rosa Weber, e os reitores das universidades parceiras do Programa de Combate \u00e0 Desinforma\u00e7\u00e3o, realizado no dia 27 de fevereiro deste ano. A programa\u00e7\u00e3o foi idealizada com o objetivo de promover o interc\u00e2mbio de a\u00e7\u00f5es, boas pr\u00e1ticas e recomenda\u00e7\u00f5es no combate \u00e0 dissemina\u00e7\u00e3o de informa\u00e7\u00f5es falsas, distorcidas e discursos de \u00f3dio, por meio de apresenta\u00e7\u00f5es tem\u00e1ticas com foco no fortalecimento do sistema de justi\u00e7a, nas pesquisas acad\u00eamicas sobre o tema, na educa\u00e7\u00e3o midi\u00e1tica e na import\u00e2ncia do trabalho das ag\u00eancias de checagem.<\/p>\n<p>Essa iniciativa foi promovida pelo STF em parceria com a Associa\u00e7\u00e3o Nacional dos Dirigentes das Institui\u00e7\u00f5es Federais de Ensino Superior (Andifes) e o Col\u00e9gio de Gestores de Comunica\u00e7\u00e3o das Universidades Federais (Cogecom), e conta com a participa\u00e7\u00e3o das institui\u00e7\u00f5es vinculadas ao Programa de Combate \u00e0 Desinforma\u00e7\u00e3o, ao qual a UEPB \u00e9 vinculada desde 2021.<\/p>\n<p><strong>Fotos:<\/strong> Rosinei Coutinho\/SCO\/STF<\/p>\n","protected":false},"excerpt":{"rendered":"<p>Com o objetivo de contribuir com o debate nacional relacionado ao enfrentamento da desinforma\u00e7\u00e3o e defesa da democracia, a Universidade Estadual da Para\u00edba (UEPB) esteve representada pela servidora t\u00e9cnica-administrativa Juliana Marques, nos dias 14 e 15 de setembro, durante o semin\u00e1rio &#8220;Combate \u00e0 Desinforma\u00e7\u00e3o e Defesa da Democracia&#8221;, realizado na sala de sess\u00f5es da primeira <a class=\"leiamais\" href=\"https:\/\/centros.uepb.edu.br\/ccbsa\/acoes-da-uepb-com-foco-no-combate-a-desinformacao-sao-apresentadas-em-seminario-realizado-na-sede-do-stf-em-brasilia\/\">Leia Mais&#8230;<\/a><\/p>\n","protected":false},"author":8,"featured_media":10223,"comment_status":"closed","ping_status":"closed","sticky":false,"template":"","format":"standard","meta":{"footnotes":""},"categories":[3,11],"tags":[],"class_list":["post-10222","post","type-post","status-publish","format-standard","has-post-thumbnail","hentry","category-noticias","category-noticias-destaque-img"],"jetpack_featured_media_url":"https:\/\/centros.uepb.edu.br\/ccbsa\/files\/2023\/09\/mesa-evento-stf.png","_links":{"self":[{"href":"https:\/\/centros.uepb.edu.br\/ccbsa\/wp-json\/wp\/v2\/posts\/10222","targetHints":{"allow":["GET"]}}],"collection":[{"href":"https:\/\/centros.uepb.edu.br\/ccbsa\/wp-json\/wp\/v2\/posts"}],"about":[{"href":"https:\/\/centros.uepb.edu.br\/ccbsa\/wp-json\/wp\/v2\/types\/post"}],"author":[{"embeddable":true,"href":"https:\/\/centros.uepb.edu.br\/ccbsa\/wp-json\/wp\/v2\/users\/8"}],"replies":[{"embeddable":true,"href":"https:\/\/centros.uepb.edu.br\/ccbsa\/wp-json\/wp\/v2\/comments?post=10222"}],"version-history":[{"count":0,"href":"https:\/\/centros.uepb.edu.br\/ccbsa\/wp-json\/wp\/v2\/posts\/10222\/revisions"}],"wp:featuredmedia":[{"embeddable":true,"href":"https:\/\/centros.uepb.edu.br\/ccbsa\/wp-json\/wp\/v2\/media\/10223"}],"wp:attachment":[{"href":"https:\/\/centros.uepb.edu.br\/ccbsa\/wp-json\/wp\/v2\/media?parent=10222"}],"wp:term":[{"taxonomy":"category","embeddable":true,"href":"https:\/\/centros.uepb.edu.br\/ccbsa\/wp-json\/wp\/v2\/categories?post=10222"},{"taxonomy":"post_tag","embeddable":true,"href":"https:\/\/centros.uepb.edu.br\/ccbsa\/wp-json\/wp\/v2\/tags?post=10222"}],"curies":[{"name":"wp","href":"https:\/\/api.w.org\/{rel}","templated":true}]}}