{"id":10211,"date":"2023-09-12T15:48:50","date_gmt":"2023-09-12T15:48:50","guid":{"rendered":"https:\/\/centros.uepb.edu.br\/ccbsa\/?p=10211"},"modified":"2023-09-12T15:48:50","modified_gmt":"2023-09-12T15:48:50","slug":"projeto-da-uepb-realiza-oficinas-de-combate-a-desinformacao-com-estudantes-e-professores-de-escola-de-monteiro","status":"publish","type":"post","link":"https:\/\/centros.uepb.edu.br\/ccbsa\/projeto-da-uepb-realiza-oficinas-de-combate-a-desinformacao-com-estudantes-e-professores-de-escola-de-monteiro\/","title":{"rendered":"Projeto da UEPB realiza oficinas de combate \u00e0 desinforma\u00e7\u00e3o com estudantes e professores de escola de Monteiro"},"content":{"rendered":"\n\t\t<style type=\"text\/css\">\n\t\t\t#gallery-1 {\n\t\t\t\tmargin: auto;\n\t\t\t}\n\t\t\t#gallery-1 .gallery-item {\n\t\t\t\tfloat: left;\n\t\t\t\tmargin-top: 10px;\n\t\t\t\ttext-align: center;\n\t\t\t\twidth: 33%;\n\t\t\t}\n\t\t\t#gallery-1 img {\n\t\t\t\tborder: 2px solid #cfcfcf;\n\t\t\t}\n\t\t\t#gallery-1 .gallery-caption {\n\t\t\t\tmargin-left: 0;\n\t\t\t}\n\t\t\t\/* see gallery_shortcode() in wp-includes\/media.php *\/\n\t\t<\/style>\n\t\t<div id='gallery-1' class='gallery galleryid-10211 gallery-columns-3 gallery-size-full'><dl class='gallery-item'>\n\t\t\t<dt class='gallery-icon landscape'>\n\t\t\t\t<a href='https:\/\/centros.uepb.edu.br\/ccbsa\/files\/2023\/09\/IMG_8592.png'><img loading=\"lazy\" decoding=\"async\" width=\"1200\" height=\"819\" src=\"https:\/\/centros.uepb.edu.br\/ccbsa\/files\/2023\/09\/IMG_8592.png\" class=\"attachment-full size-full\" alt=\"\" srcset=\"https:\/\/centros.uepb.edu.br\/ccbsa\/files\/2023\/09\/IMG_8592.png 1200w, https:\/\/centros.uepb.edu.br\/ccbsa\/files\/2023\/09\/IMG_8592-300x205.png 300w, https:\/\/centros.uepb.edu.br\/ccbsa\/files\/2023\/09\/IMG_8592-1120x764.png 1120w\" sizes=\"auto, (max-width: 1200px) 100vw, 1200px\" \/><\/a>\n\t\t\t<\/dt><\/dl><dl class='gallery-item'>\n\t\t\t<dt class='gallery-icon landscape'>\n\t\t\t\t<a href='https:\/\/centros.uepb.edu.br\/ccbsa\/files\/2023\/09\/IMG_8628-1.png'><img loading=\"lazy\" decoding=\"async\" width=\"1200\" height=\"680\" src=\"https:\/\/centros.uepb.edu.br\/ccbsa\/files\/2023\/09\/IMG_8628-1.png\" class=\"attachment-full size-full\" alt=\"\" srcset=\"https:\/\/centros.uepb.edu.br\/ccbsa\/files\/2023\/09\/IMG_8628-1.png 1200w, https:\/\/centros.uepb.edu.br\/ccbsa\/files\/2023\/09\/IMG_8628-1-300x170.png 300w, https:\/\/centros.uepb.edu.br\/ccbsa\/files\/2023\/09\/IMG_8628-1-1120x635.png 1120w\" sizes=\"auto, (max-width: 1200px) 100vw, 1200px\" \/><\/a>\n\t\t\t<\/dt><\/dl><dl class='gallery-item'>\n\t\t\t<dt class='gallery-icon landscape'>\n\t\t\t\t<a href='https:\/\/centros.uepb.edu.br\/ccbsa\/files\/2023\/09\/IMG_8637.png'><img loading=\"lazy\" decoding=\"async\" width=\"1200\" height=\"948\" src=\"https:\/\/centros.uepb.edu.br\/ccbsa\/files\/2023\/09\/IMG_8637.png\" class=\"attachment-full size-full\" alt=\"\" srcset=\"https:\/\/centros.uepb.edu.br\/ccbsa\/files\/2023\/09\/IMG_8637.png 1200w, https:\/\/centros.uepb.edu.br\/ccbsa\/files\/2023\/09\/IMG_8637-300x237.png 300w, https:\/\/centros.uepb.edu.br\/ccbsa\/files\/2023\/09\/IMG_8637-1008x796.png 1008w\" sizes=\"auto, (max-width: 1200px) 100vw, 1200px\" \/><\/a>\n\t\t\t<\/dt><\/dl><br style=\"clear: both\" \/><dl class='gallery-item'>\n\t\t\t<dt class='gallery-icon landscape'>\n\t\t\t\t<a href='https:\/\/centros.uepb.edu.br\/ccbsa\/files\/2023\/09\/IMG_8700.png'><img loading=\"lazy\" decoding=\"async\" width=\"1200\" height=\"800\" src=\"https:\/\/centros.uepb.edu.br\/ccbsa\/files\/2023\/09\/IMG_8700.png\" class=\"attachment-full size-full\" alt=\"\" srcset=\"https:\/\/centros.uepb.edu.br\/ccbsa\/files\/2023\/09\/IMG_8700.png 1200w, https:\/\/centros.uepb.edu.br\/ccbsa\/files\/2023\/09\/IMG_8700-300x200.png 300w, https:\/\/centros.uepb.edu.br\/ccbsa\/files\/2023\/09\/IMG_8700-1120x747.png 1120w\" sizes=\"auto, (max-width: 1200px) 100vw, 1200px\" \/><\/a>\n\t\t\t<\/dt><\/dl><dl class='gallery-item'>\n\t\t\t<dt class='gallery-icon portrait'>\n\t\t\t\t<a href='https:\/\/centros.uepb.edu.br\/ccbsa\/files\/2023\/09\/WhatsApp-Image-2023-08-15-at-14.57.09.jpeg'><img loading=\"lazy\" decoding=\"async\" width=\"807\" height=\"1417\" src=\"https:\/\/centros.uepb.edu.br\/ccbsa\/files\/2023\/09\/WhatsApp-Image-2023-08-15-at-14.57.09.jpeg\" class=\"attachment-full size-full\" alt=\"\" srcset=\"https:\/\/centros.uepb.edu.br\/ccbsa\/files\/2023\/09\/WhatsApp-Image-2023-08-15-at-14.57.09.jpeg 807w, https:\/\/centros.uepb.edu.br\/ccbsa\/files\/2023\/09\/WhatsApp-Image-2023-08-15-at-14.57.09-171x300.jpeg 171w, https:\/\/centros.uepb.edu.br\/ccbsa\/files\/2023\/09\/WhatsApp-Image-2023-08-15-at-14.57.09-453x796.jpeg 453w\" sizes=\"auto, (max-width: 807px) 100vw, 807px\" \/><\/a>\n\t\t\t<\/dt><\/dl>\n\t\t\t<br style='clear: both' \/>\n\t\t<\/div>\n\n<p>Com o objetivo de promover a\u00e7\u00f5es de combate \u00e0 desinforma\u00e7\u00e3o que possam contribuir com o de fortalecimento da democracia e da cidadania, o projeto de extens\u00e3o \u201cComunica UEPB: o despertar da consci\u00eancia cr\u00edtica eu combate \u00e0 desinforma\u00e7\u00e3o na educa\u00e7\u00e3o paraibana\u201d, vinculado ao Centro de Ci\u00eancias Biol\u00f3gicas e Sociais Aplicadas (CCBSA) da Universidade Estadual da Para\u00edba (UEPB) encerrou, nesta segunda (11), um ciclo de oficinas realizadas junto a estudantes e professores da Escola Cidad\u00e3 Integral Jos\u00e9 Leite de Souza, em Monteiro. Na oportunidade, os professores de m\u00fasica da referida unidade escolar: Jorge Andrade, Moises Nascimento, Laudivam Freitas e Rony Wesly, realizaram uma apresenta\u00e7\u00e3o cultural para iniciar a atividade.<\/p>\n<p>A a\u00e7\u00e3o com os docentes da ECIT Jos\u00e9 Leite de Souza foi realizada em agosto, com tr\u00eas encontros via Google Meet, tendo como ministrante a doutoranda em M\u00eddia e Cotidiano da Universidade Federal Fluminense, que \u00e9 especialista em M\u00eddia, Tecnologia da Informa\u00e7\u00e3o e Novas Pr\u00e1ticas Educacionais, Ana Paula Alencar, que integra o Projeto. Durante os tr\u00eas encontros foram apresentados os conceitos de desinforma\u00e7\u00e3o, compet\u00eancia cr\u00edtica em informa\u00e7\u00e3o (CCI) e as possibilidades de desenvolvimento da CCI no cotidiano docente. Dentre as iniciativas que s\u00e3o fruto desse trabalho est\u00e1 a concep\u00e7\u00e3o de planos de aula que articulam o conte\u00fado curricular dos componentes de ensino m\u00e9dio e o enfrentamento da desinforma\u00e7\u00e3o.<\/p>\n<p>J\u00e1 a oficina realizada com estudantes do ensino m\u00e9dio ocorreu e forma presencial, tendo como ministrantes a equipe do Projeto Comunica, formada por pesquisadoras de Comunica\u00e7\u00e3o, Servi\u00e7o Social, Ci\u00eancia da Informa\u00e7\u00e3o, Direito e estudantes dos cursos de Arquivologia e Ci\u00eancias Biol\u00f3gicas do C\u00e2mpus V. Na oportunidade, foram realizadas din\u00e2micas, jogos, roda de conversa e mostra de v\u00eddeos sobre desinforma\u00e7\u00e3o, fake news, educa\u00e7\u00e3o midi\u00e1tica, cidadania.<\/p>\n<p>Al\u00e9m do material elaborado pela equipe do projeto, foram utilizados conte\u00fados que integram o programa Educam\u00eddia, do Instituto Palavra Aberta, parceiro do Projeto. Tamb\u00e9m foram distribu\u00eddas revistas em quadrinhos da Turma da M\u00f4nica, doados pelo Instituto Maur\u00edcio de Souza, a partir da parceria empreendida atrav\u00e9s do Programa de Combate \u00e0 Desinforma\u00e7\u00e3o do Supremo Tribunal Federal (STF), o qual conta com a UEPB dentre os integrantes dessa iniciativa.<\/p>\n<p>De acordo com a coordenadora do Projeto, a t\u00e9cnica-administrativa da UEPB e doutora em Ci\u00eancia da Informa\u00e7\u00e3o, Juliana Marques, este projeto foi idealizado com o objetivo de atuar com a\u00e7\u00f5es em paralelo voltadas a professores e estudantes, que pudessem auxiliar no combate \u00e0 desinforma\u00e7\u00e3o e apontar caminhos para desenvolver uma consci\u00eancia cr\u00edtica informacional e o entendimento para o papel de cada pessoa no fortalecimento da democracia.<\/p>\n<p>\u201cBuscamos desenvolver um trabalho conjunto, com as oficinas destinadas aos professores, com o objetivo de oferecer a eles um apoio pedag\u00f3gico para que eles pudessem compreender como trabalhar a compet\u00eancia cr\u00edtica em informa\u00e7\u00e3o articulada ao conte\u00fado curricular, e junto aos estudantes, de forma l\u00fadica, para que eles entendam o papel de cada um de n\u00f3s diante da realidade de desinforma\u00e7\u00e3o que nos cerca, como checar as informa\u00e7\u00f5es, qual a diferen\u00e7a das fake news e de outros tipos de desinforma\u00e7\u00e3o, como a desinforma\u00e7\u00e3o mina a credibilidade das institui\u00e7\u00f5es e amea\u00e7a a nossa democracia, dentre outros temas\u201d, explica Juliana.<\/p>\n<p>Al\u00e9m de Monteiro, o projeto Comunica UEPB \u00e9 vinculado \u00e0s Pr\u00f3-reitorias de Extens\u00e3o e P\u00f3s-gradua\u00e7\u00e3o e Pesquisa da UEPB j\u00e1 empreendeu a\u00e7\u00f5es em Campina Grande, Jo\u00e3o Pessoa e deve seguir com oficinas junto a escolas de Guarabira, Patos, Catol\u00e9 do Rocha e Araruna. Para tanto, o projeto conta com a parceria da Assembleia Legislativa da Para\u00edba, Supremo Tribunal Federal, Governo do Estado da Para\u00edba, Instituto Palavra Aberta (por meio do Programa Educam\u00eddia) e Rede Nacional de Combate \u00e0 Desinforma\u00e7\u00e3o.<\/p>\n","protected":false},"excerpt":{"rendered":"<p>Com o objetivo de promover a\u00e7\u00f5es de combate \u00e0 desinforma\u00e7\u00e3o que possam contribuir com o de fortalecimento da democracia e da cidadania, o projeto de extens\u00e3o \u201cComunica UEPB: o despertar da consci\u00eancia cr\u00edtica eu combate \u00e0 desinforma\u00e7\u00e3o na educa\u00e7\u00e3o paraibana\u201d, vinculado ao Centro de Ci\u00eancias Biol\u00f3gicas e Sociais Aplicadas (CCBSA) da Universidade Estadual da Para\u00edba <a class=\"leiamais\" href=\"https:\/\/centros.uepb.edu.br\/ccbsa\/projeto-da-uepb-realiza-oficinas-de-combate-a-desinformacao-com-estudantes-e-professores-de-escola-de-monteiro\/\">Leia Mais&#8230;<\/a><\/p>\n","protected":false},"author":8,"featured_media":10212,"comment_status":"closed","ping_status":"closed","sticky":false,"template":"","format":"standard","meta":{"footnotes":""},"categories":[3,11],"tags":[],"class_list":["post-10211","post","type-post","status-publish","format-standard","has-post-thumbnail","hentry","category-noticias","category-noticias-destaque-img"],"jetpack_featured_media_url":"https:\/\/centros.uepb.edu.br\/ccbsa\/files\/2023\/09\/IMG_8628.png","_links":{"self":[{"href":"https:\/\/centros.uepb.edu.br\/ccbsa\/wp-json\/wp\/v2\/posts\/10211","targetHints":{"allow":["GET"]}}],"collection":[{"href":"https:\/\/centros.uepb.edu.br\/ccbsa\/wp-json\/wp\/v2\/posts"}],"about":[{"href":"https:\/\/centros.uepb.edu.br\/ccbsa\/wp-json\/wp\/v2\/types\/post"}],"author":[{"embeddable":true,"href":"https:\/\/centros.uepb.edu.br\/ccbsa\/wp-json\/wp\/v2\/users\/8"}],"replies":[{"embeddable":true,"href":"https:\/\/centros.uepb.edu.br\/ccbsa\/wp-json\/wp\/v2\/comments?post=10211"}],"version-history":[{"count":0,"href":"https:\/\/centros.uepb.edu.br\/ccbsa\/wp-json\/wp\/v2\/posts\/10211\/revisions"}],"wp:featuredmedia":[{"embeddable":true,"href":"https:\/\/centros.uepb.edu.br\/ccbsa\/wp-json\/wp\/v2\/media\/10212"}],"wp:attachment":[{"href":"https:\/\/centros.uepb.edu.br\/ccbsa\/wp-json\/wp\/v2\/media?parent=10211"}],"wp:term":[{"taxonomy":"category","embeddable":true,"href":"https:\/\/centros.uepb.edu.br\/ccbsa\/wp-json\/wp\/v2\/categories?post=10211"},{"taxonomy":"post_tag","embeddable":true,"href":"https:\/\/centros.uepb.edu.br\/ccbsa\/wp-json\/wp\/v2\/tags?post=10211"}],"curies":[{"name":"wp","href":"https:\/\/api.w.org\/{rel}","templated":true}]}}