{"id":10202,"date":"2023-09-06T16:12:03","date_gmt":"2023-09-06T16:12:03","guid":{"rendered":"https:\/\/centros.uepb.edu.br\/ccbsa\/?p=10202"},"modified":"2023-09-06T16:12:03","modified_gmt":"2023-09-06T16:12:03","slug":"cursos-de-graduacao-do-campus-v-participam-de-feira-de-profissoes-destinada-a-estudantes-de-escolas-de-joao-pessoa","status":"publish","type":"post","link":"https:\/\/centros.uepb.edu.br\/ccbsa\/cursos-de-graduacao-do-campus-v-participam-de-feira-de-profissoes-destinada-a-estudantes-de-escolas-de-joao-pessoa\/","title":{"rendered":"Cursos de gradua\u00e7\u00e3o do C\u00e2mpus V participam de feira de profiss\u00f5es destinada a estudantes de escolas de Jo\u00e3o Pessoa"},"content":{"rendered":"\n\t\t<style type=\"text\/css\">\n\t\t\t#gallery-1 {\n\t\t\t\tmargin: auto;\n\t\t\t}\n\t\t\t#gallery-1 .gallery-item {\n\t\t\t\tfloat: left;\n\t\t\t\tmargin-top: 10px;\n\t\t\t\ttext-align: center;\n\t\t\t\twidth: 33%;\n\t\t\t}\n\t\t\t#gallery-1 img {\n\t\t\t\tborder: 2px solid #cfcfcf;\n\t\t\t}\n\t\t\t#gallery-1 .gallery-caption {\n\t\t\t\tmargin-left: 0;\n\t\t\t}\n\t\t\t\/* see gallery_shortcode() in wp-includes\/media.php *\/\n\t\t<\/style>\n\t\t<div id='gallery-1' class='gallery galleryid-10202 gallery-columns-3 gallery-size-full'><dl class='gallery-item'>\n\t\t\t<dt class='gallery-icon landscape'>\n\t\t\t\t<a href='https:\/\/centros.uepb.edu.br\/ccbsa\/files\/2023\/09\/IMG_4782.png'><img loading=\"lazy\" decoding=\"async\" width=\"1200\" height=\"1053\" src=\"https:\/\/centros.uepb.edu.br\/ccbsa\/files\/2023\/09\/IMG_4782.png\" class=\"attachment-full size-full\" alt=\"\" srcset=\"https:\/\/centros.uepb.edu.br\/ccbsa\/files\/2023\/09\/IMG_4782.png 1200w, https:\/\/centros.uepb.edu.br\/ccbsa\/files\/2023\/09\/IMG_4782-300x263.png 300w, https:\/\/centros.uepb.edu.br\/ccbsa\/files\/2023\/09\/IMG_4782-907x796.png 907w\" sizes=\"auto, (max-width: 1200px) 100vw, 1200px\" \/><\/a>\n\t\t\t<\/dt><\/dl><dl class='gallery-item'>\n\t\t\t<dt class='gallery-icon landscape'>\n\t\t\t\t<a href='https:\/\/centros.uepb.edu.br\/ccbsa\/files\/2023\/09\/IMG_4784.png'><img loading=\"lazy\" decoding=\"async\" width=\"1200\" height=\"926\" src=\"https:\/\/centros.uepb.edu.br\/ccbsa\/files\/2023\/09\/IMG_4784.png\" class=\"attachment-full size-full\" alt=\"\" srcset=\"https:\/\/centros.uepb.edu.br\/ccbsa\/files\/2023\/09\/IMG_4784.png 1200w, https:\/\/centros.uepb.edu.br\/ccbsa\/files\/2023\/09\/IMG_4784-300x232.png 300w, https:\/\/centros.uepb.edu.br\/ccbsa\/files\/2023\/09\/IMG_4784-1032x796.png 1032w\" sizes=\"auto, (max-width: 1200px) 100vw, 1200px\" \/><\/a>\n\t\t\t<\/dt><\/dl><dl class='gallery-item'>\n\t\t\t<dt class='gallery-icon landscape'>\n\t\t\t\t<a href='https:\/\/centros.uepb.edu.br\/ccbsa\/files\/2023\/09\/IMG_4787.png'><img loading=\"lazy\" decoding=\"async\" width=\"1200\" height=\"1155\" src=\"https:\/\/centros.uepb.edu.br\/ccbsa\/files\/2023\/09\/IMG_4787.png\" class=\"attachment-full size-full\" alt=\"\" srcset=\"https:\/\/centros.uepb.edu.br\/ccbsa\/files\/2023\/09\/IMG_4787.png 1200w, https:\/\/centros.uepb.edu.br\/ccbsa\/files\/2023\/09\/IMG_4787-300x289.png 300w, https:\/\/centros.uepb.edu.br\/ccbsa\/files\/2023\/09\/IMG_4787-827x796.png 827w\" sizes=\"auto, (max-width: 1200px) 100vw, 1200px\" \/><\/a>\n\t\t\t<\/dt><\/dl><br style=\"clear: both\" \/><dl class='gallery-item'>\n\t\t\t<dt class='gallery-icon landscape'>\n\t\t\t\t<a href='https:\/\/centros.uepb.edu.br\/ccbsa\/files\/2023\/09\/IMG_4790-1.png'><img loading=\"lazy\" decoding=\"async\" width=\"1200\" height=\"1145\" src=\"https:\/\/centros.uepb.edu.br\/ccbsa\/files\/2023\/09\/IMG_4790-1.png\" class=\"attachment-full size-full\" alt=\"\" srcset=\"https:\/\/centros.uepb.edu.br\/ccbsa\/files\/2023\/09\/IMG_4790-1.png 1200w, https:\/\/centros.uepb.edu.br\/ccbsa\/files\/2023\/09\/IMG_4790-1-300x286.png 300w, https:\/\/centros.uepb.edu.br\/ccbsa\/files\/2023\/09\/IMG_4790-1-834x796.png 834w\" sizes=\"auto, (max-width: 1200px) 100vw, 1200px\" \/><\/a>\n\t\t\t<\/dt><\/dl><dl class='gallery-item'>\n\t\t\t<dt class='gallery-icon portrait'>\n\t\t\t\t<a href='https:\/\/centros.uepb.edu.br\/ccbsa\/files\/2023\/09\/IMG_4796.png'><img loading=\"lazy\" decoding=\"async\" width=\"1200\" height=\"1295\" src=\"https:\/\/centros.uepb.edu.br\/ccbsa\/files\/2023\/09\/IMG_4796.png\" class=\"attachment-full size-full\" alt=\"\" srcset=\"https:\/\/centros.uepb.edu.br\/ccbsa\/files\/2023\/09\/IMG_4796.png 1200w, https:\/\/centros.uepb.edu.br\/ccbsa\/files\/2023\/09\/IMG_4796-278x300.png 278w, https:\/\/centros.uepb.edu.br\/ccbsa\/files\/2023\/09\/IMG_4796-738x796.png 738w\" sizes=\"auto, (max-width: 1200px) 100vw, 1200px\" \/><\/a>\n\t\t\t<\/dt><\/dl><dl class='gallery-item'>\n\t\t\t<dt class='gallery-icon landscape'>\n\t\t\t\t<a href='https:\/\/centros.uepb.edu.br\/ccbsa\/files\/2023\/09\/WhatsApp-Image-2023-09-05-at-10.31.25.png'><img loading=\"lazy\" decoding=\"async\" width=\"1200\" height=\"680\" src=\"https:\/\/centros.uepb.edu.br\/ccbsa\/files\/2023\/09\/WhatsApp-Image-2023-09-05-at-10.31.25.png\" class=\"attachment-full size-full\" alt=\"\" srcset=\"https:\/\/centros.uepb.edu.br\/ccbsa\/files\/2023\/09\/WhatsApp-Image-2023-09-05-at-10.31.25.png 1200w, https:\/\/centros.uepb.edu.br\/ccbsa\/files\/2023\/09\/WhatsApp-Image-2023-09-05-at-10.31.25-300x170.png 300w, https:\/\/centros.uepb.edu.br\/ccbsa\/files\/2023\/09\/WhatsApp-Image-2023-09-05-at-10.31.25-1120x635.png 1120w\" sizes=\"auto, (max-width: 1200px) 100vw, 1200px\" \/><\/a>\n\t\t\t<\/dt><\/dl><br style=\"clear: both\" \/>\n\t\t<\/div>\n\n<p>Os cursos de gradua\u00e7\u00e3o em Arquivologia, Ci\u00eancias Biol\u00f3gicas e Rela\u00e7\u00f5es Internacionais da Universidade Federal da Para\u00edba (UEPB) participaram, nesta ter\u00e7a-feira (5), das 8h30 \u00e0s 18h, na Pra\u00e7a do Povo do Espa\u00e7o Cultural, da 17\u00aa edi\u00e7\u00e3o do Semin\u00e1rio e Exposi\u00e7\u00f5es sobre Profiss\u00f5es (SEMEP). O evento tinha entrada gratuita e era destinado a estudantes de escolas p\u00fablicas privadas de Jo\u00e3o Pessoa.<\/p>\n<p>No stand da UEPB, os estudantes, vinculados ao projeto SESA, ao componente curricular de est\u00e1gio supervisionado e monitores, al\u00e9m de docentes e t\u00e9cnicos-administrativos do curso de Arquivologia apresentaram a composi\u00e7\u00e3o curricular do bacharelado, a infraestrutura do curso, possibilidades de atua\u00e7\u00e3o profissional, dentre outras quest\u00f5es. No local da exposi\u00e7\u00e3o foi instalada uma mesa higienizadora e materiais para demonstra\u00e7\u00e3o de t\u00e9cnicas de preserva\u00e7\u00e3o, conserva\u00e7\u00e3o e restauro de documentos, al\u00e9m da leitura paleogr\u00e1fica de textos do s\u00e9culo XVIII.<\/p>\n<p>O curso de Ci\u00eancias Biol\u00f3gicas apresentou as \u00e1reas de atua\u00e7\u00e3o do bi\u00f3logo: biodiversidade, biotecnologia e produ\u00e7\u00e3o e sa\u00fade. Al\u00e9m disso, foram apresentadas as duas modalidades de forma\u00e7\u00e3o oferecidas no C\u00e2mpus V da UEPB: licenciatura e bacharelado. Docentes, t\u00e9cnicos, estudantes e egressos do curso expuseram os projetos empreendidos no Centro de Ci\u00eancias Biol\u00f3gicas e Sociais Aplicadas da UEPB. Esta iniciativa contou com o apoio do projeto de extens\u00e3o Biologia sem Fronteiras.<\/p>\n<p>E o curso de Rela\u00e7\u00f5es Internacionais exp\u00f4s um banner com as informa\u00e7\u00f5es do curso, livros publicados por pesquisadores da \u00e1rea e um conte\u00fado em v\u00eddeo com uma mostra dos eventos e atividades alusivas \u00e0 \u00e1rea. Estudantes e docentes do curso estavam atendendo o p\u00fablico visitante da feira para apresentar as linhas de atua\u00e7\u00e3o de profissionais da \u00e1rea e o perfil do curso.<\/p>\n<p>A SEMEP \u00e9 realizada anualmente com o objetivo de aproximar as institui\u00e7\u00f5es de ensino superior de estudantes com vistas a possibilitar mais informa\u00e7\u00e3o e facilitar a escolha profissional destes. Segundo os organizadores, o evento reuniu mais de 1.000 mil alunos do ensino m\u00e9dio de escolas p\u00fablicas e privadas da Para\u00edba.<\/p>\n<p><strong>Texto:<\/strong> Juliana Marques<br \/>\n<strong>Fotos:<\/strong> Juliana Marques e Filipe Reis<\/p>\n","protected":false},"excerpt":{"rendered":"<p>Os cursos de gradua\u00e7\u00e3o em Arquivologia, Ci\u00eancias Biol\u00f3gicas e Rela\u00e7\u00f5es Internacionais da Universidade Federal da Para\u00edba (UEPB) participaram, nesta ter\u00e7a-feira (5), das 8h30 \u00e0s 18h, na Pra\u00e7a do Povo do Espa\u00e7o Cultural, da 17\u00aa edi\u00e7\u00e3o do Semin\u00e1rio e Exposi\u00e7\u00f5es sobre Profiss\u00f5es (SEMEP). O evento tinha entrada gratuita e era destinado a estudantes de escolas p\u00fablicas <a class=\"leiamais\" href=\"https:\/\/centros.uepb.edu.br\/ccbsa\/cursos-de-graduacao-do-campus-v-participam-de-feira-de-profissoes-destinada-a-estudantes-de-escolas-de-joao-pessoa\/\">Leia Mais&#8230;<\/a><\/p>\n","protected":false},"author":8,"featured_media":10208,"comment_status":"closed","ping_status":"closed","sticky":false,"template":"","format":"standard","meta":{"footnotes":""},"categories":[3,11],"tags":[],"class_list":["post-10202","post","type-post","status-publish","format-standard","has-post-thumbnail","hentry","category-noticias","category-noticias-destaque-img"],"jetpack_featured_media_url":"https:\/\/centros.uepb.edu.br\/ccbsa\/files\/2023\/09\/WhatsApp-Image-2023-09-05-at-10.31.25.png","_links":{"self":[{"href":"https:\/\/centros.uepb.edu.br\/ccbsa\/wp-json\/wp\/v2\/posts\/10202","targetHints":{"allow":["GET"]}}],"collection":[{"href":"https:\/\/centros.uepb.edu.br\/ccbsa\/wp-json\/wp\/v2\/posts"}],"about":[{"href":"https:\/\/centros.uepb.edu.br\/ccbsa\/wp-json\/wp\/v2\/types\/post"}],"author":[{"embeddable":true,"href":"https:\/\/centros.uepb.edu.br\/ccbsa\/wp-json\/wp\/v2\/users\/8"}],"replies":[{"embeddable":true,"href":"https:\/\/centros.uepb.edu.br\/ccbsa\/wp-json\/wp\/v2\/comments?post=10202"}],"version-history":[{"count":0,"href":"https:\/\/centros.uepb.edu.br\/ccbsa\/wp-json\/wp\/v2\/posts\/10202\/revisions"}],"wp:featuredmedia":[{"embeddable":true,"href":"https:\/\/centros.uepb.edu.br\/ccbsa\/wp-json\/wp\/v2\/media\/10208"}],"wp:attachment":[{"href":"https:\/\/centros.uepb.edu.br\/ccbsa\/wp-json\/wp\/v2\/media?parent=10202"}],"wp:term":[{"taxonomy":"category","embeddable":true,"href":"https:\/\/centros.uepb.edu.br\/ccbsa\/wp-json\/wp\/v2\/categories?post=10202"},{"taxonomy":"post_tag","embeddable":true,"href":"https:\/\/centros.uepb.edu.br\/ccbsa\/wp-json\/wp\/v2\/tags?post=10202"}],"curies":[{"name":"wp","href":"https:\/\/api.w.org\/{rel}","templated":true}]}}