{"id":10196,"date":"2023-09-04T16:53:05","date_gmt":"2023-09-04T16:53:05","guid":{"rendered":"https:\/\/centros.uepb.edu.br\/ccbsa\/?p=10196"},"modified":"2023-09-04T16:53:05","modified_gmt":"2023-09-04T16:53:05","slug":"docente-refugiado-atendido-por-programa-da-capes-inicia-as-atividades-em-curso-de-pos-graduacao-da-uepb","status":"publish","type":"post","link":"https:\/\/centros.uepb.edu.br\/ccbsa\/docente-refugiado-atendido-por-programa-da-capes-inicia-as-atividades-em-curso-de-pos-graduacao-da-uepb\/","title":{"rendered":"Docente refugiado atendido por programa da Capes inicia as atividades em curso de p\u00f3s-gradua\u00e7\u00e3o da UEPB"},"content":{"rendered":"\n\t\t<style type=\"text\/css\">\n\t\t\t#gallery-1 {\n\t\t\t\tmargin: auto;\n\t\t\t}\n\t\t\t#gallery-1 .gallery-item {\n\t\t\t\tfloat: left;\n\t\t\t\tmargin-top: 10px;\n\t\t\t\ttext-align: center;\n\t\t\t\twidth: 33%;\n\t\t\t}\n\t\t\t#gallery-1 img {\n\t\t\t\tborder: 2px solid #cfcfcf;\n\t\t\t}\n\t\t\t#gallery-1 .gallery-caption {\n\t\t\t\tmargin-left: 0;\n\t\t\t}\n\t\t\t\/* see gallery_shortcode() in wp-includes\/media.php *\/\n\t\t<\/style>\n\t\t<div id='gallery-1' class='gallery galleryid-10196 gallery-columns-3 gallery-size-full'><dl class='gallery-item'>\n\t\t\t<dt class='gallery-icon landscape'>\n\t\t\t\t<a href='https:\/\/centros.uepb.edu.br\/ccbsa\/files\/2023\/09\/IMG_8582.png'><img loading=\"lazy\" decoding=\"async\" width=\"1200\" height=\"680\" src=\"https:\/\/centros.uepb.edu.br\/ccbsa\/files\/2023\/09\/IMG_8582.png\" class=\"attachment-full size-full\" alt=\"\" srcset=\"https:\/\/centros.uepb.edu.br\/ccbsa\/files\/2023\/09\/IMG_8582.png 1200w, https:\/\/centros.uepb.edu.br\/ccbsa\/files\/2023\/09\/IMG_8582-300x170.png 300w, https:\/\/centros.uepb.edu.br\/ccbsa\/files\/2023\/09\/IMG_8582-1120x635.png 1120w\" sizes=\"auto, (max-width: 1200px) 100vw, 1200px\" \/><\/a>\n\t\t\t<\/dt><\/dl><dl class='gallery-item'>\n\t\t\t<dt class='gallery-icon landscape'>\n\t\t\t\t<a href='https:\/\/centros.uepb.edu.br\/ccbsa\/files\/2023\/09\/IMG_8581.png'><img loading=\"lazy\" decoding=\"async\" width=\"1200\" height=\"680\" src=\"https:\/\/centros.uepb.edu.br\/ccbsa\/files\/2023\/09\/IMG_8581.png\" class=\"attachment-full size-full\" alt=\"\" srcset=\"https:\/\/centros.uepb.edu.br\/ccbsa\/files\/2023\/09\/IMG_8581.png 1200w, https:\/\/centros.uepb.edu.br\/ccbsa\/files\/2023\/09\/IMG_8581-300x170.png 300w, https:\/\/centros.uepb.edu.br\/ccbsa\/files\/2023\/09\/IMG_8581-1120x635.png 1120w\" sizes=\"auto, (max-width: 1200px) 100vw, 1200px\" \/><\/a>\n\t\t\t<\/dt><\/dl><dl class='gallery-item'>\n\t\t\t<dt class='gallery-icon landscape'>\n\t\t\t\t<a href='https:\/\/centros.uepb.edu.br\/ccbsa\/files\/2023\/09\/IMG_8584.png'><img loading=\"lazy\" decoding=\"async\" width=\"1200\" height=\"707\" src=\"https:\/\/centros.uepb.edu.br\/ccbsa\/files\/2023\/09\/IMG_8584.png\" class=\"attachment-full size-full\" alt=\"\" srcset=\"https:\/\/centros.uepb.edu.br\/ccbsa\/files\/2023\/09\/IMG_8584.png 1200w, https:\/\/centros.uepb.edu.br\/ccbsa\/files\/2023\/09\/IMG_8584-300x177.png 300w, https:\/\/centros.uepb.edu.br\/ccbsa\/files\/2023\/09\/IMG_8584-1120x660.png 1120w\" sizes=\"auto, (max-width: 1200px) 100vw, 1200px\" \/><\/a>\n\t\t\t<\/dt><\/dl><br style=\"clear: both\" \/><dl class='gallery-item'>\n\t\t\t<dt class='gallery-icon landscape'>\n\t\t\t\t<a href='https:\/\/centros.uepb.edu.br\/ccbsa\/files\/2023\/09\/IMG_8578.png'><img loading=\"lazy\" decoding=\"async\" width=\"1200\" height=\"719\" src=\"https:\/\/centros.uepb.edu.br\/ccbsa\/files\/2023\/09\/IMG_8578.png\" class=\"attachment-full size-full\" alt=\"\" srcset=\"https:\/\/centros.uepb.edu.br\/ccbsa\/files\/2023\/09\/IMG_8578.png 1200w, https:\/\/centros.uepb.edu.br\/ccbsa\/files\/2023\/09\/IMG_8578-300x180.png 300w, https:\/\/centros.uepb.edu.br\/ccbsa\/files\/2023\/09\/IMG_8578-1120x671.png 1120w\" sizes=\"auto, (max-width: 1200px) 100vw, 1200px\" \/><\/a>\n\t\t\t<\/dt><\/dl>\n\t\t\t<br style='clear: both' \/>\n\t\t<\/div>\n\n<p>Com o objetivo de oportunizar a internacionaliza\u00e7\u00e3o dos programas de p\u00f3s-gradua\u00e7\u00e3o da Universidade Estadual da Para\u00edba (UEPB) e atuar no \u00e2mbito do Programa Emergencial de Solidariedade Acad\u00eamica da Coordena\u00e7\u00e3o de Aperfei\u00e7oamento de Pessoal de N\u00edvel Superior (Capes) a UEPB recebeu, recentemente, um pesquisador refugiado que deve atuar como professor visitante no Programa de P\u00f3s-gradua\u00e7\u00e3o em Rela\u00e7\u00f5es Internacionais (PPGRI) da UEPB.<\/p>\n<p>O professor Juma Rasuli, do Afeganist\u00e3o, que \u00e9 doutor em economia politica internacional com expertise em g\u00eanero e meio ambiente iniciou, recentemente, as atividades no PPGRI. Al\u00e9m dele, o edital proporcionou a sele\u00e7\u00e3o da doutora em literatura e linguistica Klara Schenkel que realizar\u00e1 o p\u00f3s-doutorado na UEPB e auxiliar\u00e1 o professor Juma Rasuli no processo de integra\u00e7\u00e3o e realiza\u00e7\u00e3o da pesquisa.<\/p>\n<p>De acordo com a coordenadora adjunta do PPGRI, professora Andrea Pacheco Pac\u00edfico, essa iniciativa possibilita novos olhares para as pesquisas do PPGRI e enriquece o trabalho desempenhado pelo N\u00facleo de Estudo e Pesquisa sobre Deslocados Ambientais (NEPDA). Na quarta-feira (30) o referido docente esteve em reuni\u00e3o com a equipe do NEPDA para um planejamento das atividades a serem realizadas.<\/p>\n<p>\u201cEm 2022 a Capes abriu o edital de solidariedade acad\u00eamica para selecionar refugiados ou migrantes com visto de acolhida humanit\u00e1ria, detentores do t\u00edtulo de doutorado, para lecionar como professor visitante em universidades brasileiras. Fizemos a proposta e fomos agraciados com a sele\u00e7\u00e3o do professor Juma Rasuli, que nos auxiliar\u00e1 nas discuss\u00f5es no grupo de pesquisa sobre Religi\u00e3o e RI, pois ele \u00e9 mu\u00e7ulmano, de cultura e idioma persa. Ele tamb\u00e9m ser\u00e1 fundamental na \u00e1rea de economia politica internacional e contribuir\u00e1 nos di\u00e1logos com o NEPDA, pois ele saiu da \u00cdndia com solicita\u00e7\u00e3o da condi\u00e7\u00e3o de refugiado, tendo registrado-se no Brasil como migrante com visto de acolhida humanit\u00e1ria. Em 2021, o Talib\u00e3 tomou o poder no Afeganist\u00e3o, aplicando a lei religiosa de forma radical, proibindo mulheres e meninas de trabalhar, estudar e andar sozinha na rua sem a presen\u00e7a de homem e sem a burca, uma mudan\u00e7a de cultura e realidade que foi um divisor de \u00e1guas para o professor Juma Rasuli e sua fam\u00edlia, que fez com que ele trouxesse mulher e duas filhas para o Brasil\u201d, explica a professora Andrea.<\/p>\n<p>A vinda dos docentes refugiados \u00e0 UEPB foi fruto da aprova\u00e7\u00e3o do projeto enviado pela Institui\u00e7\u00e3o, no final de 2022 no edital 30\/2022\/CAPES, ap\u00f3s concorrer com institui\u00e7\u00f5es de todo o pa\u00eds. Em mar\u00e7o de 2023 Conselho Universit\u00e1rio (Consuni) da UEPB aprovou, por unanimidade, a cria\u00e7\u00e3o de resolu\u00e7\u00e3o para atender o edital de solidariedade acad\u00eamica da Capes, e recentemente, os pesquisadores selecionados iniciaram o trabalho de dois anos nos programas de p\u00f3s-gradua\u00e7\u00e3o da Institui\u00e7\u00e3o.<\/p>\n<p>Esta iniciativa se coaduna a outras a\u00e7\u00f5es implementadas na UEPB com vista \u00e0 acolhida de imigrantes na Institui\u00e7\u00e3o. A Resolu\u00e7\u00e3o Consuni\/UEPB\/0303\/2019, por exemplo, garante o ingresso facilitado de imigrantes com visto humanit\u00e1rio, refugiados e ap\u00e1tridas para preencher vagas remanescentes dos cursos de gradua\u00e7\u00e3o. Al\u00e9m disso, s\u00e3o desenvolvidos alguns projetos, sobretudo no \u00e2mbito do curso de Rela\u00e7\u00f5es Internacionais, com foco neste p\u00fablico, como \u00e9 o caso do programa de ensino do portugu\u00eas como l\u00edngua de acolhimento, auxilio na tradu\u00e7\u00e3o de documentos, revalida\u00e7\u00e3o de diplomas, dentre outras a\u00e7\u00f5es.<\/p>\n<p>Texto: Juliana Marques.<\/p>\n","protected":false},"excerpt":{"rendered":"<p>Com o objetivo de oportunizar a internacionaliza\u00e7\u00e3o dos programas de p\u00f3s-gradua\u00e7\u00e3o da Universidade Estadual da Para\u00edba (UEPB) e atuar no \u00e2mbito do Programa Emergencial de Solidariedade Acad\u00eamica da Coordena\u00e7\u00e3o de Aperfei\u00e7oamento de Pessoal de N\u00edvel Superior (Capes) a UEPB recebeu, recentemente, um pesquisador refugiado que deve atuar como professor visitante no Programa de P\u00f3s-gradua\u00e7\u00e3o em <a class=\"leiamais\" href=\"https:\/\/centros.uepb.edu.br\/ccbsa\/docente-refugiado-atendido-por-programa-da-capes-inicia-as-atividades-em-curso-de-pos-graduacao-da-uepb\/\">Leia Mais&#8230;<\/a><\/p>\n","protected":false},"author":8,"featured_media":10199,"comment_status":"closed","ping_status":"closed","sticky":false,"template":"","format":"standard","meta":{"footnotes":""},"categories":[3,11],"tags":[],"class_list":["post-10196","post","type-post","status-publish","format-standard","has-post-thumbnail","hentry","category-noticias","category-noticias-destaque-img"],"jetpack_featured_media_url":"https:\/\/centros.uepb.edu.br\/ccbsa\/files\/2023\/09\/IMG_8582.png","_links":{"self":[{"href":"https:\/\/centros.uepb.edu.br\/ccbsa\/wp-json\/wp\/v2\/posts\/10196","targetHints":{"allow":["GET"]}}],"collection":[{"href":"https:\/\/centros.uepb.edu.br\/ccbsa\/wp-json\/wp\/v2\/posts"}],"about":[{"href":"https:\/\/centros.uepb.edu.br\/ccbsa\/wp-json\/wp\/v2\/types\/post"}],"author":[{"embeddable":true,"href":"https:\/\/centros.uepb.edu.br\/ccbsa\/wp-json\/wp\/v2\/users\/8"}],"replies":[{"embeddable":true,"href":"https:\/\/centros.uepb.edu.br\/ccbsa\/wp-json\/wp\/v2\/comments?post=10196"}],"version-history":[{"count":0,"href":"https:\/\/centros.uepb.edu.br\/ccbsa\/wp-json\/wp\/v2\/posts\/10196\/revisions"}],"wp:featuredmedia":[{"embeddable":true,"href":"https:\/\/centros.uepb.edu.br\/ccbsa\/wp-json\/wp\/v2\/media\/10199"}],"wp:attachment":[{"href":"https:\/\/centros.uepb.edu.br\/ccbsa\/wp-json\/wp\/v2\/media?parent=10196"}],"wp:term":[{"taxonomy":"category","embeddable":true,"href":"https:\/\/centros.uepb.edu.br\/ccbsa\/wp-json\/wp\/v2\/categories?post=10196"},{"taxonomy":"post_tag","embeddable":true,"href":"https:\/\/centros.uepb.edu.br\/ccbsa\/wp-json\/wp\/v2\/tags?post=10196"}],"curies":[{"name":"wp","href":"https:\/\/api.w.org\/{rel}","templated":true}]}}