{"id":10185,"date":"2023-08-28T20:18:55","date_gmt":"2023-08-28T20:18:55","guid":{"rendered":"https:\/\/centros.uepb.edu.br\/ccbsa\/?p=10185"},"modified":"2023-08-28T20:19:53","modified_gmt":"2023-08-28T20:19:53","slug":"docentes-e-gestores-do-mestrado-em-gestao-de-documentos-e-governanca-arquivistica-realizam-planejamento-de-acoes","status":"publish","type":"post","link":"https:\/\/centros.uepb.edu.br\/ccbsa\/docentes-e-gestores-do-mestrado-em-gestao-de-documentos-e-governanca-arquivistica-realizam-planejamento-de-acoes\/","title":{"rendered":"Docentes e gestores do Mestrado em Gest\u00e3o de Documentos e Governan\u00e7a Arquiv\u00edstica realizam planejamento de a\u00e7\u00f5es"},"content":{"rendered":"\n\t\t<style type=\"text\/css\">\n\t\t\t#gallery-1 {\n\t\t\t\tmargin: auto;\n\t\t\t}\n\t\t\t#gallery-1 .gallery-item {\n\t\t\t\tfloat: left;\n\t\t\t\tmargin-top: 10px;\n\t\t\t\ttext-align: center;\n\t\t\t\twidth: 33%;\n\t\t\t}\n\t\t\t#gallery-1 img {\n\t\t\t\tborder: 2px solid #cfcfcf;\n\t\t\t}\n\t\t\t#gallery-1 .gallery-caption {\n\t\t\t\tmargin-left: 0;\n\t\t\t}\n\t\t\t\/* see gallery_shortcode() in wp-includes\/media.php *\/\n\t\t<\/style>\n\t\t<div id='gallery-1' class='gallery galleryid-10185 gallery-columns-3 gallery-size-full'><dl class='gallery-item'>\n\t\t\t<dt class='gallery-icon landscape'>\n\t\t\t\t<a href='https:\/\/centros.uepb.edu.br\/ccbsa\/files\/2023\/08\/IMG_8550.png'><img loading=\"lazy\" decoding=\"async\" width=\"1200\" height=\"741\" src=\"https:\/\/centros.uepb.edu.br\/ccbsa\/files\/2023\/08\/IMG_8550.png\" class=\"attachment-full size-full\" alt=\"\" srcset=\"https:\/\/centros.uepb.edu.br\/ccbsa\/files\/2023\/08\/IMG_8550.png 1200w, https:\/\/centros.uepb.edu.br\/ccbsa\/files\/2023\/08\/IMG_8550-300x185.png 300w, https:\/\/centros.uepb.edu.br\/ccbsa\/files\/2023\/08\/IMG_8550-1120x692.png 1120w\" sizes=\"auto, (max-width: 1200px) 100vw, 1200px\" \/><\/a>\n\t\t\t<\/dt><\/dl><dl class='gallery-item'>\n\t\t\t<dt class='gallery-icon landscape'>\n\t\t\t\t<a href='https:\/\/centros.uepb.edu.br\/ccbsa\/files\/2023\/08\/IMG_8561.png'><img loading=\"lazy\" decoding=\"async\" width=\"1200\" height=\"680\" src=\"https:\/\/centros.uepb.edu.br\/ccbsa\/files\/2023\/08\/IMG_8561.png\" class=\"attachment-full size-full\" alt=\"\" srcset=\"https:\/\/centros.uepb.edu.br\/ccbsa\/files\/2023\/08\/IMG_8561.png 1200w, https:\/\/centros.uepb.edu.br\/ccbsa\/files\/2023\/08\/IMG_8561-300x170.png 300w, https:\/\/centros.uepb.edu.br\/ccbsa\/files\/2023\/08\/IMG_8561-1120x635.png 1120w\" sizes=\"auto, (max-width: 1200px) 100vw, 1200px\" \/><\/a>\n\t\t\t<\/dt><\/dl>\n\t\t\t<br style='clear: both' \/>\n\t\t<\/div>\n\n<p>Com o objetivo de alinhar as atividades, dialogar sobre os detalhes do edital de abertura das inscri\u00e7\u00f5es e planejar as a\u00e7\u00f5es, a equipe de docentes e gestores da Universidade Estadual da Para\u00edba (UEPB) e Universidade Federal da Para\u00edba (UEPB) que atua, de forma colaborativa, na instala\u00e7\u00e3o do Programa de P\u00f3s-gradua\u00e7\u00e3o em Gest\u00e3o de Documentos e Governan\u00e7a Arquiv\u00edstica (PPGDARQ) aprovado recentemente pela Coordena\u00e7\u00e3o de Pessoa de N\u00edvel Superior (Capes), esteve reunida na manh\u00e3 da \u00faltima sexta-feira (25), na sala Marielle Franco do curso de Arquivologia da UEPB.<\/p>\n<p>De acordo com o pro-reitor de p\u00f3s-gradua\u00e7\u00e3o e pesquisa da UEPB, professor Francisco Jaime, a reuni\u00e3o foi importante para tra\u00e7ar o in\u00edcio das atividades e planejamento do curso.<\/p>\n<p>\u201cFoi a primeira reuni\u00e3o de planejamento do nosso novo mestrado. E como n\u00e3o podia ser diferente, foi uma reuni\u00e3o conjunta, envolvendo as duas institui\u00e7\u00f5es associadas. Discutimos a cria\u00e7\u00e3o da p\u00e1gina institucional do Programa, o funcionamento, o processo de autoavalia\u00e7\u00e3o, e planejamento estrat\u00e9gico, al\u00e9m do processo seletivo para a primeira turma. \u00c9 important\u00edssimo que ocorram com periodicidade reuni\u00f5es dessa natureza em cursos em rede, em associa\u00e7\u00e3o, para que se possa alinhar as atividades e ajustar as naturais diferen\u00e7as que existem entre os funcionamentos das duas Institui\u00e7\u00f5es permitindo, assim, que as atividades ocorram com a devida e necess\u00e1ria fluidez\u201d, avalia o pro-reitor.<\/p>\n<p>O PPGDARQ conta com duas linhas de pesquisa: \u201cArquivologia e suas dimens\u00f5es interdisciplinares\u201d e \u201cSaberes e Fazeres Arquiv\u00edsticos para a Governan\u00e7a\u201d. Ap\u00f3s a aprova\u00e7\u00e3o do curso, a perspectiva \u00e9 que no \u00faltimo trimestre de 2023 seja divulgado o edital de sele\u00e7\u00e3o para as 20 vagas que ser\u00e3o ofertadas, e as aulas sejam iniciadas entre fevereiro e mar\u00e7o de 2024.<\/p>\n<p>Texto: Juliana Marques<\/p>\n","protected":false},"excerpt":{"rendered":"<p>Com o objetivo de alinhar as atividades, dialogar sobre os detalhes do edital de abertura das inscri\u00e7\u00f5es e planejar as a\u00e7\u00f5es, a equipe de docentes e gestores da Universidade Estadual da Para\u00edba (UEPB) e Universidade Federal da Para\u00edba (UEPB) que atua, de forma colaborativa, na instala\u00e7\u00e3o do Programa de P\u00f3s-gradua\u00e7\u00e3o em Gest\u00e3o de Documentos e <a class=\"leiamais\" href=\"https:\/\/centros.uepb.edu.br\/ccbsa\/docentes-e-gestores-do-mestrado-em-gestao-de-documentos-e-governanca-arquivistica-realizam-planejamento-de-acoes\/\">Leia Mais&#8230;<\/a><\/p>\n","protected":false},"author":8,"featured_media":10187,"comment_status":"closed","ping_status":"closed","sticky":false,"template":"","format":"standard","meta":{"footnotes":""},"categories":[3,11],"tags":[],"class_list":["post-10185","post","type-post","status-publish","format-standard","has-post-thumbnail","hentry","category-noticias","category-noticias-destaque-img"],"jetpack_featured_media_url":"https:\/\/centros.uepb.edu.br\/ccbsa\/files\/2023\/08\/IMG_8561.png","_links":{"self":[{"href":"https:\/\/centros.uepb.edu.br\/ccbsa\/wp-json\/wp\/v2\/posts\/10185","targetHints":{"allow":["GET"]}}],"collection":[{"href":"https:\/\/centros.uepb.edu.br\/ccbsa\/wp-json\/wp\/v2\/posts"}],"about":[{"href":"https:\/\/centros.uepb.edu.br\/ccbsa\/wp-json\/wp\/v2\/types\/post"}],"author":[{"embeddable":true,"href":"https:\/\/centros.uepb.edu.br\/ccbsa\/wp-json\/wp\/v2\/users\/8"}],"replies":[{"embeddable":true,"href":"https:\/\/centros.uepb.edu.br\/ccbsa\/wp-json\/wp\/v2\/comments?post=10185"}],"version-history":[{"count":0,"href":"https:\/\/centros.uepb.edu.br\/ccbsa\/wp-json\/wp\/v2\/posts\/10185\/revisions"}],"wp:featuredmedia":[{"embeddable":true,"href":"https:\/\/centros.uepb.edu.br\/ccbsa\/wp-json\/wp\/v2\/media\/10187"}],"wp:attachment":[{"href":"https:\/\/centros.uepb.edu.br\/ccbsa\/wp-json\/wp\/v2\/media?parent=10185"}],"wp:term":[{"taxonomy":"category","embeddable":true,"href":"https:\/\/centros.uepb.edu.br\/ccbsa\/wp-json\/wp\/v2\/categories?post=10185"},{"taxonomy":"post_tag","embeddable":true,"href":"https:\/\/centros.uepb.edu.br\/ccbsa\/wp-json\/wp\/v2\/tags?post=10185"}],"curies":[{"name":"wp","href":"https:\/\/api.w.org\/{rel}","templated":true}]}}