{"id":10165,"date":"2023-08-24T15:35:21","date_gmt":"2023-08-24T15:35:21","guid":{"rendered":"https:\/\/centros.uepb.edu.br\/ccbsa\/?p=10165"},"modified":"2023-08-24T15:35:21","modified_gmt":"2023-08-24T15:35:21","slug":"campus-de-joao-pessoa-divulga-programacao-alusiva-aos-17-anos-de-fundacao-com-lancamento-de-campanha","status":"publish","type":"post","link":"https:\/\/centros.uepb.edu.br\/ccbsa\/campus-de-joao-pessoa-divulga-programacao-alusiva-aos-17-anos-de-fundacao-com-lancamento-de-campanha\/","title":{"rendered":"C\u00e2mpus de Jo\u00e3o Pessoa divulga programa\u00e7\u00e3o alusiva aos 17 anos de funda\u00e7\u00e3o com lan\u00e7amento de campanha"},"content":{"rendered":"<p><a href=\"https:\/\/centros.uepb.edu.br\/ccbsa\/files\/2022\/08\/IMG_4868-13-1.jpg\"><img loading=\"lazy\" decoding=\"async\" class=\"aligncenter size-full wp-image-9211 img-responsive\" src=\"https:\/\/centros.uepb.edu.br\/ccbsa\/files\/2022\/08\/IMG_4868-13-1.jpg\" alt=\"\" width=\"1200\" height=\"680\" srcset=\"https:\/\/centros.uepb.edu.br\/ccbsa\/files\/2022\/08\/IMG_4868-13-1.jpg 1200w, https:\/\/centros.uepb.edu.br\/ccbsa\/files\/2022\/08\/IMG_4868-13-1-300x170.jpg 300w, https:\/\/centros.uepb.edu.br\/ccbsa\/files\/2022\/08\/IMG_4868-13-1-1120x635.jpg 1120w\" sizes=\"auto, (max-width: 1200px) 100vw, 1200px\" \/><\/a><\/p>\n<p>Com 17 anos de funcionamento, o C\u00e2mpus V da Universidade Estadual da Para\u00edba (UEPB) promove, na segunda-feira, 28 de agosto, algumas atividades que celebram o anivers\u00e1rio de funda\u00e7\u00e3o do Centro de Ci\u00eancias Biol\u00f3gicas e Sociais Aplicadas (CCBSA) e s\u00e3o destinadas a toda a comunidade acad\u00eamica. Dentre estas a\u00e7\u00f5es, est\u00e1 a mesa \u201cGentileza e paz: onde se encontram\u201d, que ser\u00e1 realizada no dia 28, \u00e0s 9 e 19h, no hall do bloco de salas de aula do CCBSA onde tamb\u00e9m ser\u00e1 montado um stand do projeto de extens\u00e3o \u201cRede de produ\u00e7\u00e3o e adapta\u00e7\u00e3o de materiais informacionais na Biblioteca do Campus V por meio da Comiss\u00e3o de Acessibilidade e Inclus\u00e3o em Ambientes das Bibliotecas da UEPB\u201d.<\/p>\n<p>Integra a programa\u00e7\u00e3o de anivers\u00e1rio do CCBSA a oficina \u201cVlex: base de dados na \u00e1rea de Direito\u201d, que ser\u00e1 realizada no dia 28, das 8 \u00e0s 9h, no laborat\u00f3rio de inform\u00e1tica do curso de Arquivologia, tendo como ministrante o gestor de conte\u00fado da Vlex, Leonardo Oliveira. Esta a\u00e7\u00e3o \u00e9 promovida pela Biblioteca Afonso Pereira e busca oferecer um aperfei\u00e7oamento na mais nova Base de Dados jur\u00eddicos adquirida pela UEPB que re\u00fane 1.500 t\u00edtulos de livros e revistas, jurisprud\u00eancias, legisla\u00e7\u00f5es, doutrinas, decis\u00f5es administrativas, dentre outros documentos. Os interessados em participar da atividade devem acessar um formul\u00e1rio eletr\u00f4nico (https:\/\/forms.gle\/vAtpAn7jjwRenbu28).<\/p>\n<p>Al\u00e9m desta a\u00e7\u00e3o, o Farpas deve realizar, a partir das 8h, uma vers\u00e3o do Drops Farpas, com a oficina FarpasZine, que ser\u00e1 ministrada pelo professor Vancarder Brito. Os integrantes v\u00e3o produzir um fanzine (contra\u00e7\u00e3o de fanatic e magazine, trata-se de uma publica\u00e7\u00e3o feita por pessoas em um determinado tema em comum) e a atividade deve ser realizada em um espa\u00e7o aberto, para que as pessoas possam acompanhar a oficina. Das 11 \u00e0s 12h haver\u00e1 uma apresenta\u00e7\u00e3o com o m\u00fasico Beto Tavares.<\/p>\n\n\t\t<style type=\"text\/css\">\n\t\t\t#gallery-1 {\n\t\t\t\tmargin: auto;\n\t\t\t}\n\t\t\t#gallery-1 .gallery-item {\n\t\t\t\tfloat: left;\n\t\t\t\tmargin-top: 10px;\n\t\t\t\ttext-align: center;\n\t\t\t\twidth: 33%;\n\t\t\t}\n\t\t\t#gallery-1 img {\n\t\t\t\tborder: 2px solid #cfcfcf;\n\t\t\t}\n\t\t\t#gallery-1 .gallery-caption {\n\t\t\t\tmargin-left: 0;\n\t\t\t}\n\t\t\t\/* see gallery_shortcode() in wp-includes\/media.php *\/\n\t\t<\/style>\n\t\t<div id='gallery-1' class='gallery galleryid-10165 gallery-columns-3 gallery-size-full'><dl class='gallery-item'>\n\t\t\t<dt class='gallery-icon portrait'>\n\t\t\t\t<a href='https:\/\/centros.uepb.edu.br\/ccbsa\/files\/2023\/08\/7.jpeg'><img loading=\"lazy\" decoding=\"async\" width=\"1024\" height=\"1280\" src=\"https:\/\/centros.uepb.edu.br\/ccbsa\/files\/2023\/08\/7.jpeg\" class=\"attachment-full size-full\" alt=\"\" srcset=\"https:\/\/centros.uepb.edu.br\/ccbsa\/files\/2023\/08\/7.jpeg 1024w, https:\/\/centros.uepb.edu.br\/ccbsa\/files\/2023\/08\/7-240x300.jpeg 240w, https:\/\/centros.uepb.edu.br\/ccbsa\/files\/2023\/08\/7-637x796.jpeg 637w\" sizes=\"auto, (max-width: 1024px) 100vw, 1024px\" \/><\/a>\n\t\t\t<\/dt><\/dl><dl class='gallery-item'>\n\t\t\t<dt class='gallery-icon portrait'>\n\t\t\t\t<a href='https:\/\/centros.uepb.edu.br\/ccbsa\/files\/2023\/08\/6.jpeg'><img loading=\"lazy\" decoding=\"async\" width=\"1024\" height=\"1280\" src=\"https:\/\/centros.uepb.edu.br\/ccbsa\/files\/2023\/08\/6.jpeg\" class=\"attachment-full size-full\" alt=\"\" srcset=\"https:\/\/centros.uepb.edu.br\/ccbsa\/files\/2023\/08\/6.jpeg 1024w, https:\/\/centros.uepb.edu.br\/ccbsa\/files\/2023\/08\/6-240x300.jpeg 240w, https:\/\/centros.uepb.edu.br\/ccbsa\/files\/2023\/08\/6-637x796.jpeg 637w\" sizes=\"auto, (max-width: 1024px) 100vw, 1024px\" \/><\/a>\n\t\t\t<\/dt><\/dl><dl class='gallery-item'>\n\t\t\t<dt class='gallery-icon portrait'>\n\t\t\t\t<a href='https:\/\/centros.uepb.edu.br\/ccbsa\/files\/2023\/08\/5.jpeg'><img loading=\"lazy\" decoding=\"async\" width=\"1024\" height=\"1280\" src=\"https:\/\/centros.uepb.edu.br\/ccbsa\/files\/2023\/08\/5.jpeg\" class=\"attachment-full size-full\" alt=\"\" srcset=\"https:\/\/centros.uepb.edu.br\/ccbsa\/files\/2023\/08\/5.jpeg 1024w, https:\/\/centros.uepb.edu.br\/ccbsa\/files\/2023\/08\/5-240x300.jpeg 240w, https:\/\/centros.uepb.edu.br\/ccbsa\/files\/2023\/08\/5-637x796.jpeg 637w\" sizes=\"auto, (max-width: 1024px) 100vw, 1024px\" \/><\/a>\n\t\t\t<\/dt><\/dl><br style=\"clear: both\" \/><dl class='gallery-item'>\n\t\t\t<dt class='gallery-icon portrait'>\n\t\t\t\t<a href='https:\/\/centros.uepb.edu.br\/ccbsa\/files\/2023\/08\/4.jpeg'><img loading=\"lazy\" decoding=\"async\" width=\"1024\" height=\"1280\" src=\"https:\/\/centros.uepb.edu.br\/ccbsa\/files\/2023\/08\/4.jpeg\" class=\"attachment-full size-full\" alt=\"\" srcset=\"https:\/\/centros.uepb.edu.br\/ccbsa\/files\/2023\/08\/4.jpeg 1024w, https:\/\/centros.uepb.edu.br\/ccbsa\/files\/2023\/08\/4-240x300.jpeg 240w, https:\/\/centros.uepb.edu.br\/ccbsa\/files\/2023\/08\/4-637x796.jpeg 637w\" sizes=\"auto, (max-width: 1024px) 100vw, 1024px\" \/><\/a>\n\t\t\t<\/dt><\/dl><dl class='gallery-item'>\n\t\t\t<dt class='gallery-icon portrait'>\n\t\t\t\t<a href='https:\/\/centros.uepb.edu.br\/ccbsa\/files\/2023\/08\/3.jpeg'><img loading=\"lazy\" decoding=\"async\" width=\"1024\" height=\"1280\" src=\"https:\/\/centros.uepb.edu.br\/ccbsa\/files\/2023\/08\/3.jpeg\" class=\"attachment-full size-full\" alt=\"\" srcset=\"https:\/\/centros.uepb.edu.br\/ccbsa\/files\/2023\/08\/3.jpeg 1024w, https:\/\/centros.uepb.edu.br\/ccbsa\/files\/2023\/08\/3-240x300.jpeg 240w, https:\/\/centros.uepb.edu.br\/ccbsa\/files\/2023\/08\/3-637x796.jpeg 637w\" sizes=\"auto, (max-width: 1024px) 100vw, 1024px\" \/><\/a>\n\t\t\t<\/dt><\/dl><dl class='gallery-item'>\n\t\t\t<dt class='gallery-icon portrait'>\n\t\t\t\t<a href='https:\/\/centros.uepb.edu.br\/ccbsa\/files\/2023\/08\/2.jpeg'><img loading=\"lazy\" decoding=\"async\" width=\"1024\" height=\"1280\" src=\"https:\/\/centros.uepb.edu.br\/ccbsa\/files\/2023\/08\/2.jpeg\" class=\"attachment-full size-full\" alt=\"\" srcset=\"https:\/\/centros.uepb.edu.br\/ccbsa\/files\/2023\/08\/2.jpeg 1024w, https:\/\/centros.uepb.edu.br\/ccbsa\/files\/2023\/08\/2-240x300.jpeg 240w, https:\/\/centros.uepb.edu.br\/ccbsa\/files\/2023\/08\/2-637x796.jpeg 637w\" sizes=\"auto, (max-width: 1024px) 100vw, 1024px\" \/><\/a>\n\t\t\t<\/dt><\/dl><br style=\"clear: both\" \/><dl class='gallery-item'>\n\t\t\t<dt class='gallery-icon portrait'>\n\t\t\t\t<a href='https:\/\/centros.uepb.edu.br\/ccbsa\/files\/2023\/08\/1.jpeg'><img loading=\"lazy\" decoding=\"async\" width=\"1024\" height=\"1280\" src=\"https:\/\/centros.uepb.edu.br\/ccbsa\/files\/2023\/08\/1.jpeg\" class=\"attachment-full size-full\" alt=\"\" srcset=\"https:\/\/centros.uepb.edu.br\/ccbsa\/files\/2023\/08\/1.jpeg 1024w, https:\/\/centros.uepb.edu.br\/ccbsa\/files\/2023\/08\/1-240x300.jpeg 240w, https:\/\/centros.uepb.edu.br\/ccbsa\/files\/2023\/08\/1-637x796.jpeg 637w\" sizes=\"auto, (max-width: 1024px) 100vw, 1024px\" \/><\/a>\n\t\t\t<\/dt><\/dl>\n\t\t\t<br style='clear: both' \/>\n\t\t<\/div>\n\n<p><strong>Sua gentileza contagia<\/strong><\/p>\n<p>Diante de um cen\u00e1rio global de propaga\u00e7\u00e3o de uma cultura de \u00f3dio e cancelamento, a partir de uma articula\u00e7\u00e3o entre dire\u00e7\u00e3o do CCBSA, N\u00facleo de Cria\u00e7\u00e3o da Coordenadoria de Comunica\u00e7\u00e3o (CODECOM) da UEPB, Projeto Universidade em A\u00e7\u00e3o (PUA), Projeto Farpas e Centros Acad\u00eamicos do C\u00e2mpus V, foi idealizada uma campanha que busca propagar na UEPB os conceitos e fundamentos pr\u00e1ticos de uma cultura de paz e comunica\u00e7\u00e3o n\u00e3o-violenta para ser a base das rela\u00e7\u00f5es a serem estabelecidas na Institui\u00e7\u00e3o.<\/p>\n<p>A partir disso, com o suporte te\u00f3rico da equipe do PUA e o envolvimento de estudantes, t\u00e9cnicos e docentes, a CODECOM p\u00f4de criar a campanha \u201cSua gentileza contagia\u201d que pretende, em v\u00e1rias etapas, apresentar os conceitos de cultura de paz e comunica\u00e7\u00e3o n\u00e3o-violenta, e disseminar, pelas plataformas sociais, rodas de conversa, exibi\u00e7\u00e3o de filmes, oficinas e eventos culturais, dentre outras interven\u00e7\u00f5es, condutas que consolidem na institui\u00e7\u00e3o um contexto no qual as rela\u00e7\u00f5es sejam amparadas pelo respeito, di\u00e1logo e gentileza.<\/p>\n<p>A roda de conversa de anivers\u00e1rio do CCBSA marca o in\u00edcio oficial desta campanha cujas a\u00e7\u00f5es est\u00e3o sendo idealizadas para atingir o m\u00e1ximo de pessoas da comunidade acad\u00eamica da UEPB e externas \u00e0 Institui\u00e7\u00e3o.<\/p>\n<p><strong>17 anos do C\u00e2mpus V<\/strong><\/p>\n<p>Com 17 anos desde a aula inaugural, em 28 de agosto de 2006, o C\u00e2mpus V da UEPB, inicialmente denominado Ministro Alcides Carneiro, atualmente chamado de Jos\u00e9 Lins do Rego, passou por diversas instala\u00e7\u00f5es e enfrentou desafios para consolidar os cursos de bacharelado em Arquivologia, Ci\u00eancias Biol\u00f3gicas e Rela\u00e7\u00f5es Internacionais, implantados nessa fase inicial e, a partir de 2009, a p\u00f3s-gradua\u00e7\u00e3o em Rela\u00e7\u00f5es Internacionais.<\/p>\n<p>Recentemente, foram incorporados ao CCBSA a licenciatura em Ci\u00eancias Biol\u00f3gicas e os cursos de Ci\u00eancia de Dados e An\u00e1lise e Desenvolvimento de Sistemas, desenvolvidos em parceria com a Secretaria de Estado da Ci\u00eancia, Tecnologia, Inova\u00e7\u00e3o e Ensino Superior (SECTIES) do Governo do Estado da Para\u00edba, integrados ao programa \u201cLimite do Vis\u00edvel\u201d. Al\u00e9m disso, foi aprovado o Programa de P\u00f3s-gradua\u00e7\u00e3o em Gest\u00e3o de Documentos e Governan\u00e7a Arquiv\u00edstica (PPGDARQ), uma iniciativa oferecida de forma associativa com a Universidade Federal da Para\u00edba (UFPB), no qual a UEPB \u00e9 a concedente, que deve lan\u00e7ar o primeiro edital no primeiro semestre de 2024.<\/p>\n<p>Desde sua cria\u00e7\u00e3o e ao longo de toda sua hist\u00f3ria, o Campus V, vem cumprindo seu papel fundamental na promo\u00e7\u00e3o do ensino, da pesquisa e da extens\u00e3o. Nessa esfera da educa\u00e7\u00e3o superior, o CCBSA tem o reconhecimento social como resultado de sua hist\u00f3rica contribui\u00e7\u00e3o, tanto para o avan\u00e7o cient\u00edfico, quanto para a forma\u00e7\u00e3o de quadros profissionais de excel\u00eancia para o Estado da Para\u00edba e para o restante do pa\u00eds, com destaque para a Regi\u00e3o Nordeste.<\/p>\n<p><em><strong>Texto:<\/strong> Juliana Marques<\/em><\/p>\n","protected":false},"excerpt":{"rendered":"<p>Com 17 anos de funcionamento, o C\u00e2mpus V da Universidade Estadual da Para\u00edba (UEPB) promove, na segunda-feira, 28 de agosto, algumas atividades que celebram o anivers\u00e1rio de funda\u00e7\u00e3o do Centro de Ci\u00eancias Biol\u00f3gicas e Sociais Aplicadas (CCBSA) e s\u00e3o destinadas a toda a comunidade acad\u00eamica. Dentre estas a\u00e7\u00f5es, est\u00e1 a mesa \u201cGentileza e paz: onde <a class=\"leiamais\" href=\"https:\/\/centros.uepb.edu.br\/ccbsa\/campus-de-joao-pessoa-divulga-programacao-alusiva-aos-17-anos-de-fundacao-com-lancamento-de-campanha\/\">Leia Mais&#8230;<\/a><\/p>\n","protected":false},"author":8,"featured_media":9211,"comment_status":"closed","ping_status":"closed","sticky":false,"template":"","format":"standard","meta":{"footnotes":""},"categories":[3,11],"tags":[],"class_list":["post-10165","post","type-post","status-publish","format-standard","has-post-thumbnail","hentry","category-noticias","category-noticias-destaque-img"],"jetpack_featured_media_url":"https:\/\/centros.uepb.edu.br\/ccbsa\/files\/2022\/08\/IMG_4868-13-1.jpg","_links":{"self":[{"href":"https:\/\/centros.uepb.edu.br\/ccbsa\/wp-json\/wp\/v2\/posts\/10165","targetHints":{"allow":["GET"]}}],"collection":[{"href":"https:\/\/centros.uepb.edu.br\/ccbsa\/wp-json\/wp\/v2\/posts"}],"about":[{"href":"https:\/\/centros.uepb.edu.br\/ccbsa\/wp-json\/wp\/v2\/types\/post"}],"author":[{"embeddable":true,"href":"https:\/\/centros.uepb.edu.br\/ccbsa\/wp-json\/wp\/v2\/users\/8"}],"replies":[{"embeddable":true,"href":"https:\/\/centros.uepb.edu.br\/ccbsa\/wp-json\/wp\/v2\/comments?post=10165"}],"version-history":[{"count":0,"href":"https:\/\/centros.uepb.edu.br\/ccbsa\/wp-json\/wp\/v2\/posts\/10165\/revisions"}],"wp:featuredmedia":[{"embeddable":true,"href":"https:\/\/centros.uepb.edu.br\/ccbsa\/wp-json\/wp\/v2\/media\/9211"}],"wp:attachment":[{"href":"https:\/\/centros.uepb.edu.br\/ccbsa\/wp-json\/wp\/v2\/media?parent=10165"}],"wp:term":[{"taxonomy":"category","embeddable":true,"href":"https:\/\/centros.uepb.edu.br\/ccbsa\/wp-json\/wp\/v2\/categories?post=10165"},{"taxonomy":"post_tag","embeddable":true,"href":"https:\/\/centros.uepb.edu.br\/ccbsa\/wp-json\/wp\/v2\/tags?post=10165"}],"curies":[{"name":"wp","href":"https:\/\/api.w.org\/{rel}","templated":true}]}}